{"id":121188,"date":"2019-11-09T12:44:04","date_gmt":"2019-11-09T11:44:04","guid":{"rendered":"http:\/\/gazdasagportal.hu\/?p=121188"},"modified":"2019-11-09T08:45:37","modified_gmt":"2019-11-09T07:45:37","slug":"michael-bloomberg-hivatalosan-is-bejelentette-hogy-indul-a-demokratak-elnokjeloltsegeert","status":"publish","type":"post","link":"https:\/\/gazdasagportal.hu\/index.php\/michael-bloomberg-hivatalosan-is-bejelentette-hogy-indul-a-demokratak-elnokjeloltsegeert\/","title":{"rendered":"Michael Bloomberg hivatalosan is bejelentette, hogy indul a demokrat\u00e1k eln\u00f6kjel\u00f6lts\u00e9g\u00e9\u00e9rt"},"content":{"rendered":"<p><strong>Michael Bloomberg amerikai \u00fczletember, volt New York-i polg\u00e1rmester hivatalosan is bejelentette p\u00e9nteken, hogy indul a Demokrata P\u00e1rt eln\u00f6kjel\u00f6lts\u00e9g\u00e9\u00e9rt.<\/strong><!--more--><\/p>\n<div class=\"ads-in-post1\"><div id=\"gazdasagportal.hu_fullbanner_wideboard\"><\/div>\r\n<\/div>\n<p>    A 77 \u00e9ves milli\u00e1rdos v\u00e1llalkoz\u00f3 m\u00e1r be is adta az eln\u00f6kjel\u00f6lts\u00e9g\u00e9rt folytatand\u00f3 k\u00fczdelemhez sz\u00fcks\u00e9ges dokumentumokat Alabam\u00e1ban.<br \/>\n    Bloomberg, aki m\u00e1rciusban m\u00e9g nagyon hat\u00e1rozottan \u00e1ll\u00edtotta, hogy nem indul a Demokrata P\u00e1rt eln\u00f6kjel\u00f6lts\u00e9g\u00e9\u00e9rt, s\u0151t, visszavonul a politik\u00e1t\u00f3l is, cs\u00fct\u00f6rt\u00f6k\u00f6n az egyik k\u00f6zeli munkat\u00e1rsa r\u00e9v\u00e9n tudatta \u00fajs\u00e1g\u00edr\u00f3kkal, hogy m\u00e9gis fontolgatja az indul\u00e1st. Howard Wolfson az amerikai sajt\u00f3hoz k\u00fcld\u00f6tt elektronikus level\u00e9ben akkor m\u00e9g azt \u00edrta, hogy a politikus m\u00e9g nem hozta meg a v\u00e9gleges d\u00f6nt\u00e9st.<br \/>\n    A milli\u00e1rdos Bloomberg p\u00e9ntek este, a hat\u00e1rid\u0151 lej\u00e1rta el\u0151tti \u00f3r\u00e1kban adta le a sz\u00fcks\u00e9ges dokumentumokat a d\u00e9li Alabam\u00e1ban. A The New York Times c\u00edm\u0171 lap elemz\u00e9se szerint d\u00f6nt\u00e9s\u00e9vel &#8222;felbomlasztja a demokrata eln\u00f6kjel\u00f6lt-aspir\u00e1nsok t\u00e1bor\u00e1t&#8221;.<br \/>\n<script async src=\"\/\/pagead2.googlesyndication.com\/pagead\/js\/adsbygoogle.js\"><\/script><br \/>\n<!-- 640x400 --><br \/>\n<ins class=\"adsbygoogle\"\n     style=\"display:inline-block;width:640px;height:400px\"\n     data-ad-client=\"ca-pub-1959107119989764\"\n     data-ad-slot=\"6491857550\"><\/ins><br \/>\n<script>\n(adsbygoogle = window.adsbygoogle || []).push({});\n<\/script><br \/>\n    Elemz\u0151k szerint nagyon nem hagyom\u00e1nyos v\u00e1laszt\u00e1si kamp\u00e1nyt folytat majd, \u00e9ppen az\u00e9rt, mert k\u00e9s\u0151n l\u00e9pett az eln\u00f6kjel\u00f6lts\u00e9gre p\u00e1ly\u00e1z\u00f3k soraiba. Amerikai lap\u00e9rtes\u00fcl\u00e9sek szerint a milli\u00e1rdos \u00e9s tan\u00e1csad\u00f3i \u00fagy d\u00f6nt\u00f6ttek: Bloomberg nem kamp\u00e1nyol abban a n\u00e9gy tag\u00e1llamban, ahol az els\u0151k k\u00f6z\u00f6tt szavaznak j\u00f6v\u0151re. Kihagyja teh\u00e1t, hogy kamp\u00e1nnyal gy\u0151zze meg Iowa, New Hampshire, Nevada \u00e9s D\u00e9l-Karolina szavaz\u00f3it. Helyette az \u00fagynevezett nagy \u00e1llamokra &#8211; teh\u00e1t azokra, amelyek sok elektort adnak, mint p\u00e9ld\u00e1ul Texas vagy Kalifornia &#8211; \u00f6sszpontos\u00edtja majd a figyelm\u00e9t \u00e9s a kamp\u00e1ny\u00e1t. Ezt a strat\u00e9gi\u00e1t p\u00e9nteken este kiadott k\u00f6zlem\u00e9ny\u00e9ben Howard Wolfson k\u00f6zvetve meger\u0151s\u00edtette. \u00dagy fogalmazott: &#8222;bizakodunk, hogy a szuperkedden voksol\u00f3 \u00e1llamokban megvetj\u00fck majd a l\u00e1bunkat&#8221;.<br \/>\n    A szuperkedden &#8211; amely m\u00e1rcius els\u0151 keddje &#8211; 12 tag\u00e1llamban voksolnak egyszerre.<br \/>\n    A v\u00e1rhat\u00f3 strat\u00e9gi\u00e1t t\u00f6bb komment\u00e1tor is t\u00fals\u00e1gosan kock\u00e1zatosnak tartja, ann\u00e1l is ink\u00e1bb, mert a Demokrata P\u00e1rt sajt\u00f3h\u00edrek szerint nem fogadja \u0151t \u00f6r\u00f6mmel. A The New York Times meg is eml\u00edtette: a p\u00e1rton bel\u00fcl er\u0151s k\u00e9ts\u00e9gek vannak azt illet\u0151en, hogy megvan-e Bloombergben a k\u00e9pess\u00e9g arra, hogy meggy\u0151zze a p\u00e1rt vezet\u0151 szem\u00e9lyis\u00e9geit eln\u00f6kjel\u00f6lti alkalmass\u00e1g\u00e1r\u00f3l.(MTI)<br \/>\n<div class=\"ads-in-post2\"><script async src=\"https:\/\/pagead2.googlesyndication.com\/pagead\/js\/adsbygoogle.js\"><\/script>\r\n<ins class=\"adsbygoogle\"\r\n     style=\"display:block\"\r\n     data-ad-format=\"fluid\"\r\n     data-ad-layout-key=\"-6t+ed+2i-1n-4w\"\r\n     data-ad-client=\"ca-pub-1959107119989764\"\r\n     data-ad-slot=\"4008251320\"><\/ins>\r\n<script>\r\n     (adsbygoogle = window.adsbygoogle || []).push({});\r\n<\/script><\/div>\n","protected":false},"excerpt":{"rendered":"<p>Michael Bloomberg amerikai \u00fczletember, volt New York-i polg\u00e1rmester hivatalosan is bejelentette p\u00e9nteken, hogy indul a Demokrata P\u00e1rt eln\u00f6kjel\u00f6lts\u00e9g\u00e9\u00e9rt.<\/p>\n","protected":false},"author":1001003,"featured_media":0,"comment_status":"closed","ping_status":"open","sticky":false,"template":"","format":"standard","meta":[],"categories":[13],"tags":[],"_links":{"self":[{"href":"https:\/\/gazdasagportal.hu\/index.php\/wp-json\/wp\/v2\/posts\/121188"}],"collection":[{"href":"https:\/\/gazdasagportal.hu\/index.php\/wp-json\/wp\/v2\/posts"}],"about":[{"href":"https:\/\/gazdasagportal.hu\/index.php\/wp-json\/wp\/v2\/types\/post"}],"author":[{"embeddable":true,"href":"https:\/\/gazdasagportal.hu\/index.php\/wp-json\/wp\/v2\/users\/1001003"}],"replies":[{"embeddable":true,"href":"https:\/\/gazdasagportal.hu\/index.php\/wp-json\/wp\/v2\/comments?post=121188"}],"version-history":[{"count":1,"href":"https:\/\/gazdasagportal.hu\/index.php\/wp-json\/wp\/v2\/posts\/121188\/revisions"}],"predecessor-version":[{"id":121189,"href":"https:\/\/gazdasagportal.hu\/index.php\/wp-json\/wp\/v2\/posts\/121188\/revisions\/121189"}],"wp:attachment":[{"href":"https:\/\/gazdasagportal.hu\/index.php\/wp-json\/wp\/v2\/media?parent=121188"}],"wp:term":[{"taxonomy":"category","embeddable":true,"href":"https:\/\/gazdasagportal.hu\/index.php\/wp-json\/wp\/v2\/categories?post=121188"},{"taxonomy":"post_tag","embeddable":true,"href":"https:\/\/gazdasagportal.hu\/index.php\/wp-json\/wp\/v2\/tags?post=121188"}],"curies":[{"name":"wp","href":"https:\/\/api.w.org\/{rel}","templated":true}]}}