{"id":121169,"date":"2019-11-08T14:58:16","date_gmt":"2019-11-08T13:58:16","guid":{"rendered":"http:\/\/gazdasagportal.hu\/?p=121169"},"modified":"2019-11-08T14:58:16","modified_gmt":"2019-11-08T13:58:16","slug":"brit-valasztasok-skot-miniszterelnok-jovore-ujabb-fuggetlensegi-nepszavazast-kell-tartani","status":"publish","type":"post","link":"https:\/\/gazdasagportal.hu\/index.php\/brit-valasztasok-skot-miniszterelnok-jovore-ujabb-fuggetlensegi-nepszavazast-kell-tartani\/","title":{"rendered":"Brit v\u00e1laszt\u00e1sok &#8211; Sk\u00f3t minisztereln\u00f6k: j\u00f6v\u0151re \u00fajabb f\u00fcggetlens\u00e9gi n\u00e9pszavaz\u00e1st kell tartani"},"content":{"rendered":"<p><strong>Sk\u00f3ci\u00e1ban j\u00f6v\u0151re \u00fajabb f\u00fcggetlens\u00e9gi n\u00e9pszavaz\u00e1st kell tartani, ha a sk\u00f3tok nem akarj\u00e1k, hogy Londonban d\u00f6ntsenek a sorsukr\u00f3l &#8211; mondta p\u00e9nteken a sk\u00f3t minisztereln\u00f6k.<\/strong><!--more--><\/p>\n<div class=\"ads-in-post2\"><script async src=\"https:\/\/pagead2.googlesyndication.com\/pagead\/js\/adsbygoogle.js\"><\/script>\r\n<ins class=\"adsbygoogle\"\r\n     style=\"display:block\"\r\n     data-ad-format=\"fluid\"\r\n     data-ad-layout-key=\"-6t+ed+2i-1n-4w\"\r\n     data-ad-client=\"ca-pub-1959107119989764\"\r\n     data-ad-slot=\"4008251320\"><\/ins>\r\n<script>\r\n     (adsbygoogle = window.adsbygoogle || []).push({});\r\n<\/script><\/div>\n<p>    Nicola Sturgeon, a Sk\u00f3ci\u00e1ban korm\u00e1nyz\u00f3, f\u00fcggetlens\u00e9gre t\u00f6rekv\u0151 Sk\u00f3t Nemzeti P\u00e1rt (SNP) vezet\u0151je az SNP hivatalos v\u00e1laszt\u00e1si kamp\u00e1nynyit\u00f3 nagygy\u0171l\u00e9s\u00e9n kijelentette azt is, hogy aki a december 12-re ki\u00edrt el\u0151rehozott orsz\u00e1gos parlamenti v\u00e1laszt\u00e1son az SNP-re szavaz, arra szavaz, hogy az Egyes\u00fclt Kir\u00e1lys\u00e1g az Eur\u00f3pai Uni\u00f3 tagja maradjon.<br \/>\n    Sturgeon szerint az SNP-nek m\u00e1r most is &#8222;k\u0151be v\u00e9sett felhatalmaz\u00e1sa&#8221; van az \u00fajabb f\u00fcggetlens\u00e9gi n\u00e9pszavaz\u00e1s ki\u00edr\u00e1s\u00e1ra, hiszen ez szerepelt a 2016-os sk\u00f3ciai parlamenti v\u00e1laszt\u00e1sokra kidolgozott programj\u00e1ban.<br \/>\n    Ennek alapj\u00e1n ha az SNP a mostani v\u00e1laszt\u00e1sokat megnyeri Sk\u00f3ci\u00e1ban, a k\u00e9rd\u00e9s nem az lesz, hogy a sk\u00f3t korm\u00e1ny mit tesz, ha London elveti az \u00fajabb n\u00e9pszavaz\u00e1s enged\u00e9lyez\u00e9s\u00e9t &#8211; amire Boris Johnson brit minisztereln\u00f6k m\u00e1r egyenes utal\u00e1st tett -, hanem az, hogy a brit korm\u00e1ny ezt milyen jogon tenn\u00e9 &#8211; mondta a sk\u00f3t korm\u00e1nyf\u0151 az edinburghi kamp\u00e1nynyit\u00f3 rendezv\u00e9nyen.<br \/>\n    Hozz\u00e1tette: a brit EU-tags\u00e1g megsz\u0171n\u00e9se (Brexit) szempontj\u00e1b\u00f3l gyakorlatilag mindegy, hogy az a Johnson \u00e1ltal el\u00e9rt meg\u00e1llapod\u00e1s, vagy a legnagyobb ellenz\u00e9ki er\u0151, a Munk\u00e1sp\u00e1rt vezet\u0151je, Jeremy Corbyn \u00e1ltal kil\u00e1t\u00e1sba helyezett \u00faj Brexit-egyezm\u00e9ny alapj\u00e1n t\u00f6rt\u00e9nik-e, hiszen Sk\u00f3ci\u00e1t mindk\u00e9t esetben akarata ellen\u00e9re l\u00e9ptetn\u00e9 ki az Eur\u00f3pai Uni\u00f3b\u00f3l a londoni korm\u00e1ny.<br \/>\n    Nicola Sturgeon ezzel arra utalt, hogy Jeremy Corbyn minap ismertetett v\u00e1laszt\u00e1si programra alapj\u00e1n ha a Munk\u00e1sp\u00e1rt megnyeri a decemberi v\u00e1laszt\u00e1sokat, els\u0151 dolga lesz egy \u00e9szszer\u0171 \u00faj Brexit-meg\u00e1llapod\u00e1s el\u00e9r\u00e9se az EU-val.<br \/>\n    Corbyn meg\u00edg\u00e9rte, hogy a Munk\u00e1sp\u00e1rt ezt az egyezm\u00e9nyt n\u00e9pszavaz\u00e1sra terjeszten\u00e9, a bennmarad\u00e1s lehet\u0151s\u00e9g\u00e9t is felk\u00edn\u00e1lva a szavaz\u00f3lapon. Azt azonban nem fedte fel, hogy az \u00e1ltala vezetett munk\u00e1sp\u00e1rti korm\u00e1ny e referendumon az \u00faj Brexit-egyezm\u00e9ny elfogad\u00e1sa vagy a bennmarad\u00e1s mellett kamp\u00e1nyolna.<br \/>\n    Nicola Sturgeon a Sk\u00f3t Nemzeti P\u00e1rt p\u00e9nteki kamp\u00e1nynyit\u00f3 gy\u0171l\u00e9s\u00e9n kijelentette, hogy Sk\u00f3cia sz\u00e1m\u00e1ra egy\u00e9rtelm\u0171en az SNP a bennmarad\u00e1st p\u00e1rtol\u00f3 er\u0151, az SNP-korm\u00e1ny c\u00e9lja az, hogy Sk\u00f3cia, s\u0151t az Egyes\u00fclt Kir\u00e1lys\u00e1g eg\u00e9sze az Eur\u00f3pai Uni\u00f3 tagja maradjon.<br \/>\n    A sk\u00f3t minisztereln\u00f6k hozz\u00e1tette: ennek \u00e9rdek\u00e9ben az SNP arra is hajland\u00f3, hogy &#8211; ha a decemberi orsz\u00e1gos parlamenti v\u00e1laszt\u00e1son nem szerez abszol\u00fat t\u00f6bbs\u00e9get egyetlen p\u00e1rt sem &#8211; m\u00e1s p\u00e1rtokkal Brexit-ellenes progressz\u00edv sz\u00f6vets\u00e9gre l\u00e9pjen, annak \u00e9rdek\u00e9ben, hogy a Boris Johnson vezette, jelenleg is kisebbs\u00e9gben korm\u00e1nyz\u00f3 Konzervat\u00edv P\u00e1rtot ki lehessen szor\u00edtani a hatalomb\u00f3l.<br \/>\n    Nicola Sturgeon kijelentette ugyanakkor: mindenekel\u0151tt az a c\u00e9lja, hogy a sk\u00f3t v\u00e1laszt\u00f3k j\u00f6v\u0151re \u00fajabb n\u00e9pszavaz\u00e1son d\u00f6nthessenek Sk\u00f3cia f\u00fcggetlenn\u00e9 v\u00e1l\u00e1s\u00e1r\u00f3l. A sk\u00f3t korm\u00e1nyf\u0151 szerint antidemokratikus \u00e9s fenntarthatatlan helyzetet teremtene, ha a londoni korm\u00e1ny ezt nem enged\u00e9lyezn\u00e9.<br \/>\n    Boris Johnson brit minisztereln\u00f6k t\u00f6bb \u00edzben &#8211; legut\u00f3bb cs\u00fct\u00f6rt\u00f6k\u00f6n, egy sk\u00f3ciai kamp\u00e1nyrendezv\u00e9nyen &#8211; egy\u00e9rtelm\u0171en jelezte, hogy nincs sz\u00e1nd\u00e9k\u00e1ban enged\u00e9lyezni a j\u00f6v\u0151 \u00e9vi \u00fajabb sk\u00f3ciai f\u00fcggetlens\u00e9gi n\u00e9pszavaz\u00e1st.<br \/>\n    A sk\u00f3ciai referendumot a Munk\u00e1sp\u00e1rt vezet\u0151je, Jeremy Corbyn, \u00e9s a harmadik legnagyobb orsz\u00e1gos parlamenti er\u0151, a Liber\u00e1lis Demokrat\u00e1k vezet\u0151je, Jo Swinson sem t\u00e1mogatja, j\u00f3llehet a liber\u00e1lis p\u00e1rt az SNP-hez hasonl\u00f3an a Brexit megakad\u00e1lyoz\u00e1s\u00e1ra t\u00f6rekszik.<br \/>\n    A sk\u00f3t f\u00fcggetlens\u00e9gr\u0151l 2014 szeptember\u00e9ben m\u00e1r tartottak egy n\u00e9pszavaz\u00e1st, de akkor az elszakad\u00e1st ellenz\u0151k gy\u0151ztek 55 sz\u00e1zal\u00e9kos t\u00f6bbs\u00e9ggel.<br \/>\n    A brit EU-tags\u00e1gr\u00f3l 2016 j\u00fanius\u00e1ban rendezett n\u00e9pszavaz\u00e1son orsz\u00e1gos \u00e1tlagban a r\u00e9sztvev\u0151k sz\u0171k, 51,89 sz\u00e1zal\u00e9kos t\u00f6bbs\u00e9ge a kil\u00e9p\u00e9sre, a sk\u00f3tok 62 sz\u00e1zal\u00e9ka viszont a bennmarad\u00e1sra voksolt, \u00e9s Nicola Sturgeon az\u00f3ta t\u00f6bbsz\u00f6r is kil\u00e1t\u00e1sba helyezte, hogy Sk\u00f3ci\u00e1ban \u00fajabb n\u00e9pszavaz\u00e1st tartanak a f\u00fcggetlens\u00e9gr\u0151l. A sk\u00f3t korm\u00e1nyf\u0151 visszat\u00e9r\u0151 \u00e9rvel\u00e9se szerint Sk\u00f3cia nem engedheti meg, hogy egy\u00e9rtelm\u0171en kinyilv\u00e1n\u00edtott bennmarad\u00e1si sz\u00e1nd\u00e9ka ellen\u00e9re &#8222;kir\u00e1ngass\u00e1k&#8221; az Eur\u00f3pai Uni\u00f3b\u00f3l.(MTI)<br \/>\n<div class=\"ads-in-post2\"><script async src=\"https:\/\/pagead2.googlesyndication.com\/pagead\/js\/adsbygoogle.js\"><\/script>\r\n<ins class=\"adsbygoogle\"\r\n     style=\"display:block\"\r\n     data-ad-format=\"fluid\"\r\n     data-ad-layout-key=\"-6t+ed+2i-1n-4w\"\r\n     data-ad-client=\"ca-pub-1959107119989764\"\r\n     data-ad-slot=\"4008251320\"><\/ins>\r\n<script>\r\n     (adsbygoogle = window.adsbygoogle || []).push({});\r\n<\/script><\/div>\n","protected":false},"excerpt":{"rendered":"<p>Sk\u00f3ci\u00e1ban j\u00f6v\u0151re \u00fajabb f\u00fcggetlens\u00e9gi n\u00e9pszavaz\u00e1st kell tartani, ha a sk\u00f3tok nem akarj\u00e1k, hogy Londonban d\u00f6ntsenek a sorsukr\u00f3l &#8211; mondta p\u00e9nteken a sk\u00f3t minisztereln\u00f6k.<\/p>\n","protected":false},"author":1,"featured_media":0,"comment_status":"closed","ping_status":"open","sticky":false,"template":"","format":"standard","meta":[],"categories":[12],"tags":[],"_links":{"self":[{"href":"https:\/\/gazdasagportal.hu\/index.php\/wp-json\/wp\/v2\/posts\/121169"}],"collection":[{"href":"https:\/\/gazdasagportal.hu\/index.php\/wp-json\/wp\/v2\/posts"}],"about":[{"href":"https:\/\/gazdasagportal.hu\/index.php\/wp-json\/wp\/v2\/types\/post"}],"author":[{"embeddable":true,"href":"https:\/\/gazdasagportal.hu\/index.php\/wp-json\/wp\/v2\/users\/1"}],"replies":[{"embeddable":true,"href":"https:\/\/gazdasagportal.hu\/index.php\/wp-json\/wp\/v2\/comments?post=121169"}],"version-history":[{"count":1,"href":"https:\/\/gazdasagportal.hu\/index.php\/wp-json\/wp\/v2\/posts\/121169\/revisions"}],"predecessor-version":[{"id":121170,"href":"https:\/\/gazdasagportal.hu\/index.php\/wp-json\/wp\/v2\/posts\/121169\/revisions\/121170"}],"wp:attachment":[{"href":"https:\/\/gazdasagportal.hu\/index.php\/wp-json\/wp\/v2\/media?parent=121169"}],"wp:term":[{"taxonomy":"category","embeddable":true,"href":"https:\/\/gazdasagportal.hu\/index.php\/wp-json\/wp\/v2\/categories?post=121169"},{"taxonomy":"post_tag","embeddable":true,"href":"https:\/\/gazdasagportal.hu\/index.php\/wp-json\/wp\/v2\/tags?post=121169"}],"curies":[{"name":"wp","href":"https:\/\/api.w.org\/{rel}","templated":true}]}}