{"id":121163,"date":"2019-11-08T11:41:02","date_gmt":"2019-11-08T10:41:02","guid":{"rendered":"http:\/\/gazdasagportal.hu\/?p=121163"},"modified":"2019-11-08T11:02:44","modified_gmt":"2019-11-08T10:02:44","slug":"amerikaban-nyertek-rangos-dijat-a-tungsram-nighthawk-fenyszoroi","status":"publish","type":"post","link":"https:\/\/gazdasagportal.hu\/index.php\/amerikaban-nyertek-rangos-dijat-a-tungsram-nighthawk-fenyszoroi\/","title":{"rendered":"Amerik\u00e1ban nyertek rangos d\u00edjat a Tungsram Nighthawk f\u00e9nysz\u00f3r\u00f3i"},"content":{"rendered":"<p><strong>A Tungsram eln\u00f6k vez\u00e9rigazgat\u00f3ja, J\u00f6rg Bauer vette \u00e1t az amerikai Aut\u00f3\u00e1pol\u00e1si Sz\u00f6vets\u00e9g (Auto Care Association) legjobb \u00faj term\u00e9k d\u00edj\u00e1t az \u00faj Nighthawk LED f\u00e9nysz\u00f3r\u00f3csal\u00e1d\u00e9rt a 2019-es AAPEX ki\u00e1ll\u00edt\u00e1son Las Vegasban.<\/strong><!--more--><\/p>\n<div class=\"ads-in-post2\"><script async src=\"https:\/\/pagead2.googlesyndication.com\/pagead\/js\/adsbygoogle.js\"><\/script>\r\n<ins class=\"adsbygoogle\"\r\n     style=\"display:block\"\r\n     data-ad-format=\"fluid\"\r\n     data-ad-layout-key=\"-6t+ed+2i-1n-4w\"\r\n     data-ad-client=\"ca-pub-1959107119989764\"\r\n     data-ad-slot=\"4008251320\"><\/ins>\r\n<script>\r\n     (adsbygoogle = window.adsbygoogle || []).push({});\r\n<\/script><\/div>\n<p>\u201eE rangos d\u00edjjal az els\u0151 alkalommal ismert\u00e9k el \u00faj fejleszt\u00e9s\u00fcnket, a LED aut\u00f3f\u00e9nysz\u00f3r\u00f3 term\u00e9kcsal\u00e1dot\u201d, mondta J\u00f6rg Bauer. \u201eA kiemelked\u0151 teljes\u00edtm\u00e9ny \u00e9s min\u0151s\u00e9g mellett versenyk\u00e9pes \u00e1ron k\u00edn\u00e1ljuk ezeket a term\u00e9keket. Az \u00faj, innovat\u00edv f\u00e9nysz\u00f3r\u00f3kat m\u00e1r a Tungsram m\u00e1rkan\u00e9v alatt \u00e1rus\u00edtjuk majd \u00c9szak-Amerik\u00e1ban. A m\u00e1sodpiaci gy\u00e1rt\u00f3kat felvonultat\u00f3 AAPEX ki\u00e1ll\u00edt\u00e1son nagyon j\u00f3 a term\u00e9kek fogadtat\u00e1sa, \u00e9s a d\u00edjunk seg\u00edt megnyerni a vev\u0151ket is.\u201d<\/p>\n<p>\u201eEz a term\u00e9kcsoport seg\u00edti majd \u00e9szak-amerikai \u00fczlet\u00e1gunk n\u00f6veked\u00e9si strat\u00e9gi\u00e1j\u00e1t\u201d, tette hozz\u00e1 M\u00f3zes Gabriella, az aut\u00f3l\u00e1mpa \u00fczlet\u00e1g igazgat\u00f3ja.<\/p><div id=\"gazda-2146240218\" class=\"gazda-tartalomban gazda-entity-placement\"><script async src=\"https:\/\/pagead2.googlesyndication.com\/pagead\/js\/adsbygoogle.js\"><\/script>\r\n<ins class=\"adsbygoogle\"\r\n     style=\"display:block\"\r\n     data-ad-format=\"fluid\"\r\n     data-ad-layout-key=\"-6t+ed+2i-1n-4w\"\r\n     data-ad-client=\"ca-pub-1959107119989764\"\r\n     data-ad-slot=\"4008251320\"><\/ins>\r\n<script>\r\n     (adsbygoogle = window.adsbygoogle || []).push({});\r\n<\/script><\/div>\n<p>A Tungsram Nighthawk LED f\u00e9nysz\u00f3r\u00f3k f\u00e9nyereje jelent\u0151sen meghaladja halog\u00e9n f\u00e9nysz\u00f3r\u00f3k\u00e9t, \u00e9lettartamuk pedig j\u00f3val hosszabb, el\u00e9ri a 15 ezer \u00f3r\u00e1t. A term\u00e9k amerikai aut\u00f3tulajdonosok sz\u00e1m\u00e1ra ide\u00e1lis v\u00e1laszt\u00e1s, ha LED-re akarnak v\u00e1ltani. A f\u00e9nysz\u00f3r\u00f3k sz\u00ednh\u0151m\u00e9rs\u00e9klete 5600K, amely a napf\u00e9nyhez k\u00f6zeli feh\u00e9r f\u00e9nyt jelent.<\/p>\n<p><strong>A Tungsram c\u00e9gcsoportr\u00f3l<\/strong><\/p>\n<p>A Tungsram 2018 \u00e1prilis\u00e1ban magyarorsz\u00e1gi k\u00f6zpont\u00fa, innovat\u00edv, glob\u00e1lis m\u00e1rkak\u00e9nt t\u00e9rt vissza a piacra a GE Lighting EMEAT f\u00e9nyforr\u00e1s\u00fczlet\u00e1g\u00e1nak \u00e9s glob\u00e1lis aut\u00f3l\u00e1mpa \u00e1gazat\u00e1nak felv\u00e1s\u00e1rl\u00e1s\u00e1val. A csaknem 4000 alkalmazottat foglalkoztat\u00f3 v\u00e1llalat term\u00e9keinek 95 sz\u00e1zal\u00e9k\u00e1t export\u00e1lja, 110 nemzetk\u00f6zi piacon van jelen \u00e9rt\u00e9kes\u00edt\u00e9si h\u00e1l\u00f3zata r\u00e9v\u00e9n. A pr\u00e9mium min\u0151s\u00e9get el\u0151\u00e1ll\u00edt\u00f3, \u00f6t magyarorsz\u00e1gi gy\u00e1rra \u00e9s a vel\u00fck egy\u00fcttm\u0171k\u00f6d\u0151, 1600 besz\u00e1ll\u00edt\u00f3ra \u00e9s partnerre \u00e9p\u00fcl\u0151, termel\u00e9keny ell\u00e1t\u00e1si l\u00e1nc el\u0151nyt jelent napjaink piaci verseny\u00e9ben. A vil\u00e1gpiacon pr\u00e9mium kateg\u00f3ri\u00e1j\u00fa, eur\u00f3pai vil\u00e1g\u00edt\u00e1stechnikai m\u00e1rkak\u00e9nt van jelen a Tungsram, amely Magyarorsz\u00e1gon tervez, fejleszt \u00e9s gy\u00e1rt, \u00e9s ind\u00edtja el \u00faj \u00fczlet\u00e1gait az okos megold\u00e1sok, a belt\u00e9ri n\u00f6v\u00e9nytermeszt\u00e9s, alkatr\u00e9sz- \u00e9s komponensgy\u00e1rt\u00e1s ter\u00fclet\u00e9n.<\/p>\n<p><a href=\"http:\/\/www.tungsram.com\" target=\"_blank\" rel=\"noopener\">www.tungsram.com<\/a><br \/>\n<div class=\"ads-in-post2\"><script async src=\"https:\/\/pagead2.googlesyndication.com\/pagead\/js\/adsbygoogle.js\"><\/script>\r\n<ins class=\"adsbygoogle\"\r\n     style=\"display:block\"\r\n     data-ad-format=\"fluid\"\r\n     data-ad-layout-key=\"-6t+ed+2i-1n-4w\"\r\n     data-ad-client=\"ca-pub-1959107119989764\"\r\n     data-ad-slot=\"4008251320\"><\/ins>\r\n<script>\r\n     (adsbygoogle = window.adsbygoogle || []).push({});\r\n<\/script><\/div>\n","protected":false},"excerpt":{"rendered":"<p>A Tungsram eln\u00f6k vez\u00e9rigazgat\u00f3ja, J\u00f6rg Bauer vette \u00e1t az amerikai Aut\u00f3\u00e1pol\u00e1si Sz\u00f6vets\u00e9g (Auto Care Association) legjobb \u00faj term\u00e9k d\u00edj\u00e1t az \u00faj Nighthawk LED f\u00e9nysz\u00f3r\u00f3csal\u00e1d\u00e9rt a 2019-es AAPEX ki\u00e1ll\u00edt\u00e1son Las Vegasban.<\/p>\n","protected":false},"author":1,"featured_media":0,"comment_status":"closed","ping_status":"open","sticky":false,"template":"","format":"standard","meta":[],"categories":[19,246],"tags":[],"_links":{"self":[{"href":"https:\/\/gazdasagportal.hu\/index.php\/wp-json\/wp\/v2\/posts\/121163"}],"collection":[{"href":"https:\/\/gazdasagportal.hu\/index.php\/wp-json\/wp\/v2\/posts"}],"about":[{"href":"https:\/\/gazdasagportal.hu\/index.php\/wp-json\/wp\/v2\/types\/post"}],"author":[{"embeddable":true,"href":"https:\/\/gazdasagportal.hu\/index.php\/wp-json\/wp\/v2\/users\/1"}],"replies":[{"embeddable":true,"href":"https:\/\/gazdasagportal.hu\/index.php\/wp-json\/wp\/v2\/comments?post=121163"}],"version-history":[{"count":1,"href":"https:\/\/gazdasagportal.hu\/index.php\/wp-json\/wp\/v2\/posts\/121163\/revisions"}],"predecessor-version":[{"id":121164,"href":"https:\/\/gazdasagportal.hu\/index.php\/wp-json\/wp\/v2\/posts\/121163\/revisions\/121164"}],"wp:attachment":[{"href":"https:\/\/gazdasagportal.hu\/index.php\/wp-json\/wp\/v2\/media?parent=121163"}],"wp:term":[{"taxonomy":"category","embeddable":true,"href":"https:\/\/gazdasagportal.hu\/index.php\/wp-json\/wp\/v2\/categories?post=121163"},{"taxonomy":"post_tag","embeddable":true,"href":"https:\/\/gazdasagportal.hu\/index.php\/wp-json\/wp\/v2\/tags?post=121163"}],"curies":[{"name":"wp","href":"https:\/\/api.w.org\/{rel}","templated":true}]}}