{"id":121159,"date":"2019-11-08T10:55:52","date_gmt":"2019-11-08T09:55:52","guid":{"rendered":"http:\/\/gazdasagportal.hu\/?p=121159"},"modified":"2019-11-08T10:55:52","modified_gmt":"2019-11-08T09:55:52","slug":"zajlik-a-magyar-gazdasag-szerkezetvaltasa-a-high-tech-iparagak-iranyaba","status":"publish","type":"post","link":"https:\/\/gazdasagportal.hu\/index.php\/zajlik-a-magyar-gazdasag-szerkezetvaltasa-a-high-tech-iparagak-iranyaba\/","title":{"rendered":"Zajlik a magyar gazdas\u00e1g szerkezetv\u00e1lt\u00e1sa a high-tech ipar\u00e1gak ir\u00e1ny\u00e1ba"},"content":{"rendered":"<p><strong>Zajlik a magyar gazdas\u00e1g szerkezetv\u00e1lt\u00e1sa a high-tech ipar\u00e1gak ir\u00e1ny\u00e1ba, amelyek biztos\u00edtani tudj\u00e1k a tart\u00f3s, fenntarthat\u00f3 n\u00f6veked\u00e9st &#8211; hangs\u00falyozta Gy\u00f6rgy L\u00e1szl\u00f3, az Innov\u00e1ci\u00f3s \u00e9s Technol\u00f3giai Miniszt\u00e9rium (ITM) \u00e1llamtitk\u00e1ra p\u00e9nteken, a K\u00f6zponti Statisztikai Hivatal (KSH) szeptemberi ipari termel\u00e9si adataira reag\u00e1lva az M1 aktu\u00e1lis csatorn\u00e1n.<\/strong><!--more--><\/p>\n<div class=\"ads-in-post1\"><div id=\"gazdasagportal.hu_fullbanner_wideboard\"><\/div>\r\n<\/div>\n<p>    Az ipari termel\u00e9s szeptemberben 11,1 sz\u00e1zal\u00e9kkal n\u0151tt az egy \u00e9vvel kor\u00e1bbihoz m\u00e9rve, a munkanaphat\u00e1st\u00f3l megtiszt\u00edtott adatok szerint 9,0 sz\u00e1zal\u00e9kkal emelkedett, augusztushoz viszony\u00edtva 3,1 sz\u00e1zal\u00e9kkal n\u0151tt az ipar teljes\u00edtm\u00e9nye. A legnagyobb s\u00faly\u00fa j\u00e1rm\u0171gy\u00e1rt\u00e1sban, illetve a sz\u00e1m\u00edt\u00f3g\u00e9p, elektronikai, optikai term\u00e9k gy\u00e1rt\u00e1s\u00e1ban jelent\u0151sen gyorsult a n\u00f6veked\u00e9s \u00e9ves \u00fcteme az augusztusi 2,0, illetve 5,9 sz\u00e1zal\u00e9k ut\u00e1n. Az ipari termel\u00e9s az \u00e9v els\u0151 kilenc h\u00f3napj\u00e1ban 6,3 sz\u00e1zal\u00e9kkal volt nagyobb, mint az el\u0151z\u0151 \u00e9v azonos id\u0151szak\u00e1ban.<br \/>\n    Gy\u00f6rgy L\u00e1szl\u00f3 felh\u00edvta a figyelmet arra, az els\u0151 kilenc h\u00f3napban a magyar ipar 6,3 sz\u00e1zal\u00e9kkal b\u0151v\u00fclt, gyorsabban, mint a teljes gazdas\u00e1g, ami mutatja, hogy az \u00f6t \u00e9vvel ezel\u0151tt meghirdetett iparfejleszt\u00e9si strat\u00e9gia kezd be\u00e9rni.<br \/>\n<script async src=\"\/\/pagead2.googlesyndication.com\/pagead\/js\/adsbygoogle.js\"><\/script><br \/>\n<!-- 640x400 --><br \/>\n<ins class=\"adsbygoogle\"\n     style=\"display:inline-block;width:640px;height:400px\"\n     data-ad-client=\"ca-pub-1959107119989764\"\n     data-ad-slot=\"6491857550\"><\/ins><br \/>\n<script>\n(adsbygoogle = window.adsbygoogle || []).push({});\n<\/script><br \/>\n    Az ITM \u00e1llamtitk\u00e1ra elmondta, a magyar ipar a visegr\u00e1di orsz\u00e1gok \u00e1tlag\u00e1n\u00e1l k\u00e9tszer gyorsabban n\u00f6vekszik, mik\u00f6zben a n\u00e9met cs\u00f6kken.<br \/>\n    Kifejtette, a magyar ipari termel\u00e9s b\u0151v\u00fcl\u00e9s\u00e9hez hozz\u00e1j\u00e1rul a politikai stabilit\u00e1s, a kisz\u00e1m\u00edthat\u00f3 \u00fczleti k\u00f6rnyezet, az alapinfrastrukt\u00far\u00e1k fejletts\u00e9ge, az innov\u00e1ci\u00f3s \u00f6kosziszt\u00e9ma fejleszt\u00e9se, munkaer\u0151piachoz igazod\u00f3 oktat\u00e1s.<br \/>\n    Megjegyezte, mik\u00f6zben a n\u00e9met ipar cs\u00f6kken, addig a magyar n\u00f6vekszik. A vil\u00e1gban, \u00edgy az Eur\u00f3pai Uni\u00f3ban is sz\u0171k\u00f6ss\u00e9 v\u00e1lik a rendelkez\u00e9sre \u00e1ll\u00f3 munkaer\u0151, emiatt a nyugat-eur\u00f3pai c\u00e9gek nemcsak termel\u00e9st, hanem kutat\u00f3-fejleszt\u0151 tev\u00e9kenys\u00e9get is helyeznek ki Magyarorsz\u00e1gra.<br \/>\n    Gy\u00f6rgy L\u00e1szl\u00f3 sz\u00f3lt arr\u00f3l is, hogy a vil\u00e1ggazdas\u00e1gi folyamatokt\u00f3l a magyar gazdas\u00e1g csak ideig-\u00f3r\u00e1ig tudja mag\u00e1t f\u00fcggetlen\u00edteni. Az IMF tanulm\u00e1nya szerint Magyarorsz\u00e1gon a high-tech-szektor ar\u00e1nya 70 sz\u00e1zal\u00e9k felett van, az ITM seg\u00edti a magyar v\u00e1llalatokat, munkav\u00e1llal\u00f3kat abban, hogy a XXI. sz\u00e1zad k\u00f6vetelm\u00e9nyeinek megfelelhessenek.(MTI)<br \/>\n<div class=\"ads-in-post2\"><script async src=\"https:\/\/pagead2.googlesyndication.com\/pagead\/js\/adsbygoogle.js\"><\/script>\r\n<ins class=\"adsbygoogle\"\r\n     style=\"display:block\"\r\n     data-ad-format=\"fluid\"\r\n     data-ad-layout-key=\"-6t+ed+2i-1n-4w\"\r\n     data-ad-client=\"ca-pub-1959107119989764\"\r\n     data-ad-slot=\"4008251320\"><\/ins>\r\n<script>\r\n     (adsbygoogle = window.adsbygoogle || []).push({});\r\n<\/script><\/div>\n","protected":false},"excerpt":{"rendered":"<p>Zajlik a magyar gazdas\u00e1g szerkezetv\u00e1lt\u00e1sa a high-tech ipar\u00e1gak ir\u00e1ny\u00e1ba, amelyek biztos\u00edtani tudj\u00e1k a tart\u00f3s, fenntarthat\u00f3 n\u00f6veked\u00e9st &#8211; hangs\u00falyozta Gy\u00f6rgy L\u00e1szl\u00f3, az Innov\u00e1ci\u00f3s \u00e9s Technol\u00f3giai Miniszt\u00e9rium (ITM) \u00e1llamtitk\u00e1ra p\u00e9nteken, a K\u00f6zponti Statisztikai Hivatal (KSH) szeptemberi ipari termel\u00e9si adataira reag\u00e1lva az M1 aktu\u00e1lis csatorn\u00e1n.<\/p>\n","protected":false},"author":1,"featured_media":0,"comment_status":"closed","ping_status":"open","sticky":false,"template":"","format":"standard","meta":[],"categories":[19],"tags":[],"_links":{"self":[{"href":"https:\/\/gazdasagportal.hu\/index.php\/wp-json\/wp\/v2\/posts\/121159"}],"collection":[{"href":"https:\/\/gazdasagportal.hu\/index.php\/wp-json\/wp\/v2\/posts"}],"about":[{"href":"https:\/\/gazdasagportal.hu\/index.php\/wp-json\/wp\/v2\/types\/post"}],"author":[{"embeddable":true,"href":"https:\/\/gazdasagportal.hu\/index.php\/wp-json\/wp\/v2\/users\/1"}],"replies":[{"embeddable":true,"href":"https:\/\/gazdasagportal.hu\/index.php\/wp-json\/wp\/v2\/comments?post=121159"}],"version-history":[{"count":1,"href":"https:\/\/gazdasagportal.hu\/index.php\/wp-json\/wp\/v2\/posts\/121159\/revisions"}],"predecessor-version":[{"id":121160,"href":"https:\/\/gazdasagportal.hu\/index.php\/wp-json\/wp\/v2\/posts\/121159\/revisions\/121160"}],"wp:attachment":[{"href":"https:\/\/gazdasagportal.hu\/index.php\/wp-json\/wp\/v2\/media?parent=121159"}],"wp:term":[{"taxonomy":"category","embeddable":true,"href":"https:\/\/gazdasagportal.hu\/index.php\/wp-json\/wp\/v2\/categories?post=121159"},{"taxonomy":"post_tag","embeddable":true,"href":"https:\/\/gazdasagportal.hu\/index.php\/wp-json\/wp\/v2\/tags?post=121159"}],"curies":[{"name":"wp","href":"https:\/\/api.w.org\/{rel}","templated":true}]}}