{"id":121139,"date":"2019-11-07T14:33:02","date_gmt":"2019-11-07T13:33:02","guid":{"rendered":"http:\/\/gazdasagportal.hu\/?p=121139"},"modified":"2019-11-07T14:33:02","modified_gmt":"2019-11-07T13:33:02","slug":"voros-kodot-adott-ki-a-rendorseg-ket-honap-alatt-127-en-haltak-meg-az-orszag-kozutjain","status":"publish","type":"post","link":"https:\/\/gazdasagportal.hu\/index.php\/voros-kodot-adott-ki-a-rendorseg-ket-honap-alatt-127-en-haltak-meg-az-orszag-kozutjain\/","title":{"rendered":"V\u00f6r\u00f6s k\u00f3dot adott ki a rend\u0151rs\u00e9g, k\u00e9t h\u00f3nap alatt 127-en haltak meg az orsz\u00e1g k\u00f6z\u00fatjain"},"content":{"rendered":"<p><strong>\u00dagynevezett v\u00f6r\u00f6s k\u00f3dot adott ki a rend\u0151rs\u00e9g az elm\u00falt id\u0151szak baleseti adatai miatt. Szeptembert\u0151l rohamos hanyatl\u00e1snak indult a k\u00f6zleked\u00e9si mor\u00e1l, 2 h\u00f3nap alatt 127-en haltak meg az orsz\u00e1g k\u00f6z\u00fatjain &#8211; k\u00f6z\u00f6lt\u00e9k cs\u00fct\u00f6rt\u00f6k\u00f6n az MTI megkeres\u00e9s\u00e9re.<\/strong><!--more--><\/p>\n<div class=\"ads-in-post1\"><div id=\"gazdasagportal.hu_fullbanner_wideboard\"><\/div>\r\n<\/div>\n<p>    Az Orsz\u00e1gos Rend\u0151r-f\u0151kapit\u00e1nys\u00e1g tudatta: a v\u00f6r\u00f6s k\u00f3d egyfajta figyelemfelh\u00edv\u00e1s, hogy a &#8222;k\u00f6zleked\u0151k legal\u00e1bb egy pillanatra meg\u00e1lljanak \u00e9s elgondolkozzanak: mindenkit v\u00e1rnak haza \u00e9s a balesetekben \u00e9rintett lehet b\u00e1rkinek a hozz\u00e1tartoz\u00f3ja&#8221;.<br \/>\n    A rend\u0151rs\u00e9g, ahogy eddig is, ezut\u00e1n is hat\u00e1rozottan fell\u00e9p a jogs\u00e9rt\u00e9sekkel szemben, \u00e9s minden olyan eszk\u00f6zt alkalmazni fog, ami g\u00e1tat szabhat a kedvez\u0151tlen folyamatoknak. P\u00e9ldak\u00e9nt eml\u00edtett\u00e9k, hogy tavaly \u00f3ta nem jelentik be el\u0151re az ellen\u0151rz\u00e9sek hely\u00e9t \u00e9s idej\u00e9t. Ennek hat\u00e1s\u00e1ra a baleseti adatok kedvez\u0151 ir\u00e1nyba v\u00e1ltoztak. A tendencia azonban eddig tartott: id\u00e9n szeptembert\u0151l rohamos hanyatl\u00e1snak indult a k\u00f6zleked\u00e9si mor\u00e1l &#8211; tett\u00e9k hozz\u00e1.<br \/>\n<script async src=\"\/\/pagead2.googlesyndication.com\/pagead\/js\/adsbygoogle.js\"><\/script><br \/>\n<!-- 640x400 --><br \/>\n<ins class=\"adsbygoogle\"\n     style=\"display:inline-block;width:640px;height:400px\"\n     data-ad-client=\"ca-pub-1959107119989764\"\n     data-ad-slot=\"6491857550\"><\/ins><br \/>\n<script>\n(adsbygoogle = window.adsbygoogle || []).push({});\n<\/script><br \/>\n    2019 szeptember\u00e9ben 56-an, okt\u00f3berben 71-en vesztett\u00e9k \u00e9let\u00fcket k\u00f6z\u00fati k\u00f6zleked\u00e9si balesetben.<br \/>\n    &#8222;Minden balesetmegel\u0151z\u00e9si kamp\u00e1ny, er\u0151fesz\u00edt\u00e9s kev\u00e9s, ha a k\u00f6zleked\u0151k ennek a negat\u00edv folyamatnak a megf\u00e9kez\u00e9s\u00e9ben nem partnerek&#8221; &#8211; hangs\u00falyozt\u00e1k.(MTI)<br \/>\n<div class=\"ads-in-post2\"><script async src=\"https:\/\/pagead2.googlesyndication.com\/pagead\/js\/adsbygoogle.js\"><\/script>\r\n<ins class=\"adsbygoogle\"\r\n     style=\"display:block\"\r\n     data-ad-format=\"fluid\"\r\n     data-ad-layout-key=\"-6t+ed+2i-1n-4w\"\r\n     data-ad-client=\"ca-pub-1959107119989764\"\r\n     data-ad-slot=\"4008251320\"><\/ins>\r\n<script>\r\n     (adsbygoogle = window.adsbygoogle || []).push({});\r\n<\/script><\/div>\n","protected":false},"excerpt":{"rendered":"<p>\u00dagynevezett v\u00f6r\u00f6s k\u00f3dot adott ki a rend\u0151rs\u00e9g az elm\u00falt id\u0151szak baleseti adatai miatt. Szeptembert\u0151l rohamos hanyatl\u00e1snak indult a k\u00f6zleked\u00e9si mor\u00e1l, 2 h\u00f3nap alatt 127-en haltak meg az orsz\u00e1g k\u00f6z\u00fatjain &#8211; k\u00f6z\u00f6lt\u00e9k cs\u00fct\u00f6rt\u00f6k\u00f6n az MTI megkeres\u00e9s\u00e9re.<\/p>\n","protected":false},"author":1,"featured_media":0,"comment_status":"closed","ping_status":"open","sticky":false,"template":"","format":"standard","meta":[],"categories":[4],"tags":[],"_links":{"self":[{"href":"https:\/\/gazdasagportal.hu\/index.php\/wp-json\/wp\/v2\/posts\/121139"}],"collection":[{"href":"https:\/\/gazdasagportal.hu\/index.php\/wp-json\/wp\/v2\/posts"}],"about":[{"href":"https:\/\/gazdasagportal.hu\/index.php\/wp-json\/wp\/v2\/types\/post"}],"author":[{"embeddable":true,"href":"https:\/\/gazdasagportal.hu\/index.php\/wp-json\/wp\/v2\/users\/1"}],"replies":[{"embeddable":true,"href":"https:\/\/gazdasagportal.hu\/index.php\/wp-json\/wp\/v2\/comments?post=121139"}],"version-history":[{"count":1,"href":"https:\/\/gazdasagportal.hu\/index.php\/wp-json\/wp\/v2\/posts\/121139\/revisions"}],"predecessor-version":[{"id":121140,"href":"https:\/\/gazdasagportal.hu\/index.php\/wp-json\/wp\/v2\/posts\/121139\/revisions\/121140"}],"wp:attachment":[{"href":"https:\/\/gazdasagportal.hu\/index.php\/wp-json\/wp\/v2\/media?parent=121139"}],"wp:term":[{"taxonomy":"category","embeddable":true,"href":"https:\/\/gazdasagportal.hu\/index.php\/wp-json\/wp\/v2\/categories?post=121139"},{"taxonomy":"post_tag","embeddable":true,"href":"https:\/\/gazdasagportal.hu\/index.php\/wp-json\/wp\/v2\/tags?post=121139"}],"curies":[{"name":"wp","href":"https:\/\/api.w.org\/{rel}","templated":true}]}}