{"id":121136,"date":"2019-11-07T12:39:14","date_gmt":"2019-11-07T11:39:14","guid":{"rendered":"http:\/\/gazdasagportal.hu\/?p=121136"},"modified":"2019-11-07T12:39:14","modified_gmt":"2019-11-07T11:39:14","slug":"teljesen-megujul-a-20-eves-westend-kozpontban-a-digitalizacio","status":"publish","type":"post","link":"https:\/\/gazdasagportal.hu\/index.php\/teljesen-megujul-a-20-eves-westend-kozpontban-a-digitalizacio\/","title":{"rendered":"Teljesen meg\u00fajul a 20 \u00e9ves Westend &#8211; K\u00f6zpontban a digitaliz\u00e1ci\u00f3"},"content":{"rendered":"<p><strong>Jelent\u0151sen meg\u00fajul az id\u00e9n 20. sz\u00fclet\u00e9snapj\u00e1t \u00fcnnepl\u0151 Westend, Magyarorsz\u00e1g legismertebb bev\u00e1s\u00e1rl\u00f3k\u00f6zpontja. Az \u00e9vente t\u00f6bb mint 20 milli\u00f3 l\u00e1togat\u00f3t fogad\u00f3 pl\u00e1za \u00faj arculattal, valamint sz\u00e1mos \u00faj szolg\u00e1ltat\u00e1ssal \u00e9s \u00fczlettel v\u00e1rja a v\u00e1s\u00e1rl\u00f3kat, maxim\u00e1lisan kihaszn\u00e1lva a digitaliz\u00e1ci\u00f3 ny\u00fajtotta lehet\u0151s\u00e9geket. A k\u00f6vetkez\u0151 id\u0151szakban az \u00e9p\u00fclet bizonyos r\u00e9szeit \u2013 t\u00f6bbek k\u00f6z\u00f6tt a k\u00f6zel 50 \u00e9ttermet \u00e9s k\u00e1v\u00e9z\u00f3t mag\u00e1ban foglal\u00f3 \u00e9teludvart \u2013 is fel\u00faj\u00edtj\u00e1k.<\/strong><!--more--><\/p>\n<div class=\"ads-in-post2\"><script async src=\"https:\/\/pagead2.googlesyndication.com\/pagead\/js\/adsbygoogle.js\"><\/script>\r\n<ins class=\"adsbygoogle\"\r\n     style=\"display:block\"\r\n     data-ad-format=\"fluid\"\r\n     data-ad-layout-key=\"-6t+ed+2i-1n-4w\"\r\n     data-ad-client=\"ca-pub-1959107119989764\"\r\n     data-ad-slot=\"4008251320\"><\/ins>\r\n<script>\r\n     (adsbygoogle = window.adsbygoogle || []).push({});\r\n<\/script><\/div>\n<ul>\n<li>&#8211; A tulajdonosok c\u00e9lja, hogy a bev\u00e1s\u00e1rl\u00f3k\u00f6zpont egy innovat\u00edv, szem\u00e9lyre szabott \u00e9s digit\u00e1lis megold\u00e1sokkal m\u0171k\u00f6d\u0151 \u00e9lm\u00e9nyk\u00f6zpontt\u00e1 v\u00e1ljon.<\/li>\n<li>&#8211;\u00a0 Friss, dinamikus arculattal jelentkezik a Westend, mely arra is lehet\u0151s\u00e9get ad, hogy a bev\u00e1s\u00e1rl\u00f3k\u00f6zpont megjelen\u00e9se kamp\u00e1nyszer\u0171en v\u00e1ltozzon.<\/li>\n<li>&#8211; El\u00e9rhet\u0151v\u00e9 v\u00e1lik a v\u00e1s\u00e1rl\u00f3k sz\u00e1m\u00e1ra az \u00faj, szem\u00e9lyre szabhat\u00f3 Westend applik\u00e1ci\u00f3, mely egyedi kedvezm\u00e9nyeket tartalmaz.<\/li>\n<li>&#8211; November 4-10. k\u00f6z\u00f6tt sz\u00fclet\u00e9snapi j\u00e1t\u00e9kh\u00e9t v\u00e1rja a l\u00e1togat\u00f3kat, \u00f6sszesen k\u00f6zel 10 milli\u00f3s forintos nyerem\u00e9nnyel.<\/li>\n<\/ul>\n<p>20 \u00e9vvel ezel\u0151tt, 1999. november 12-\u00e9n nyitotta meg kapuit a v\u00e1s\u00e1rl\u00f3k el\u0151tt K\u00f6z\u00e9p- \u00e9s Kelet-Eur\u00f3pa legnagyobb bev\u00e1s\u00e1rl\u00f3k\u00f6zpontja, a Westend. A sz\u00e1mos neves szakmai d\u00edjat elnyer\u0151 \u00e9p\u00fclet az\u00f3ta jelent\u0151s \u00e1talakul\u00e1son ment \u00e1t, de folyamatosan v\u00e1ltoz\u00f3 \u00e9s az \u00faj trendekhez mindig alkalmazkod\u00f3 k\u00edn\u00e1lat\u00e1nak \u00e9s szolg\u00e1ltat\u00e1sainak k\u00f6sz\u00f6nhet\u0151en mindv\u00e9gig meg\u0151rizve st\u00e1tusz\u00e1t, mint Budapest legn\u00e9pszer\u0171bb bev\u00e1s\u00e1rl\u00f3k\u00f6zpontja.<\/p>\n<p>\u201eA Westend az els\u0151 multifunkcion\u00e1lis \u00e9p\u00fcletegy\u00fcttes, amely 20 \u00e9v alatt t\u00f6bb mint 400 milli\u00f3 l\u00e1togat\u00f3j\u00e1val ki\u00e9rdemelte a Magyarorsz\u00e1g legl\u00e1togatottabb \u00e9p\u00fclete c\u00edmet. Ezzel a kimagasl\u00f3 eredm\u00e9nnyel a p\u00e1lyaudvarok \u00e9s a rep\u00fcl\u0151t\u00e9r forgalm\u00e1t is megel\u0151zi. S\u0151t \u00e9vente t\u00f6bb mint 1.5 milli\u00f3 turista is megfordul a n\u00e9pszer\u0171 bev\u00e1s\u00e1rl\u00f3k\u00f6zpontban. A Westend annak ellen\u00e9re, hogy alapter\u00fclet\u00e9t tekintve nem, de ami a forgalm\u00e1t \u00e9s l\u00e1togat\u00f3sz\u00e1m\u00e1t illeti, haz\u00e1nk piacvezet\u0151 bev\u00e1s\u00e1rl\u00f3k\u00f6zpontja, jelenleg a leg\u00e9rt\u00e9kesebb kereskedelmi ingatlan orsz\u00e1gunkban\u201d \u2013 besz\u00e9l a Westend kiugr\u00f3 sz\u00e1madatair\u00f3l \u00c1gh\u00e1zi Gyula, a Gr\u00e1nit P\u00f3lus vez\u00e9rigazgat\u00f3ja.<\/p><div id=\"gazda-3565440933\" class=\"gazda-tartalomban gazda-entity-placement\"><script async src=\"https:\/\/pagead2.googlesyndication.com\/pagead\/js\/adsbygoogle.js\"><\/script>\r\n<ins class=\"adsbygoogle\"\r\n     style=\"display:block\"\r\n     data-ad-format=\"fluid\"\r\n     data-ad-layout-key=\"-6t+ed+2i-1n-4w\"\r\n     data-ad-client=\"ca-pub-1959107119989764\"\r\n     data-ad-slot=\"4008251320\"><\/ins>\r\n<script>\r\n     (adsbygoogle = window.adsbygoogle || []).push({});\r\n<\/script><\/div>\n<p>A Westendben jelenleg t\u00f6bb mint 400 \u00fczlet tal\u00e1lhat\u00f3, aminek t\u00f6bb mint egyharmada kicser\u00e9l\u0151d\u00f6tt az elm\u00falt h\u00e1rom \u00e9vben egy tudatos, \u00faj c\u00e9lcsoportokat c\u00e9lz\u00f3 strat\u00e9gi\u00e1nak k\u00f6sz\u00f6nhet\u0151en. Az \u00e1talakul\u00e1s r\u00e1ad\u00e1sul nem \u00e1ll meg, a k\u00f6vetkez\u0151 h\u00e1rom \u00e9v sor\u00e1n teljesen meg\u00fajul a Westend, sz\u00e1mos \u00faj \u00fczlet \u00e9s szolg\u00e1ltat\u00e1s, valamint tov\u00e1bbi fejleszt\u00e9sek v\u00e1rj\u00e1k majd a l\u00e1togat\u00f3kat.<\/p>\n<p>\u201eA Westend a 20 \u00e9v alatt sz\u00e1mos szolg\u00e1ltat\u00e1s\u00e1t tekintve \u00fatt\u00f6r\u0151nek sz\u00e1m\u00edt. Itt ny\u00edlt meg az els\u0151 4DX mozi, egyed\u00fcl\u00e1ll\u00f3 a bev\u00e1s\u00e1rl\u00f3k\u00f6zpont 3 hekt\u00e1ron elter\u00fcl\u0151 tet\u0151kertje, amely Kar\u00e1di G\u00e1bor \u00e9s munkat\u00e1rsai (land-A T\u00e1j \u00e9s Kert\u00e9p\u00edt\u00e9szeti M\u0171terem) \u00e1ltal val\u00f3sult meg, majd 2000-ben elnyerte az Eur\u00f3pai Tet\u0151kertek Sz\u00f6vets\u00e9g\u00e9nek d\u00edj\u00e1t is. A Westendhez egy teljesk\u00f6r\u0171 concierge szolg\u00e1ltat\u00e1s is tartozik. A bev\u00e1s\u00e1rl\u00f3k\u00f6zpont nyitottak el\u0151sz\u00f6r Starbucks-ot, Massimo Duttit, S\u00e9f Asztala-t, Hugo Boss-t, Kiehl\u2019s-t, TIG-t, Desigual-t, Fruitissimo-t \u00e9s Leroy-t, majd okt\u00f3berben exkluz\u00edv stage koncepci\u00f3val \u00fajranyitott a Bershka is, decembert\u0151l pedig a GAS is megtal\u00e1lhat\u00f3 a k\u00edn\u00e1latunkban. A Westendben tal\u00e1lhat\u00f3 a legnagyobb \u00e9s leg\u00fajabb sortimenttel rendelkez\u0151 Nike, Samsung \u00e9s Springfield \u00fczlet haz\u00e1nkban. Ami pedig a k\u00f6zelj\u00f6v\u0151 \u00fajdons\u00e1gait illeti, szenz\u00e1ci\u00f3k\u00e9nt Eur\u00f3p\u00e1ban a Westendben ny\u00edlik el\u0151sz\u00f6r American Eagle\u201d \u2013 folytatja \u00c1gh\u00e1zi Gyula.<\/p>\n<p>A tulajdonosok c\u00e9lja, hogy a bev\u00e1s\u00e1rl\u00f3k\u00f6zpont egy innovat\u00edv, szem\u00e9lyre szabott \u00e9s digit\u00e1lis megold\u00e1sokkal m\u0171k\u00f6d\u0151 \u00e9lm\u00e9nyk\u00f6zpontt\u00e1 v\u00e1ljon, ahol az \u00e9lm\u00e9nyt maga a v\u00e1s\u00e1rl\u00e1s korl\u00e1tlan lehet\u0151s\u00e9ge, m\u00f3dja \u00e9s k\u00f6r\u00fclm\u00e9nyei biztos\u00edtj\u00e1k. Mind a h\u00e1zon bel\u00fcli fejleszt\u00e9sek, mind a bev\u00e1s\u00e1rl\u00f3k\u00f6zpont \u00faj ir\u00e1nyt vev\u0151 kommunik\u00e1ci\u00f3s strat\u00e9gi\u00e1ja igyekeznek maxim\u00e1lisan kihaszn\u00e1lni a digitaliz\u00e1ci\u00f3 ny\u00fajtotta lehet\u0151s\u00e9geket.<\/p>\n<p>\u201eA Westend legf\u0151bb j\u00f6v\u0151beli c\u00e9ljai teh\u00e1t, meg\u0151rizni piacvezet\u0151 poz\u00edci\u00f3j\u00e1t, \u00e9s az innovat\u00edv m\u00f3dszereiken kereszt\u00fcl folytatni az \u00fatt\u00f6r\u0151 megold\u00e1sok alkalmaz\u00e1s\u00e1t, mind a szolg\u00e1ltat\u00e1sok, mind az egy\u00e9b megjelen\u00e9sek ter\u00e9n. Ennek \u00e9rdek\u00e9ben maxim\u00e1lisan a l\u00e1togat\u00f3k ig\u00e9nyeire koncentr\u00e1lunk, szem\u00e9lyre szabott kommunik\u00e1ci\u00f3s fel\u00fcleteken, szolg\u00e1ltat\u00e1sokon kereszt\u00fcl sz\u00f3l\u00edtjuk meg \u0151ket, hogy m\u00e9g tov\u00e1bb fokozzuk a v\u00e1s\u00e1rl\u00e1s \u00e9s sz\u00f3rakoz\u00e1s \u00e9lm\u00e9ny\u00e9t\u201d\u2013 mes\u00e9l a Westend j\u00f6v\u0151beli c\u00e9ljair\u00f3l \u00c1gh\u00e1zi Gyula.<\/p>\n<p>Az \u00faj koncepci\u00f3nak megfelel\u0151en novemberben friss, dinamikus arculattal jelentkezik a Westend, melyet a tavasszal ki\u00edrt tender gy\u0151ztese, az Avalanche Kreat\u00edv \u00dcgyn\u00f6ks\u00e9g tervezett. Az \u00faj log\u00f3 a f\u0151bej\u00e1ratok feletti homlokzaton elhelyezett digit\u00e1lis paneleken jelenik majd meg, mely lehet\u0151s\u00e9get biztos\u00edt arra, hogy a Westend megjelen\u00e9se kamp\u00e1nyszer\u0171en, vagy ak\u00e1r valamely helyi rendezv\u00e9nyre vagy vil\u00e1gesem\u00e9nyre reag\u00e1lva v\u00e1ltozzon. \u00cdgy lehet p\u00e9ld\u00e1ul m\u00e1rcius 15-e alkalm\u00e1b\u00f3l nemzeti sz\u00edn\u0171 vagy a mellr\u00e1k vil\u00e1gnapja alkalm\u00e1b\u00f3l r\u00f3zsasz\u00edn\u0171 is.<\/p>\n<p>A log\u00f3 mellett meg\u00fajul a Westend t\u00e1j\u00e9koztat\u00f3 rendszere is, ahol szint\u00e9n a digit\u00e1lis fel\u00fcleteket helyezik el\u0151t\u00e9rbe. A l\u00e1togat\u00f3k november 2-\u00e1t\u00f3l egy \u00faj inf\u00f3pultban, ak\u00e1r tableten is kiv\u00e1laszthatj\u00e1k a keresett \u00fczletet.<\/p>\n<p>Szint\u00e9n novemberben v\u00e1lik el\u00e9rhet\u0151v\u00e9 az \u00faj Westend applik\u00e1ci\u00f3, mely rengeteg egyed\u00fcl\u00e1ll\u00f3 lehet\u0151s\u00e9get k\u00edn\u00e1l majd a pl\u00e1za l\u00e1togat\u00f3inak. A szem\u00e9lyre szabhat\u00f3s\u00e1g \u00e9s az egyedi kedvezm\u00e9nyek sora mellett az alkalmaz\u00e1s let\u00f6lt\u00e9se bel\u00e9p\u00e9st biztos\u00edt a Westend h\u0171s\u00e9gklubj\u00e1ba, ahol a l\u00e1togat\u00f3k nem v\u00e1s\u00e1rl\u00e1shoz k\u00f6t\u00f6tten, hanem a l\u00e1togat\u00e1saik ut\u00e1n gy\u0171jthetnek pontokat. A pontok azonnali nyerem\u00e9nyekre vagy extra kedvezm\u00e9nyekre v\u00e1lthat\u00f3k. Az alkalmaz\u00e1s k\u00e9nyelmi funkci\u00f3i a k\u00f6vetkez\u0151 h\u00f3napokban folyamatosan b\u0151v\u00fclni fognak.<\/p>\n<p>A Westend j\u00f6v\u0151 \u00e9v els\u0151 fel\u00e9ben bevezeti az egyszer\u0171, pap\u00edrp\u00e9nzmentes parkol\u00e1st is, melynek eredm\u00e9nyek\u00e9nt a bankk\u00e1rtya regisztr\u00e1ci\u00f3j\u00e1t k\u00f6vet\u0151en teljesen automatiz\u00e1lt be-\u00e9s kil\u00e9ptet\u00e9s k\u00f6nny\u00edti meg a l\u00e1togat\u00f3k parkol\u00e1s\u00e1t. A rendszer k\u00f6zel 100%-os rendsz\u00e1m azonos\u00edt\u00e1si pontoss\u00e1ggal b\u00edr.<\/p>\n<p>A Westend a b\u00e9rl\u0151ire maxim\u00e1lisan \u00fczletfelekk\u00e9nt gondol \u00e9s igyekszik min\u00e9l t\u00f6bb m\u00f3dszerrel seg\u00edteni \u0151ket a l\u00e1togat\u00f3kkal val\u00f3 hat\u00e1kony kommunik\u00e1ci\u00f3ban. A Westend digit\u00e1lis csatorn\u00e1in (mobiltelefonos applik\u00e1ci\u00f3, weboldal, k\u00f6z\u00f6ss\u00e9gi fel\u00fcletek) k\u00f6zvetlen\u00fcl meg tudj\u00e1k sz\u00f3l\u00edtani a v\u00e1s\u00e1rl\u00f3ikat relev\u00e1ns \u00e9s szem\u00e9lyre szabott tartalmakkal. A kommunik\u00e1ci\u00f3 hat\u00e9konys\u00e1g\u00e1t pedig a rendelkez\u00e9sre \u00e1ll\u00f3 statisztik\u00e1k seg\u00edts\u00e9g\u00e9vel k\u00f6zvetlen\u00fcl ellen\u0151rizhetik is, ugyanis a hirdet\u00e9sek hat\u00e1s\u00e1ra az \u00fczletben megjelen\u0151 v\u00e1s\u00e1rl\u00f3kat a rendszer bluetooth eszk\u00f6z\u00f6kkel sz\u00e1molja.<\/p>\n<p>A Westend kiemelt fontoss\u00e1g\u00fanak tartja a t\u00e1rsadalmi felel\u0151ss\u00e9gv\u00e1llal\u00e1st is, \u00edgy minden lehets\u00e9ges m\u00f3dszerrel arra t\u00f6rekszik, hogy cs\u00f6kkentse a k\u00e1rosanyag-kibocs\u00e1jt\u00e1st \u00e9s n\u00f6velje a k\u00f6rnyezetbar\u00e1t eszk\u00f6z\u00f6k ar\u00e1ny\u00e1t a bev\u00e1s\u00e1rl\u00f3k\u00f6zpontban. K\u00fcl\u00f6nf\u00e9le eszk\u00f6z\u00f6kkel h\u00edvj\u00e1k fel a figyelmet a k\u00f6rnyezettudatos \u00e9letm\u00f3d el\u0151nyeire, a szelekt\u00edv hullad\u00e9kgy\u0171jt\u00e9s, a vegyszermentes takar\u00edt\u00e1s, a ker\u00e9kp\u00e1rt\u00e1rol\u00f3k, az elektromos g\u00e9pj\u00e1rm\u0171 t\u00f6lt\u0151k sz\u00e1m\u00e1nak n\u00f6vel\u00e9se mind rendk\u00edv\u00fcl fontos a Westend m\u0171k\u00f6d\u00e9s\u00e9ben.<\/p>\n<p>Az \u00e9vfordul\u00f3 alkalm\u00e1b\u00f3l sz\u00fclet\u00e9snapi j\u00e1t\u00e9kh\u00e9t ker\u00fcl megrendez\u00e9sre november 4-10. k\u00f6z\u00f6tt, melynek kulcseleme egy 8x8x8 m\u00e9teres \u00f3ri\u00e1s aj\u00e1nd\u00e9kmarkol\u00f3, melyet k\u00f6zel 10 milli\u00f3 forint \u00e9rt\u00e9kben t\u00f6lt\u00f6ttek meg aj\u00e1nd\u00e9kokkal. A rendezv\u00e9nysorozat aprop\u00f3j\u00e1t nem a visszaeml\u00e9kez\u00e9s adja, hanem sokkal ink\u00e1bb az az \u00faj lend\u00fclet, aminek fizikai megval\u00f3sul\u00e1s\u00e1val a k\u00f6vetkez\u0151 h\u00f3napokban tal\u00e1lkozhatnak a l\u00e1togat\u00f3k.<br \/>\n<div class=\"ads-in-post2\"><script async src=\"https:\/\/pagead2.googlesyndication.com\/pagead\/js\/adsbygoogle.js\"><\/script>\r\n<ins class=\"adsbygoogle\"\r\n     style=\"display:block\"\r\n     data-ad-format=\"fluid\"\r\n     data-ad-layout-key=\"-6t+ed+2i-1n-4w\"\r\n     data-ad-client=\"ca-pub-1959107119989764\"\r\n     data-ad-slot=\"4008251320\"><\/ins>\r\n<script>\r\n     (adsbygoogle = window.adsbygoogle || []).push({});\r\n<\/script><\/div>\n","protected":false},"excerpt":{"rendered":"<p>Jelent\u0151sen meg\u00fajul az id\u00e9n 20. sz\u00fclet\u00e9snapj\u00e1t \u00fcnnepl\u0151 Westend, Magyarorsz\u00e1g legismertebb bev\u00e1s\u00e1rl\u00f3k\u00f6zpontja. Az \u00e9vente t\u00f6bb mint 20 milli\u00f3 l\u00e1togat\u00f3t fogad\u00f3 pl\u00e1za \u00faj arculattal, valamint sz\u00e1mos \u00faj szolg\u00e1ltat\u00e1ssal \u00e9s \u00fczlettel v\u00e1rja a v\u00e1s\u00e1rl\u00f3kat, maxim\u00e1lisan kihaszn\u00e1lva a digitaliz\u00e1ci\u00f3 ny\u00fajtotta lehet\u0151s\u00e9geket. A k\u00f6vetkez\u0151 id\u0151szakban az \u00e9p\u00fclet bizonyos r\u00e9szeit \u2013 t\u00f6bbek k\u00f6z\u00f6tt a k\u00f6zel 50 \u00e9ttermet \u00e9s k\u00e1v\u00e9z\u00f3t mag\u00e1ban foglal\u00f3 &#8230;<\/p>\n","protected":false},"author":1,"featured_media":0,"comment_status":"closed","ping_status":"open","sticky":false,"template":"","format":"standard","meta":[],"categories":[4,19],"tags":[],"_links":{"self":[{"href":"https:\/\/gazdasagportal.hu\/index.php\/wp-json\/wp\/v2\/posts\/121136"}],"collection":[{"href":"https:\/\/gazdasagportal.hu\/index.php\/wp-json\/wp\/v2\/posts"}],"about":[{"href":"https:\/\/gazdasagportal.hu\/index.php\/wp-json\/wp\/v2\/types\/post"}],"author":[{"embeddable":true,"href":"https:\/\/gazdasagportal.hu\/index.php\/wp-json\/wp\/v2\/users\/1"}],"replies":[{"embeddable":true,"href":"https:\/\/gazdasagportal.hu\/index.php\/wp-json\/wp\/v2\/comments?post=121136"}],"version-history":[{"count":1,"href":"https:\/\/gazdasagportal.hu\/index.php\/wp-json\/wp\/v2\/posts\/121136\/revisions"}],"predecessor-version":[{"id":121137,"href":"https:\/\/gazdasagportal.hu\/index.php\/wp-json\/wp\/v2\/posts\/121136\/revisions\/121137"}],"wp:attachment":[{"href":"https:\/\/gazdasagportal.hu\/index.php\/wp-json\/wp\/v2\/media?parent=121136"}],"wp:term":[{"taxonomy":"category","embeddable":true,"href":"https:\/\/gazdasagportal.hu\/index.php\/wp-json\/wp\/v2\/categories?post=121136"},{"taxonomy":"post_tag","embeddable":true,"href":"https:\/\/gazdasagportal.hu\/index.php\/wp-json\/wp\/v2\/tags?post=121136"}],"curies":[{"name":"wp","href":"https:\/\/api.w.org\/{rel}","templated":true}]}}