{"id":121132,"date":"2019-11-07T11:18:44","date_gmt":"2019-11-07T10:18:44","guid":{"rendered":"http:\/\/gazdasagportal.hu\/?p=121132"},"modified":"2019-11-07T11:18:44","modified_gmt":"2019-11-07T10:18:44","slug":"emelte-a-kitermelesi-celt-a-mol","status":"publish","type":"post","link":"https:\/\/gazdasagportal.hu\/index.php\/emelte-a-kitermelesi-celt-a-mol\/","title":{"rendered":"Emelte a kitermel\u00e9si c\u00e9lt a Mol"},"content":{"rendered":"<p><strong>Emelte a kutat\u00e1s \u00e9s kitermel\u00e9s (upstream) termel\u00e9si c\u00e9lt napi 120-130 ezer hord\u00f3ra a Mol 2020-2023-as id\u0151szakra &#8211; k\u00f6z\u00f6lte a Mol Nyrt. a t\u0151zsde honlapj\u00e1n cs\u00fct\u00f6rt\u00f6k\u00f6n.<\/strong><!--more--><\/p>\n<div class=\"ads-in-post2\"><script async src=\"https:\/\/pagead2.googlesyndication.com\/pagead\/js\/adsbygoogle.js\"><\/script>\r\n<ins class=\"adsbygoogle\"\r\n     style=\"display:block\"\r\n     data-ad-format=\"fluid\"\r\n     data-ad-layout-key=\"-6t+ed+2i-1n-4w\"\r\n     data-ad-client=\"ca-pub-1959107119989764\"\r\n     data-ad-slot=\"4008251320\"><\/ins>\r\n<script>\r\n     (adsbygoogle = window.adsbygoogle || []).push({});\r\n<\/script><\/div>\n<p>     A cs\u00fct\u00f6rt\u00f6k\u00f6n Londonban tartott befektet\u0151i napon bemutatott tervek szerint a h\u00e9t elej\u00e9n bejelentett azerbajdzs\u00e1ni befektet\u00e9snek k\u00f6sz\u00f6nhet\u0151en az \u00e9ves egyszer\u0171s\u00edtett szabad cash flow v\u00e1rhat\u00f3 \u00f6sszege 700 milli\u00f3 doll\u00e1rra n\u0151 a kor\u00e1bbi 500 milli\u00f3 doll\u00e1rt meghalad\u00f3 szintr\u0151l.<br \/>\n    A h\u00e9t elej\u00e9n a Mol azt k\u00f6z\u00f6lte, hogy 1,57 milli\u00e1rd doll\u00e1r\u00e9rt 9,57 sz\u00e1zal\u00e9kos r\u00e9szesed\u00e9st v\u00e1s\u00e1rolt az azerbajdzs\u00e1ni ACG olajmez\u0151ben \u00e9s 8,9 sz\u00e1zal\u00e9kos r\u00e9szesed\u00e9st a BTC (Baku-Tbiliszi-Ceyhan) olajvezet\u00e9kben.<br \/>\n    A t\u00e1j\u00e9koztat\u00e1s szerint a fogyaszt\u00f3i szolg\u00e1ltat\u00e1sok szegmens az elm\u00falt \u00e9vek kiemelked\u0151 teljes\u00edtm\u00e9ny\u00e9nek k\u00f6sz\u00f6nhet\u0151en, 2023-ra v\u00e1rhat\u00f3an 600 milli\u00f3 doll\u00e1r EBITDA (kamat-, ad\u00f3fizet\u00e9s \u00e9s amortiz\u00e1ci\u00f3 el\u0151tti eredm\u00e9ny) hozz\u00e1j\u00e1rul\u00e1st \u00e9r el a kor\u00e1bbi 500+ milli\u00f3 doll\u00e1ros c\u00e9lhoz k\u00e9pest. Ezalatt a nem \u00fczemanyag t\u00edpus\u00fa term\u00e9kek \u00e9rt\u00e9kes\u00edt\u00e9s\u00e9nek \u00e1rr\u00e9se megk\u00f6zel\u00edtheti a 35 sz\u00e1zal\u00e9kot ugyanebben az id\u0151szakban, \u00edgy a Mol tov\u00e1bbra is j\u00f3 \u00faton halad, hogy vezet\u0151 mobilit\u00e1si \u00e9s kiskereskedelmi szolg\u00e1ltat\u00f3v\u00e1 v\u00e1ljon.<br \/>\n    A Mol m\u00e1r kor\u00e1bban bejelentette, hogy az er\u0151s harmadik negyed\u00e9ves eredm\u00e9nyek lehet\u0151v\u00e9 teszik sz\u00e1m\u00e1ra, hogy 2,3-r\u00f3l 2,4 milli\u00e1rd doll\u00e1rra emelje a 2019-re tervezett \u00e9ves kamat-, ad\u00f3fizet\u00e9s \u00e9s amortiz\u00e1ci\u00f3 el\u0151tti eredm\u00e9ny-c\u00e9lkit\u0171z\u00e9s\u00e9t (EBITDA). M\u00edg 2020-ra vonatkoz\u00f3an 2,4-2,6 milli\u00e1rd doll\u00e1rra emelte a v\u00e1llalatcsoport az upstream \u00fczlet\u00e1g legut\u00f3bb bejelentett akviz\u00edci\u00f3j\u00e1nak k\u00f6sz\u00f6nhet\u0151en, amelynek hat\u00e1sa 2020 m\u00e1sodik f\u00e9l\u00e9v\u00e9t\u0151l \u00e9rezhet\u0151 majd. Az EBITDA ezt k\u00f6vet\u0151en 2023-ig fokozatosan megk\u00f6zel\u00edti majd a 3 milli\u00e1rd doll\u00e1rt, amihez mindh\u00e1rom \u00fczleti szegmens jelent\u0151sen n\u00f6veli hozz\u00e1j\u00e1rul\u00e1s\u00e1t.<br \/>\n    Az \u00fajrabeszerz\u00e9si \u00e1rakkal becs\u00fclt, tiszt\u00edtott EBITDA 202,9 milli\u00e1rd forint (689 milli\u00f3 doll\u00e1r) volt a harmadik negyed\u00e9vben, a tavalyi azonos id\u0151szakban el\u00e9rt 197,4 milli\u00e1rd forint (708 milli\u00f3 doll\u00e1r) ut\u00e1n. \u00cdgy az els\u0151 h\u00e1rom negyed\u00e9vben \u00f6sszesen mintegy 529 milli\u00e1rd forint (1,84 milli\u00e1rd doll\u00e1r) a v\u00e1llalat EBITDA-ja.(MTI)<br \/>\n<div class=\"ads-in-post2\"><script async src=\"https:\/\/pagead2.googlesyndication.com\/pagead\/js\/adsbygoogle.js\"><\/script>\r\n<ins class=\"adsbygoogle\"\r\n     style=\"display:block\"\r\n     data-ad-format=\"fluid\"\r\n     data-ad-layout-key=\"-6t+ed+2i-1n-4w\"\r\n     data-ad-client=\"ca-pub-1959107119989764\"\r\n     data-ad-slot=\"4008251320\"><\/ins>\r\n<script>\r\n     (adsbygoogle = window.adsbygoogle || []).push({});\r\n<\/script><\/div>\n","protected":false},"excerpt":{"rendered":"<p>Emelte a kutat\u00e1s \u00e9s kitermel\u00e9s (upstream) termel\u00e9si c\u00e9lt napi 120-130 ezer hord\u00f3ra a Mol 2020-2023-as id\u0151szakra &#8211; k\u00f6z\u00f6lte a Mol Nyrt. a t\u0151zsde honlapj\u00e1n cs\u00fct\u00f6rt\u00f6k\u00f6n.<\/p>\n","protected":false},"author":1,"featured_media":0,"comment_status":"closed","ping_status":"open","sticky":false,"template":"","format":"standard","meta":[],"categories":[7],"tags":[],"_links":{"self":[{"href":"https:\/\/gazdasagportal.hu\/index.php\/wp-json\/wp\/v2\/posts\/121132"}],"collection":[{"href":"https:\/\/gazdasagportal.hu\/index.php\/wp-json\/wp\/v2\/posts"}],"about":[{"href":"https:\/\/gazdasagportal.hu\/index.php\/wp-json\/wp\/v2\/types\/post"}],"author":[{"embeddable":true,"href":"https:\/\/gazdasagportal.hu\/index.php\/wp-json\/wp\/v2\/users\/1"}],"replies":[{"embeddable":true,"href":"https:\/\/gazdasagportal.hu\/index.php\/wp-json\/wp\/v2\/comments?post=121132"}],"version-history":[{"count":1,"href":"https:\/\/gazdasagportal.hu\/index.php\/wp-json\/wp\/v2\/posts\/121132\/revisions"}],"predecessor-version":[{"id":121133,"href":"https:\/\/gazdasagportal.hu\/index.php\/wp-json\/wp\/v2\/posts\/121132\/revisions\/121133"}],"wp:attachment":[{"href":"https:\/\/gazdasagportal.hu\/index.php\/wp-json\/wp\/v2\/media?parent=121132"}],"wp:term":[{"taxonomy":"category","embeddable":true,"href":"https:\/\/gazdasagportal.hu\/index.php\/wp-json\/wp\/v2\/categories?post=121132"},{"taxonomy":"post_tag","embeddable":true,"href":"https:\/\/gazdasagportal.hu\/index.php\/wp-json\/wp\/v2\/tags?post=121132"}],"curies":[{"name":"wp","href":"https:\/\/api.w.org\/{rel}","templated":true}]}}