{"id":121129,"date":"2019-11-07T11:00:53","date_gmt":"2019-11-07T10:00:53","guid":{"rendered":"http:\/\/gazdasagportal.hu\/?p=121129"},"modified":"2019-11-07T11:01:59","modified_gmt":"2019-11-07T10:01:59","slug":"a-vartnal-jobban-csokkent-a-nemet-ipari-termeles-szeptemberben","status":"publish","type":"post","link":"https:\/\/gazdasagportal.hu\/index.php\/a-vartnal-jobban-csokkent-a-nemet-ipari-termeles-szeptemberben\/","title":{"rendered":"A v\u00e1rtn\u00e1l jobban cs\u00f6kkent a n\u00e9met ipari termel\u00e9s szeptemberben"},"content":{"rendered":"<p><strong>Szeptemberben a v\u00e1rtn\u00e1l jobban cs\u00f6kkent havi \u00e9s \u00e9ves \u00f6sszehasonl\u00edt\u00e1sban a n\u00e9met ipari termel\u00e9s.<\/strong><!--more--><\/p>\n<div class=\"ads-in-post1\"><div id=\"gazdasagportal.hu_fullbanner_wideboard\"><\/div>\r\n<\/div>\n<p>    A n\u00e9met sz\u00f6vets\u00e9gi statisztikai hivatal, a Destatis cs\u00fct\u00f6rt\u00f6k\u00f6n azt k\u00f6z\u00f6lte, hogy szeptemberben szezon\u00e1lis \u00e9s napt\u00e1ri kiigaz\u00edt\u00e1ssal 0,6 sz\u00e1zal\u00e9kkal cs\u00f6kkent az el\u0151z\u0151 havihoz k\u00e9pest a n\u00e9met ipari termel\u00e9s volumene az augusztusi 0,4 sz\u00e1zal\u00e9kos emelked\u00e9s ut\u00e1n. Elemz\u0151k szer\u00e9nyebb, 0,4 sz\u00e1zal\u00e9kos termel\u00e9scs\u00f6kken\u00e9sre sz\u00e1m\u00edtottak.<br \/>\n    Az egy \u00e9vvel kor\u00e1bbihoz k\u00e9pest szeptemberben napt\u00e1rhat\u00e1ssal kiigaz\u00edtva 4,3 sz\u00e1zal\u00e9kkal esett a n\u00e9met ipari termel\u00e9s. Szak\u00e9rt\u0151k kisebb, 2,9 sz\u00e1zal\u00e9kos cs\u00f6kken\u00e9ssel sz\u00e1moltak az augusztusi 3,9 sz\u00e1zal\u00e9kos es\u00e9s ut\u00e1n.(MTI)<\/p>\n<p><script data-adfscript=\"adx.adform.net\/adx\/?mid=719265&#038;rnd=<random_number>\"><\/script><br \/>\n<script src=\"\/\/s1.adform.net\/banners\/scripts\/adx.js\" async defer><\/script><\/p>\n","protected":false},"excerpt":{"rendered":"<p>Szeptemberben a v\u00e1rtn\u00e1l jobban cs\u00f6kkent havi \u00e9s \u00e9ves \u00f6sszehasonl\u00edt\u00e1sban a n\u00e9met ipari termel\u00e9s.<\/p>\n","protected":false},"author":1,"featured_media":0,"comment_status":"closed","ping_status":"open","sticky":false,"template":"","format":"standard","meta":[],"categories":[246],"tags":[],"_links":{"self":[{"href":"https:\/\/gazdasagportal.hu\/index.php\/wp-json\/wp\/v2\/posts\/121129"}],"collection":[{"href":"https:\/\/gazdasagportal.hu\/index.php\/wp-json\/wp\/v2\/posts"}],"about":[{"href":"https:\/\/gazdasagportal.hu\/index.php\/wp-json\/wp\/v2\/types\/post"}],"author":[{"embeddable":true,"href":"https:\/\/gazdasagportal.hu\/index.php\/wp-json\/wp\/v2\/users\/1"}],"replies":[{"embeddable":true,"href":"https:\/\/gazdasagportal.hu\/index.php\/wp-json\/wp\/v2\/comments?post=121129"}],"version-history":[{"count":2,"href":"https:\/\/gazdasagportal.hu\/index.php\/wp-json\/wp\/v2\/posts\/121129\/revisions"}],"predecessor-version":[{"id":121131,"href":"https:\/\/gazdasagportal.hu\/index.php\/wp-json\/wp\/v2\/posts\/121129\/revisions\/121131"}],"wp:attachment":[{"href":"https:\/\/gazdasagportal.hu\/index.php\/wp-json\/wp\/v2\/media?parent=121129"}],"wp:term":[{"taxonomy":"category","embeddable":true,"href":"https:\/\/gazdasagportal.hu\/index.php\/wp-json\/wp\/v2\/categories?post=121129"},{"taxonomy":"post_tag","embeddable":true,"href":"https:\/\/gazdasagportal.hu\/index.php\/wp-json\/wp\/v2\/tags?post=121129"}],"curies":[{"name":"wp","href":"https:\/\/api.w.org\/{rel}","templated":true}]}}