{"id":121118,"date":"2019-11-07T07:43:06","date_gmt":"2019-11-07T06:43:06","guid":{"rendered":"http:\/\/gazdasagportal.hu\/?p=121118"},"modified":"2019-11-07T07:43:06","modified_gmt":"2019-11-07T06:43:06","slug":"erdogan-budapesten-forgalomkorlatozasok-lesznek-a-fovarosban","status":"publish","type":"post","link":"https:\/\/gazdasagportal.hu\/index.php\/erdogan-budapesten-forgalomkorlatozasok-lesznek-a-fovarosban\/","title":{"rendered":"Erdogan Budapesten &#8211; Forgalomkorl\u00e1toz\u00e1sok lesznek a f\u0151v\u00e1rosban"},"content":{"rendered":"<p><strong>Forgalomkorl\u00e1toz\u00e1sok lesznek ma Budapesten Recep Tayyip Erdogan t\u00f6r\u00f6k eln\u00f6k l\u00e1togat\u00e1sa miatt. T\u00f6bb k\u00f6z\u00f6ss\u00e9gi k\u00f6zleked\u00e9si j\u00e1rat r\u00f6vid\u00edtett vagy m\u00f3dos\u00edtott \u00fatvonalon k\u00f6zlekedik.<\/strong><!--more--><\/p>\n<div class=\"ads-in-post1\"><div id=\"gazdasagportal.hu_fullbanner_wideboard\"><\/div>\r\n<\/div>\n<p>A Budapesti Rend\u0151r-f\u0151kapit\u00e1nys\u00e1g a rend\u0151rs\u00e9g honlapj\u00e1n azt \u00edrta: a v\u00e1ltoz\u00e1sok az I., a II., az V., a VI., a XIV., a XV., a XVI. \u00e9s a XVII. ker\u00fcletet \u00e9rintik.<br \/>\nD\u00e9lel\u0151tt f\u00e9l t\u00edzt\u0151l f\u00e9l tizenkett\u0151ig szakaszosan \u00e9s id\u0151szakosan lez\u00e1rj\u00e1k a Liszt Ferenc-rep\u00fcl\u0151t\u00e9r &#8211; 4-es f\u0151\u00fat &#8211; M0-s aut\u00f3\u00fat &#8211; M3-as aut\u00f3p\u00e1lya bevezet\u0151 szakasza &#8211; Kacs\u00f3h Pongr\u00e1c \u00fati fel\u00fclj\u00e1r\u00f3 &#8211; K\u00f3s K\u00e1roly s\u00e9t\u00e1ny &#8211; H\u0151s\u00f6k tere &#8211; Andr\u00e1ssy \u00fat &#8211; J\u00f3zsef Attila utca &#8211; Sz\u00e9chenyi Istv\u00e1n t\u00e9r &#8211; L\u00e1nch\u00edd &#8211; Clark \u00c1d\u00e1m t\u00e9r &#8211; L\u00e1nch\u00edd utca &#8211; Ybl Mikl\u00f3s t\u00e9r &#8211; Apr\u00f3d utca &#8211; Attila \u00fat &#8211; D\u00f3zsa Gy\u00f6rgy t\u00e9r &#8211; Palota \u00fat &#8211; D\u00edsz t\u00e9r &#8211; Szent Gy\u00f6rgy utca &#8211; Szent Gy\u00f6rgy t\u00e9r \u00fatvonalat.<\/p>\n<p>&lt;script async src=&#8221;\/\/<a href=\"http:\/\/pagead2.googlesyndication.com\/pagead\/js\/adsbygoogle.js\" target=\"_blank\" rel=\"noopener noreferrer\" data-saferedirecturl=\"https:\/\/www.google.com\/url?q=http:\/\/pagead2.googlesyndication.com\/pagead\/js\/adsbygoogle.js&amp;source=gmail&amp;ust=1573047814627000&amp;usg=AFQjCNGH0OBQa4_j0EprXTimOGHoeAi4lQ\">pagead2.<wbr \/>googlesyndication.com\/pagead\/<wbr \/>js\/adsbygoogle.js<\/a>&#8222;&gt;&lt;\/script&gt;<br \/>\n&lt;!&#8211; 640&#215;400 &#8211;&gt;<br \/>\n&lt;ins class=&#8221;adsbygoogle&#8221;<br \/>\nstyle=&#8221;display:inline-block;<wbr \/>width:640px;height:400px&#8221;<br \/>\ndata-ad-client=&#8221;ca-pub-<wbr \/>1959107119989764&#8243;<br \/>\ndata-ad-slot=&#8221;6491857550&#8243;&gt;&lt;\/<wbr \/>ins&gt;<br \/>\n&lt;script&gt;<br \/>\n(adsbygoogle = window.adsbygoogle || []).push({});<br \/>\n&lt;\/script&gt;<br \/>\nEste f\u00e9l h\u00e9tt\u0151l f\u00e9l kilencig a T\u00fcrbe t\u00e9r &#8211; Turb\u00e1n utca &#8211; V\u00e9rhalom utca &#8211; Apostol utca &#8211; Ankara utca &#8211; Margit utca &#8211; Margit k\u00f6r\u00fat &#8211; T\u00f6lgyfa utca &#8211; Fekete Sas utca &#8211; Bem J\u00f3zsef t\u00e9r &#8211; Bem rakpart &#8211; J\u00e9gverem utca &#8211; F\u0151 utca &#8211; Clark \u00c1d\u00e1m t\u00e9r szakaszt, majd innent\u0151l a rep\u00fcl\u0151t\u00e9rig a d\u00e9lel\u0151ttivel megegyez\u0151 \u00fatvonalat z\u00e1rj\u00e1k le.<br \/>\nEmellett sok helyen meg\u00e1ll\u00e1si tilalom van \u00e9rv\u00e9nyben.<br \/>\nA forgalmi v\u00e1ltoz\u00e1sok a\u00a0<strong><a title=\"Hely megnyit\u00e1sa\" href=\"http:\/\/www.police.hu\/hu\/hirek-es-informaciok\/utinfo\/forgalmirend-valtozasok\/ideiglenes-forgalomkorlatozas-budapesten-158\" target=\"_blank\" rel=\"noopener noreferrer\">http:\/\/www.police.hu\/hu\/hirek-es-informaciok\/utinfo\/forgalmirend-valtozasok\/ideiglenes-forgalomkorlatozas-budapesten-158<\/a><\/strong>\u00a0c\u00edmen olvashat\u00f3k.<br \/>\nA Budapesti K\u00f6zleked\u00e9si K\u00f6zpont azt k\u00f6z\u00f6lte: a v\u00e1ltoz\u00e1sok f\u0151leg az Andr\u00e1ssy \u00fat-L\u00e1nch\u00edd \u00fatvonalat \u00e9s az ezt keresztez\u0151 utc\u00e1kat, valamint a budai V\u00e1r k\u00f6rny\u00e9k\u00e9t \u00e9rintik. \u00a0\u00a0\u00a0\u00a0A BKK arra k\u00e9ri a f\u0151v\u00e1rosban k\u00f6zleked\u0151ket, hogy ha tehetik, haszn\u00e1lj\u00e1k a k\u00f6t\u00f6ttp\u00e1ly\u00e1s k\u00f6z\u00f6ss\u00e9gi k\u00f6zleked\u00e9st, mindenekel\u0151tt az M2-es, az M3-as \u00e9s az M4-es metr\u00f3t.(MTI)<br \/>\n<div class=\"ads-in-post2\"><script async src=\"https:\/\/pagead2.googlesyndication.com\/pagead\/js\/adsbygoogle.js\"><\/script>\r\n<ins class=\"adsbygoogle\"\r\n     style=\"display:block\"\r\n     data-ad-format=\"fluid\"\r\n     data-ad-layout-key=\"-6t+ed+2i-1n-4w\"\r\n     data-ad-client=\"ca-pub-1959107119989764\"\r\n     data-ad-slot=\"4008251320\"><\/ins>\r\n<script>\r\n     (adsbygoogle = window.adsbygoogle || []).push({});\r\n<\/script><\/div>\n<p>&nbsp;<\/p>\n","protected":false},"excerpt":{"rendered":"<p>Forgalomkorl\u00e1toz\u00e1sok lesznek ma Budapesten Recep Tayyip Erdogan t\u00f6r\u00f6k eln\u00f6k l\u00e1togat\u00e1sa miatt. T\u00f6bb k\u00f6z\u00f6ss\u00e9gi k\u00f6zleked\u00e9si j\u00e1rat r\u00f6vid\u00edtett vagy m\u00f3dos\u00edtott \u00fatvonalon k\u00f6zlekedik.<\/p>\n","protected":false},"author":1,"featured_media":0,"comment_status":"closed","ping_status":"open","sticky":false,"template":"","format":"standard","meta":[],"categories":[4],"tags":[],"_links":{"self":[{"href":"https:\/\/gazdasagportal.hu\/index.php\/wp-json\/wp\/v2\/posts\/121118"}],"collection":[{"href":"https:\/\/gazdasagportal.hu\/index.php\/wp-json\/wp\/v2\/posts"}],"about":[{"href":"https:\/\/gazdasagportal.hu\/index.php\/wp-json\/wp\/v2\/types\/post"}],"author":[{"embeddable":true,"href":"https:\/\/gazdasagportal.hu\/index.php\/wp-json\/wp\/v2\/users\/1"}],"replies":[{"embeddable":true,"href":"https:\/\/gazdasagportal.hu\/index.php\/wp-json\/wp\/v2\/comments?post=121118"}],"version-history":[{"count":1,"href":"https:\/\/gazdasagportal.hu\/index.php\/wp-json\/wp\/v2\/posts\/121118\/revisions"}],"predecessor-version":[{"id":121119,"href":"https:\/\/gazdasagportal.hu\/index.php\/wp-json\/wp\/v2\/posts\/121118\/revisions\/121119"}],"wp:attachment":[{"href":"https:\/\/gazdasagportal.hu\/index.php\/wp-json\/wp\/v2\/media?parent=121118"}],"wp:term":[{"taxonomy":"category","embeddable":true,"href":"https:\/\/gazdasagportal.hu\/index.php\/wp-json\/wp\/v2\/categories?post=121118"},{"taxonomy":"post_tag","embeddable":true,"href":"https:\/\/gazdasagportal.hu\/index.php\/wp-json\/wp\/v2\/tags?post=121118"}],"curies":[{"name":"wp","href":"https:\/\/api.w.org\/{rel}","templated":true}]}}