{"id":121116,"date":"2019-11-06T21:40:25","date_gmt":"2019-11-06T20:40:25","guid":{"rendered":"http:\/\/gazdasagportal.hu\/?p=121116"},"modified":"2019-11-21T15:41:44","modified_gmt":"2019-11-21T14:41:44","slug":"gyorsjelentes-2019-nott-a-telekom-nyeresege-es-bevetele","status":"publish","type":"post","link":"https:\/\/gazdasagportal.hu\/index.php\/gyorsjelentes-2019-nott-a-telekom-nyeresege-es-bevetele\/","title":{"rendered":"Gyorsjelent\u00e9s 2019: N\u0151tt a Telekom nyeres\u00e9ge \u00e9s bev\u00e9tele"},"content":{"rendered":"<p><strong>A Magyar Telekom Nyrt. csoport ad\u00f3zott eredm\u00e9nye \u00e9ves \u00f6sszehasonl\u00edt\u00e1sban 8,2 sz\u00e1zal\u00e9kkal 14,5 milli\u00e1rd forintra n\u0151tt, \u00e1rbev\u00e9tele 0,6 sz\u00e1zal\u00e9kkal 164,6 milli\u00e1rd forintra emelkedett az id\u00e9n a harmadik negyed\u00e9vben &#8211; k\u00f6z\u00f6lte a t\u00e1rsas\u00e1g a Budapesti \u00c9rt\u00e9kt\u0151zsde (B\u00c9T) honlapj\u00e1n szerd\u00e1n, a nemzetk\u00f6zi p\u00e9nz\u00fcgyi besz\u00e1mol\u00e1si standardok (IFRS) alapj\u00e1n k\u00e9sz\u00fclt gyorsjelent\u00e9s\u00e9ben.<\/strong><!--more--><\/p>\n<p>    Az elemz\u0151k a bev\u00e9tel \u00e9s a nyeres\u00e9g n\u00f6veked\u00e9s\u00e9re sz\u00e1m\u00edtottak, valamivel t\u00f6bb mint 3 sz\u00e1zal\u00e9kos (165,8 milli\u00e1rd forint) bev\u00e9teln\u00f6veked\u00e9st \u00e9s 13,5 sz\u00e1zal\u00e9kos (15,2 milli\u00e1rd forint) ad\u00f3zotteredm\u00e9ny-b\u0151v\u00fcl\u00e9st v\u00e1rtak.<br \/>\n    Id\u00e9n az els\u0151 kilenc h\u00f3napban a csoport szint\u0171 \u00e1rbev\u00e9tel 0,5 sz\u00e1zal\u00e9kkal 484 milli\u00e1rd forintra n\u0151tt, az ad\u00f3zott nyeres\u00e9g pedig 18,6 sz\u00e1zal\u00e9kkal 31,5 milli\u00e1rd forintra.<br \/>\n    A t\u00e1rsas\u00e1g k\u00f6zlem\u00e9nye id\u00e9zi R\u00e9kasi Tibor vez\u00e9rigazgat\u00f3t, aki elmondta: az \u00e9v els\u0151 kilenc h\u00f3napj\u00e1ban f\u0151 \u00fczleti tev\u00e9kenys\u00e9gekben folytat\u00f3dott a pozit\u00edv tendencia annak is k\u00f6sz\u00f6nhet\u0151en, hogy meg\u0151rizt\u00e9k versenyel\u0151ny\u00fcket. Hozz\u00e1tette: a negyed\u00e9ves bev\u00e9tel n\u00f6veked\u00e9se annak k\u00f6sz\u00f6nhet\u0151, hogy Magyarorsz\u00e1gon \u00e9s \u00c9szak-Maced\u00f3ni\u00e1ban is n\u00f6vekedtek a mobil adatbev\u00e9telek, ami nagyr\u00e9szt ellens\u00falyozta a hangalap\u00fa bev\u00e9telek \u00e9s a magyarorsz\u00e1gi k\u00e9sz\u00fcl\u00e9k\u00e9rt\u00e9kes\u00edt\u00e9si bev\u00e9telek cs\u00f6kken\u00e9s\u00e9t.     A vezet\u00e9kes bev\u00e9telek 2019 harmadik negyed\u00e9v\u00e9ben \u00e9ves \u00f6sszehasonl\u00edt\u00e1sban 4,1 sz\u00e1zal\u00e9kkal 52,3 milli\u00e1rd forintra, 2019 els\u0151 kilenc h\u00f3napj\u00e1ban pedig 3,1 sz\u00e1zal\u00e9kkal 157,7 milli\u00e1rd forintra n\u0151ttek. E n\u00f6veked\u00e9s h\u00e1tter\u00e9ben a TV-, a sz\u00e9less\u00e1v\u00fa kiskereskedelmi szolg\u00e1ltat\u00e1si bev\u00e9telek, valamint a k\u00e9sz\u00fcl\u00e9k\u00e9rt\u00e9kes\u00edt\u00e9si bev\u00e9telek emelked\u00e9se \u00e1ll.  <\/p>\n<p><script async src=\"\/\/pagead2.googlesyndication.com\/pagead\/js\/adsbygoogle.js\"><\/script><br \/>\n<!-- 640x400 --><br \/>\n<ins class=\"adsbygoogle\"\n     style=\"display:inline-block;width:640px;height:400px\"\n     data-ad-client=\"ca-pub-1959107119989764\"\n     data-ad-slot=\"6491857550\"><\/ins><br \/>\n<script>\n(adsbygoogle = window.adsbygoogle || []).push({});\n<\/script><\/p>\n<p>    A rendszerintegr\u00e1ci\u00f3s (RI) \u00e9s IT bev\u00e9telek 2019 harmadik negyed\u00e9v\u00e9ben 5,4 sz\u00e1zal\u00e9kkal, 22,2 milli\u00e1rd forintra cs\u00f6kkentek \u00e9ves \u00f6sszehasonl\u00edt\u00e1sban, a magyarorsz\u00e1gi k\u00f6zszf\u00e9ra sz\u00e1m\u00e1ra teljes\u00edtett megrendel\u00e9sekb\u0151l sz\u00e1rmaz\u00f3 bev\u00e9telek m\u00e9rs\u00e9kl\u0151d\u00e9se k\u00f6vetkezt\u00e9ben. \u00c9szak-Maced\u00f3ni\u00e1ban az RI\/IT bev\u00e9telek cs\u00f6kken\u00e9s\u00e9t a megrendel\u00e9sek szezonalit\u00e1s\u00e1nak k\u00fcl\u00f6nbs\u00e9ge okozta. Az RI\/IT bev\u00e9telek 2019 els\u0151 kilenc h\u00f3napj\u00e1ban, \u00e9ves \u00f6sszehasonl\u00edt\u00e1sban, 13,7 sz\u00e1zal\u00e9kkal m\u00e9rs\u00e9kl\u0151dtek, ami az oktat\u00e1si szf\u00e9ra sz\u00e1m\u00e1ra a 2018 m\u00e1sodik negyed\u00e9v\u00e9ben jelent\u0151s mennyis\u00e9g\u0171 szem\u00e9lyi sz\u00e1m\u00edt\u00f3g\u00e9p lesz\u00e1ll\u00edt\u00e1s\u00e1b\u00f3l sz\u00e1rmaz\u00f3 bev\u00e9telek hi\u00e1ny\u00e1t is t\u00fckr\u00f6zi.<br \/>\n    A k\u00f6zvetlen k\u00f6lts\u00e9gek \u00e9ves \u00f6sszehasonl\u00edt\u00e1sban 1,2 sz\u00e1zal\u00e9kkal, 69,3 milli\u00e1rd forintra zsugorodtak 2019 harmadik negyed\u00e9v\u00e9ben, amit a k\u00f6vetel\u00e9sek \u00e9rt\u00e9kveszt\u00e9s\u00e9nek a le\u00edr\u00e1si kulcsok v\u00e1ltoz\u00e1sa miatti egyszeri cs\u00f6kken\u00e9se okozott. 2019 els\u0151 kilenc h\u00f3napj\u00e1ban a k\u00f6zvetlen k\u00f6lts\u00e9gek nagyj\u00e1b\u00f3l v\u00e1ltozatlanul alakultak az el\u0151z\u0151 \u00e9v azonos id\u0151szak\u00e1hoz hasonl\u00edtva, mivel az RI\/IT szolg\u00e1ltat\u00e1sokkal kapcsolatos r\u00e1ford\u00edt\u00e1sok jelent\u0151s cs\u00f6kken\u00e9se ellens\u00falyozta az egy\u00e9b k\u00f6zvetlen k\u00f6lts\u00e9gek emelked\u00e9s\u00e9t.<br \/>\n    Az idei \u00e9vre a Telekom publikus c\u00e9lkit\u0171z\u00e9sei v\u00e1ltozatlanok: a bev\u00e9telek enyhe cs\u00f6kken\u00e9s\u00e9re sz\u00e1m\u00edtanak, az EBITDA eredm\u00e9nyben pedig 1-2 sz\u00e1zal\u00e9kos n\u00f6veked\u00e9sre. A 2019-es \u00e9v eredm\u00e9nye ut\u00e1n az el\u0151rejelz\u00e9s szerint r\u00e9szv\u00e9nyenk\u00e9nt 27 forint osztal\u00e9kot fizetnek, a 2018-as 25 forint ut\u00e1n. A Capex k\u00f6lt\u00e9s (beruh\u00e1z\u00e1s t\u00e1rgyi eszk\u00f6z\u00f6kbe \u00e9s immateri\u00e1lis javakba) a spektrum licenszd\u00edjak n\u00e9lk\u00fcl a 2018-ashoz hasonl\u00f3an 92 milli\u00e1rd forint lesz id\u00e9n a jelent\u00e9s szerint.<br \/>\n    R\u00e9kasi Tibor vez\u00e9rigazgat\u00f3 k\u00f6zl\u00e9se szerint az eddig el\u00e9rt teljes\u00edtm\u00e9nnyel j\u00f3 \u00faton haladnak a 2019-re kit\u0171z\u00f6tt c\u00e9ljaik teljes\u00edt\u00e9se fel\u00e9. Az \u00faj h\u00e1l\u00f3zat\u00e9p\u00edt\u00e9seknek, valamint a k\u00e1belh\u00e1l\u00f3zat fejleszt\u00e9s\u00e9nek k\u00f6sz\u00f6nhet\u0151en m\u00e1r t\u00f6bb mint 1,7 milli\u00f3 el\u00e9r\u00e9si ponton tudj\u00e1k biztos\u00edtani a gigabit k\u00e9pess\u00e9g\u0171 internetkapcsolatot, emellett meg\u00faj\u00edtott\u00e1k mobil \u00e9s vezet\u00e9kes portf\u00f3li\u00f3jukat.<br \/>\n    A Telekom r\u00e9szv\u00e9nyeivel a B\u00c9T pr\u00e9mium kateg\u00f3ri\u00e1j\u00e1ban kereskednek, az elm\u00falt egy \u00e9vben a r\u00e9szv\u00e9nyek legalacsonyabb \u00e1ra 397 forint, a legmagasabb 476,5 forint volt.<br \/>\n    Szerd\u00e1n a Telekom \u00e1ra 3 forinttal, 0,69 sz\u00e1zal\u00e9kkal 440 forintra n\u0151tt.(MTI)<br \/>\n<div class=\"ads-in-post2\"><script async src=\"https:\/\/pagead2.googlesyndication.com\/pagead\/js\/adsbygoogle.js\"><\/script>\r\n<ins class=\"adsbygoogle\"\r\n     style=\"display:block\"\r\n     data-ad-format=\"fluid\"\r\n     data-ad-layout-key=\"-6t+ed+2i-1n-4w\"\r\n     data-ad-client=\"ca-pub-1959107119989764\"\r\n     data-ad-slot=\"4008251320\"><\/ins>\r\n<script>\r\n     (adsbygoogle = window.adsbygoogle || []).push({});\r\n<\/script><\/div>\n","protected":false},"excerpt":{"rendered":"<p>A Magyar Telekom Nyrt. csoport ad\u00f3zott eredm\u00e9nye \u00e9ves \u00f6sszehasonl\u00edt\u00e1sban 8,2 sz\u00e1zal\u00e9kkal 14,5 milli\u00e1rd forintra n\u0151tt, \u00e1rbev\u00e9tele 0,6 sz\u00e1zal\u00e9kkal 164,6 milli\u00e1rd forintra emelkedett az id\u00e9n a harmadik negyed\u00e9vben &#8211; k\u00f6z\u00f6lte a t\u00e1rsas\u00e1g a Budapesti \u00c9rt\u00e9kt\u0151zsde (B\u00c9T) honlapj\u00e1n szerd\u00e1n, a nemzetk\u00f6zi p\u00e9nz\u00fcgyi besz\u00e1mol\u00e1si standardok (IFRS) alapj\u00e1n k\u00e9sz\u00fclt gyorsjelent\u00e9s\u00e9ben.<\/p>\n","protected":false},"author":1001003,"featured_media":68313,"comment_status":"closed","ping_status":"open","sticky":false,"template":"","format":"standard","meta":[],"categories":[146,7,47,34],"tags":[85],"_links":{"self":[{"href":"https:\/\/gazdasagportal.hu\/index.php\/wp-json\/wp\/v2\/posts\/121116"}],"collection":[{"href":"https:\/\/gazdasagportal.hu\/index.php\/wp-json\/wp\/v2\/posts"}],"about":[{"href":"https:\/\/gazdasagportal.hu\/index.php\/wp-json\/wp\/v2\/types\/post"}],"author":[{"embeddable":true,"href":"https:\/\/gazdasagportal.hu\/index.php\/wp-json\/wp\/v2\/users\/1001003"}],"replies":[{"embeddable":true,"href":"https:\/\/gazdasagportal.hu\/index.php\/wp-json\/wp\/v2\/comments?post=121116"}],"version-history":[{"count":2,"href":"https:\/\/gazdasagportal.hu\/index.php\/wp-json\/wp\/v2\/posts\/121116\/revisions"}],"predecessor-version":[{"id":121497,"href":"https:\/\/gazdasagportal.hu\/index.php\/wp-json\/wp\/v2\/posts\/121116\/revisions\/121497"}],"wp:featuredmedia":[{"embeddable":true,"href":"https:\/\/gazdasagportal.hu\/index.php\/wp-json\/wp\/v2\/media\/68313"}],"wp:attachment":[{"href":"https:\/\/gazdasagportal.hu\/index.php\/wp-json\/wp\/v2\/media?parent=121116"}],"wp:term":[{"taxonomy":"category","embeddable":true,"href":"https:\/\/gazdasagportal.hu\/index.php\/wp-json\/wp\/v2\/categories?post=121116"},{"taxonomy":"post_tag","embeddable":true,"href":"https:\/\/gazdasagportal.hu\/index.php\/wp-json\/wp\/v2\/tags?post=121116"}],"curies":[{"name":"wp","href":"https:\/\/api.w.org\/{rel}","templated":true}]}}