{"id":121112,"date":"2019-11-08T04:04:20","date_gmt":"2019-11-08T03:04:20","guid":{"rendered":"http:\/\/gazdasagportal.hu\/?p=121112"},"modified":"2019-11-06T21:35:55","modified_gmt":"2019-11-06T20:35:55","slug":"iden-kozel-50-ezer-forintot-szanunk-karacsonyi-ajandekokra","status":"publish","type":"post","link":"https:\/\/gazdasagportal.hu\/index.php\/iden-kozel-50-ezer-forintot-szanunk-karacsonyi-ajandekokra\/","title":{"rendered":"Id\u00e9n k\u00f6zel 50 ezer forintot sz\u00e1nunk kar\u00e1csonyi aj\u00e1nd\u00e9kokra"},"content":{"rendered":"<div class=\"et_pb_row et_pb_row_0\">\n<div class=\"et_pb_column et_pb_column_4_4 et_pb_column_0    et_pb_css_mix_blend_mode_passthrough et-last-child\">\n<div class=\"et_pb_module et_pb_text et_pb_text_0 et_pb_bg_layout_light  et_pb_text_align_left\">\n<div class=\"et_pb_text_inner\">\n<p><strong>Alig m\u00e1sf\u00e9l h\u00f3nap van h\u00e1tra kar\u00e1csonyig, k\u00f6zeledik a kereskedelemben m\u00e1r megszokott \u00fcnnepi roham, amit \u2013 imm\u00e1r hagyom\u00e1nyosan \u2013 haz\u00e1nkban is a november m\u00e1sodik fel\u00e9ben esed\u00e9kes Black Friday akci\u00f3k nyitnak majd meg. Az \u00c1rukeres\u0151.hu \u00e9s a GKI Digital \u00e9ves rendszeress\u00e9g\u0171 k\u00f6z\u00f6s kutat\u00e1sa, a hazai internetez\u0151 feln\u0151tt lakoss\u00e1g k\u00f6r\u00e9ben id\u00e9n is arra keresi a v\u00e1laszt, hogy milyen aj\u00e1nd\u00e9kokkal tervezz\u00fck meglepni szeretteinket, bar\u00e1tainkat, ismer\u0151seinket.<\/strong><\/p>\n<h4><strong>8 embernek vesz\u00fcnk aj\u00e1nd\u00e9kot<\/strong><\/h4>\n<p><strong>Az elm\u00falt 4 \u00e9v tekintet\u00e9ben minden bizonnyal az id\u00e9n lesz a \u201eleggazdagabb\u201d a magyar internetez\u0151k kar\u00e1csonya \u2013 2019-ben \u00e1tlagosan 8 f\u0151 megaj\u00e1nd\u00e9koz\u00e1s\u00e1t<\/strong>\u00a0tervezik az internetez\u0151k, \u00e9s az aj\u00e1nd\u00e9kokra sz\u00e1nt k\u00f6lts\u00e9gkeret is 5 \u00e9ves cs\u00facson van:\u00a0a tavalyi 41 ezer forint helyett<strong>\u00a0id\u00e9n m\u00e1r \u00e1tlagosan 48\u00a0400 forintot tervez\u00fcnk k\u00f6lteni az aj\u00e1nd\u00e9kokra \u00f6sszesen, ami t\u00f6bb mint 20 ezer forinttal haladja meg a n\u00e9gy \u00e9vvel ezel\u0151tti keretet.\u00a0<\/strong>A megaj\u00e1nd\u00e9kozand\u00f3k k\u00f6r\u00e9t a sz\u0171k, valamint a t\u00e1gabb csal\u00e1d mellett bar\u00e1tok, koll\u00e9g\u00e1k, egy\u00e9b ismer\u0151s\u00f6k alkotj\u00e1k.<\/p>\n<\/div>\n<\/div>\n<\/div>\n<\/div>\n<div class=\"et_pb_row et_pb_row_1\">\n<div class=\"et_pb_column et_pb_column_1_2 et_pb_column_1    et_pb_css_mix_blend_mode_passthrough\">\n<div class=\"et_pb_module et_pb_text et_pb_text_1 et_pb_bg_layout_light  et_pb_text_align_left\">\n<div class=\"et_pb_text_inner\">\n<h4><strong>T\u00e1j\u00e9koz\u00f3d\u00e1s: A legt\u00f6bben m\u00e1r az \u00e1r-\u00f6sszehasonl\u00edt\u00f3 oldalakat haszn\u00e1lj\u00e1k els\u0151k\u00e9nt<\/strong><\/h4>\n<p><!--more--><\/p>\n<div class=\"ads-in-post1\"><div id=\"gazdasagportal.hu_fullbanner_wideboard\"><\/div>\r\n<\/div>\nAz internet v\u00e1s\u00e1rl\u00e1sban bet\u00f6lt\u00f6tt szerepe megk\u00e9rd\u0151jelezhetetlen. Az\u00a0<a href=\"https:\/\/gkidigital.hu\/2019\/09\/09\/200milliard-felett-az-online-kisker\/\" target=\"_blank\" rel=\"noopener\">online v\u00e1s\u00e1rl\u00e1s dinamikus fejl\u0151d\u00e9se<\/a>\u00a0mellett, m\u00e1r a rendel\u00e9s el\u0151tti t\u00e1j\u00e9koz\u00f3d\u00e1sban is megel\u0151zi az internet az olyan hagyom\u00e1nyos csatorn\u00e1kat, mint a bolti n\u00e9zel\u0151d\u00e9s, vagy az akci\u00f3s \u00fajs\u00e1gok \u00e9s egy\u00e9b hirdet\u00e9sek, rekl\u00e1mok b\u00f6ng\u00e9sz\u00e9se. \u00dajdons\u00e1g azonban, hogy helycser\u00e9re ker\u00fclt sor a vil\u00e1gh\u00e1l\u00f3n bel\u00fcli t\u00e1j\u00e9koz\u00f3d\u00e1si forr\u00e1sok sorrendj\u00e9ben:\u00a0<strong>2019-ben m\u00e1r az \u00e1r-\u00f6sszehasonl\u00edt\u00f3 oldalak (pl.: \u00c1rukeres\u0151.hu stb.) haszn\u00e1lata a legkedveltebb megold\u00e1s a v\u00e1s\u00e1rl\u00e1s el\u0151tti t\u00e1j\u00e9koz\u00f3d\u00e1s \u00e9s term\u00e9kkeres\u00e9s sor\u00e1n (74%), megel\u0151zve a web\u00e1ruh\u00e1zak k\u00edn\u00e1lat\u00e1nak \u00e1tn\u00e9z\u00e9s\u00e9t (57%), valamint az internetes keres\u0151kb\u0151l (pl.: Google, Bing stb.) indul\u00f3 t\u00e1j\u00e9koz\u00f3d\u00e1st (55%).<\/strong><\/p>\n<p><strong>Az \u00e1r-\u00f6sszehasonl\u00edt\u00f3 oldalak t\u00e9rnyer\u00e9se az ut\u00f3bbi \u00e9vek trendjeit figyelembe v\u00e9ve nem meglep\u0151.<\/strong>\u00a0Amellett, hogy a funkci\u00f3k tekintet\u00e9ben term\u00e9szetesen tov\u00e1bbra is k\u00f6zponti szerep jut a legjobb aj\u00e1nlatok megtal\u00e1l\u00e1s\u00e1nak \u2013 a magyar internetez\u0151k 61%-a szerint ez az oldalak legfontosabb funkci\u00f3ja \u2013 hasznosak \u00e9s ez\u00e9rt\u00a0<strong>egyre n\u00e9pszer\u0171bbek a term\u00e9kkeres\u00e9shez, term\u00e9kv\u00e1laszt\u00e1shoz k\u00f6t\u0151d\u0151 \u00faj funkci\u00f3k<\/strong>\u00a0is.<br \/>\nAz orsz\u00e1g legn\u00e9pszer\u0171bb \u00e1r- \u00e9s term\u00e9k \u00f6sszehasonl\u00edt\u00f3 oldalak\u00e9nt az\u00a0<a href=\"http:\/\/www.arukereso.hu\/\" target=\"_blank\" rel=\"noopener\">\u00c1rukeres\u0151.hu<\/a>\u00a0ezen extra szolg\u00e1ltat\u00e1sok ny\u00fajt\u00e1s\u00e1ban \u00e9len j\u00e1r. Az oldalon lehet\u0151s\u00e9g van r\u00e9szletes, param\u00e9terezett term\u00e9kkeres\u00e9sre, \u00e1r-figyel\u00e9sre, valamint keresked\u0151k \u00e9s konkr\u00e9t term\u00e9kek \u00e9rt\u00e9kel\u00e9s\u00e9re is. Ezek r\u00e9v\u00e9n<strong>\u00a0az \u00c1rukeres\u0151.hu meghat\u00e1roz\u00f3 szerepet j\u00e1tszik a magyar online v\u00e1s\u00e1rl\u00e1sok seg\u00edt\u00e9s\u00e9ben a megfelel\u0151 term\u00e9k kiv\u00e1laszt\u00e1s\u00e1t\u00f3l, eg\u00e9szen a legmegb\u00edzhat\u00f3bb keresked\u0151 megtal\u00e1l\u00e1s\u00e1ig<\/strong>. L\u00e1togat\u00f3i jelenleg t\u00f6bb mint 3500 web\u00e1ruh\u00e1z 14 milli\u00f3 aj\u00e1nlata k\u00f6z\u00fcl v\u00e1logathatnak az oldalon.<\/p><div id=\"gazda-3393556866\" class=\"gazda-tartalomban gazda-entity-placement\"><script async src=\"https:\/\/pagead2.googlesyndication.com\/pagead\/js\/adsbygoogle.js\"><\/script>\r\n<ins class=\"adsbygoogle\"\r\n     style=\"display:block\"\r\n     data-ad-format=\"fluid\"\r\n     data-ad-layout-key=\"-6t+ed+2i-1n-4w\"\r\n     data-ad-client=\"ca-pub-1959107119989764\"\r\n     data-ad-slot=\"4008251320\"><\/ins>\r\n<script>\r\n     (adsbygoogle = window.adsbygoogle || []).push({});\r\n<\/script><\/div>\n<h4><strong>Az internetez\u0151k az online v\u00e1s\u00e1rl\u00e1sra voksolnak<\/strong><\/h4>\n<p>A t\u00e1j\u00e9koz\u00f3d\u00e1s mellett m\u00e1r a beszerz\u00e9sek jelent\u0151s r\u00e9sze is az interneten zajlik: a magyar netez\u0151k\u00a0<strong>80%-a id\u00e9n is tervez belf\u00f6ldi web\u00e1ruh\u00e1zb\u00f3l\u00a0<\/strong>rendelni, de\u00a0<strong>18% k\u00fclf\u00f6ldi rendel\u00e9s lehet\u0151s\u00e9g\u00e9t se veti el, \u00e1tlagosan 14 ezer forintot sz\u00e1nva erre.\u00a0<\/strong><\/p>\n<p><strong>Azok, akik az online felt\u00e9rk\u00e9pez\u00e9st k\u00f6vet\u0151en nem internetr\u0151l rendelik meg a term\u00e9ket, legink\u00e1bb tov\u00e1bbra is pl\u00e1z\u00e1kban (54%) vagy hagyom\u00e1nyos boltban, szak\u00fczletben (29%) v\u00e1s\u00e1rolnak majd id\u00e9n is. A k\u00fclf\u00f6ldi rendel\u00e9sekben \u00e9len j\u00e1rnak a f\u00e9rfiak, pl\u00e1z\u00e1kban viszont sz\u00edvesebben v\u00e1s\u00e1rolnak a n\u0151k, illetve a fiatalok \u00e9s nyugd\u00edjasok.<\/strong><\/p>\n<h4><strong>\u00d6sszetett folyamat az aj\u00e1nd\u00e9kok beszerz\u00e9se<\/strong><\/h4>\n<p>Ugyan az aj\u00e1nd\u00e9kok beszerz\u00e9s\u00e9t\u00a0<strong>nem lehet el\u00e9g kor\u00e1n elkezdeni (az internetez\u0151k 21%-a m\u00e1r okt\u00f3berben nekil\u00e1tott), a legt\u00f6bben nem k\u00f6tik ezt a folyamatot konkr\u00e9t id\u0151szakhoz, hanem ink\u00e1bb a megfelel\u0151 akci\u00f3kra v\u00e1rnak (39%).<\/strong>\u00a0Ett\u0151l f\u00fcggetlen\u00fcl az internetez\u0151k t\u00f6bbs\u00e9ge nem akarja az utols\u00f3 napokra hagyni az aj\u00e1nd\u00e9kv\u00e1s\u00e1rl\u00e1st.<\/p>\n<\/div>\n<\/div>\n<\/div>\n<div class=\"et_pb_column et_pb_column_1_2 et_pb_column_2    et_pb_css_mix_blend_mode_passthrough et-last-child\">\n<div class=\"et_pb_module et_pb_image et_pb_image_0 et_always_center_on_mobile\"><a class=\"et_pb_lightbox_image\" title=\"\" href=\"https:\/\/gkidigital.hu\/wp-content\/uploads\/2019\/11\/infografika_2019_karacsonyikutatas_1200x3200px-final.jpg\" target=\"_blank\" rel=\"noopener\"><span class=\"et_pb_image_wrap\"><img decoding=\"async\" src=\"https:\/\/gkidigital.hu\/wp-content\/uploads\/2019\/11\/infografika_2019_karacsonyikutatas_1200x3200px-final.jpg\" alt=\"\" \/><\/span><\/a><\/div>\n<\/div>\n<\/div>\n<div class=\"et_pb_row et_pb_row_2\">\n<div class=\"et_pb_column et_pb_column_4_4 et_pb_column_3    et_pb_css_mix_blend_mode_passthrough et-last-child\">\n<div class=\"et_pb_module et_pb_text et_pb_text_2 et_pb_bg_layout_light  et_pb_text_align_left\">\n<div class=\"et_pb_text_inner\">\n<p><strong>A halogat\u00e1s legink\u00e1bb a legfiatalabb (Z gener\u00e1ci\u00f3s) v\u00e1s\u00e1rl\u00f3kra \u00e9s f\u00e9rfiakra jellemz\u0151.<\/strong>\u00a0\u0150k nagyobb es\u00e9llyel hagyom\u00e1nyos m\u00f3don int\u00e9zik majd a beszerz\u00e9st, p\u00e9ld\u00e1ul pl\u00e1z\u00e1kat j\u00e1rva keresnek aj\u00e1nd\u00e9k\u00f6tletet az \u00fcnnepet megel\u0151z\u0151 napokban.<\/p>\n<p><strong>\u00c9rdekess\u00e9g, hogy a nemek k\u00f6z\u00f6tt ilyen t\u00e9ren nagy k\u00fcl\u00f6nbs\u00e9gek mutatkoznak.<\/strong>\u00a0A n\u0151i v\u00e1s\u00e1rl\u00f3k el\u0151bb neki \u00e1llnak az aj\u00e1nd\u00e9kgy\u0171jt\u00e9snek, \u00e9s a legjobb akci\u00f3kat rem\u00e9lve, elny\u00fajtj\u00e1k a v\u00e1s\u00e1rl\u00e1sokat eg\u00e9szen december k\u00f6zep\u00e9ig. Ezzel szemben a f\u00e9rfi v\u00e1s\u00e1rl\u00f3k sz\u00edvesebben int\u00e9zik az aj\u00e1nd\u00e9kbeszerz\u00e9st t\u00f6mb\u00f6s\u00edtve, egy-egy kiemelt id\u0151szakra\/akci\u00f3ra koncentr\u00e1lva. Eset\u00fckben ez\u00e9rt a Black Friday \u2013 mint alkalom \u2013 2x olyan n\u00e9pszer\u0171 aj\u00e1nd\u00e9kv\u00e1s\u00e1rl\u00e1s c\u00e9lj\u00e1b\u00f3l, mint a n\u0151kn\u00e9l.<\/p>\n<h4><strong>\u00c1r-\u00e9rt\u00e9k szempontok ment\u00e9n d\u00f6nt\u00fcnk, de m\u00e9g mindig a klasszikus aj\u00e1nd\u00e9kokban hisz\u00fcnk<\/strong><\/h4>\n<p><strong>A megfelel\u0151 kar\u00e1csonyi aj\u00e1nd\u00e9k kiv\u00e1laszt\u00e1sa sosem egyszer\u0171 feladat.<\/strong>\u00a0<strong>Az \u00e1rc\u00e9dula mellett \u00e9vr\u0151l \u00e9vre egyre hangs\u00falyosabb\u00e1 v\u00e1lnak az egy\u00e9b szempontok is:<\/strong>\u00a0<strong>ilyen tekintetben a legt\u00f6bben (46%) az aj\u00e1nd\u00e9kba sz\u00e1nt term\u00e9k \u00e1r-\u00e9rt\u00e9k ar\u00e1nya alapj\u00e1n d\u00f6ntenek\u00a0<\/strong>folyamatosan figyelve, hogyan v\u00e1ltozik az aj\u00e1nd\u00e9kba sz\u00e1nt term\u00e9k \u00e1ra, t\u00f6rekedve arra, hogy a lehet\u0151 legkedvez\u0151bb akci\u00f3t cs\u00edpj\u00e9k el.<\/p>\n<p><strong>Az aj\u00e1nd\u00e9kok kapcs\u00e1n tov\u00e1bbra is a klasszikusokra esk\u00fcsz\u00fcnk.<\/strong>\u00a0A h\u00e1rom legn\u00e9pszer\u0171bb term\u00e9kkateg\u00f3ria:<\/p>\n<ol>\n<li><strong><em>ruh\u00e1zati cikk (44%)<\/em><\/strong><\/li>\n<li><strong><em>sz\u00e9ps\u00e9g\u00e1pol\u00e1si term\u00e9k, kozmetikum (37%)<\/em><\/strong><\/li>\n<li><strong><em>j\u00e1t\u00e9k (36%)<\/em><\/strong><\/li>\n<\/ol>\n<p>Mik\u00f6zben a n\u0151kn\u00e9l a dobog\u00f3 ugyanezen a h\u00e1rom term\u00e9kk\u00f6rb\u0151l \u00e1ll, a f\u00e9rfiak aj\u00e1nd\u00e9koz\u00e1si list\u00e1j\u00e1nak k\u00e9pzeletbeli dobog\u00f3j\u00e1ra a ruh\u00e1k mellett felker\u00fcltek a sz\u00e1m\u00edt\u00e1stechnikai cikkek \u00e9s a mobiltelefonok is.<\/p>\n<h4><strong>A Black Friday akci\u00f3k sor\u00e1n ink\u00e1bb m\u00e9g magunknak v\u00e1s\u00e1rolunk<\/strong><\/h4>\n<p><strong>Id\u00e9n az akt\u00edv internetez\u0151k 1\/5-e \u2013 kb. 1,2 milli\u00f3 ember \u2013 az aj\u00e1nd\u00e9k beszerz\u00e9sek kapcs\u00e1n is sz\u00e1m\u00edt a novemberi Black Friday akci\u00f3kra, b\u00edzva a j\u00f3 aj\u00e1nlatokban \u00e9s a sz\u00e9les v\u00e1laszt\u00e9kban. Ugyanakkor a magyar v\u00e1s\u00e1rl\u00f3k a Fekete P\u00e9ntek akci\u00f3k sor\u00e1n els\u0151sorban m\u00e9g nem a kar\u00e1csonyi aj\u00e1nd\u00e9kokat v\u00e1s\u00e1rolj\u00e1k, hanem saj\u00e1t, az akci\u00f3s id\u0151szakra halasztott beszerz\u00e9seiket val\u00f3s\u00edtj\u00e1k meg.<\/strong><\/p>\n<p><strong>Ennek megfelel\u0151en \u2013 b\u00e1r az \u00fcnnepi szezon a Black Friday-al indul \u2013 novemberben legink\u00e1bb a sz\u00e1m\u00edt\u00e1stechnikai eszk\u00f6z\u00f6k (46%), sz\u00f3rakoztat\u00f3 elektronikai cikkek (44%), okostelefonok (45%) \u00e9s nagy h\u00e1ztart\u00e1si g\u00e9pek (39%) v\u00e1s\u00e1rl\u00e1s\u00e1t tervezik a v\u00e1s\u00e1rl\u00f3k.<\/strong>\u00a0Miut\u00e1n a saj\u00e1t v\u00e1s\u00e1rl\u00e1sokkal v\u00e9geztek, m\u00e9g \u00e1tb\u00f6ng\u00e9szik az aj\u00e1nlatokat kar\u00e1csonyi \u00f6tletek \u00e9s aj\u00e1nd\u00e9kok ut\u00e1n kutatva, de a kar\u00e1csonyra sz\u00e1nt meglepet\u00e9sek v\u00e1s\u00e1rl\u00e1s\u00e1val sokan ink\u00e1bb megv\u00e1rj\u00e1k a december eleji fizet\u00e9st.\u00a0<strong>A f\u00e9rfiak jellemz\u0151en konkr\u00e9t term\u00e9kk\u00f6r vagy term\u00e9k akci\u00f3s \u00e1r\u00e1t v\u00e1rj\u00e1k, m\u00edg a n\u0151k nyitottabbak, \u00e9s ink\u00e1bb azt n\u00e9zik, mit lehet le\u00e9rt\u00e9kelve kapni.<\/strong><\/p>\n<h4><strong>Ak\u00e1r 2-3 h\u00e9tig is tarthat a Black Friday<\/strong><\/h4>\n<p>Az Egyes\u00fclt \u00c1llamokban \u00e9vtizedek \u00f3ta a H\u00e1laad\u00e1st k\u00f6vet\u0151 els\u0151 p\u00e9ntek, azaz a Fekete P\u00e9ntek jelenti az \u00fcnnepekre val\u00f3 bev\u00e1s\u00e1rl\u00e1si szezon kezdet\u00e9t. A hivatalos Black Friday ebben az \u00e9vben viszonylag k\u00e9s\u0151n, november 29-\u00e9n esed\u00e9kes. Amerik\u00e1ban az \u00fczletek erre az egy napra hatalmas akci\u00f3kkal k\u00e9sz\u00fclnek, kor\u00e1bban nyitnak \u00e9s k\u00e9s\u0151bb z\u00e1rnak, a v\u00e1s\u00e1rl\u00f3k k\u00f6z\u00fcl pedig sokan szabadnapot vesznek ki a munkahely\u00fck\u00f6n.<\/p>\n<p><strong>Magyarorsz\u00e1gon is egyre n\u00e9pszer\u0171bb a kezdem\u00e9nyez\u00e9s, de m\u00e9g k\u00f6zel sincs ekkora hagyom\u00e1nya, mint a tengerent\u00falon, ez\u00e9rt a magyar piacon \u00e9rdekelt keresked\u0151k t\u00f6bbs\u00e9ge v\u00e1rhat\u00f3an a\u00a0<a href=\"https:\/\/gkidigital.hu\/2018\/11\/22\/unnepi-hajra-az-e-kereskedelemben\/\" target=\"_blank\" rel=\"noopener\">tavalyi \u00e9vhez hasonl\u00f3an<\/a>\u00a0id\u00e9n se v\u00e1rja majd meg a hivatalos d\u00e1tumot a saj\u00e1t akci\u00f3j\u00e1val.<\/strong>\u00a0Ennek k\u00f6vetkezt\u00e9ben m\u00e1r november k\u00f6zep\u00e9t\u0151l lehet sz\u00e1m\u00edtani nagy \u00e1res\u00e9sekre, melyetket az \u00c1rukeres\u0151.hu oldal\u00e1n folyamatosan nyomon k\u00f6vethet\u0151 p\u00e9ld\u00e1ul az \u00e1rdiagram funkci\u00f3 seg\u00edts\u00e9g\u00e9vel.<\/p>\n<p><em><strong>M\u00f3dszertan:<\/strong><\/em><\/p>\n<p><em>A kutat\u00e1st az \u00c1rukeres\u0151.hu megb\u00edz\u00e1s\u00e1b\u00f3l a GKI Digital k\u00e9sz\u00edtette el 2019 okt\u00f3ber\u00e9ben. A felm\u00e9r\u00e9s online adatfelv\u00e9tellel val\u00f3sult meg, 3056 f\u0151s v\u00e1laszad\u00f3i minta alapj\u00e1n. Az elemz\u00e9s sor\u00e1n a kapott eredm\u00e9nyek az akt\u00edv internetez\u0151k k\u00f6r\u00e9re vonatkoz\u00f3an kor szerinti megoszl\u00e1s tekintet\u00e9ben reprezentat\u00edv m\u00f3don ker\u00fcltek feldolgoz\u00e1sra. Az adatfelv\u00e9tel m\u00f3dj\u00e1b\u00f3l \u00e9s az el\u00e9rt c\u00e9lk\u00f6z\u00f6ns\u00e9gb\u0151l ad\u00f3d\u00f3an a kutat\u00e1s az akt\u00edv internetez\u0151k kar\u00e1csonyi v\u00e1s\u00e1rl\u00e1si terveit mutatja be.<\/em><\/p>\n<\/div>\n<\/div>\n<\/div>\n<\/div>\n<div class=\"ads-in-post2\"><script async src=\"https:\/\/pagead2.googlesyndication.com\/pagead\/js\/adsbygoogle.js\"><\/script>\r\n<ins class=\"adsbygoogle\"\r\n     style=\"display:block\"\r\n     data-ad-format=\"fluid\"\r\n     data-ad-layout-key=\"-6t+ed+2i-1n-4w\"\r\n     data-ad-client=\"ca-pub-1959107119989764\"\r\n     data-ad-slot=\"4008251320\"><\/ins>\r\n<script>\r\n     (adsbygoogle = window.adsbygoogle || []).push({});\r\n<\/script><\/div>\n","protected":false},"excerpt":{"rendered":"<p>Alig m\u00e1sf\u00e9l h\u00f3nap van h\u00e1tra kar\u00e1csonyig, k\u00f6zeledik a kereskedelemben m\u00e1r megszokott \u00fcnnepi roham, amit \u2013 imm\u00e1r hagyom\u00e1nyosan \u2013 haz\u00e1nkban is a november m\u00e1sodik fel\u00e9ben esed\u00e9kes Black Friday akci\u00f3k nyitnak majd meg. Az \u00c1rukeres\u0151.hu \u00e9s a GKI Digital \u00e9ves rendszeress\u00e9g\u0171 k\u00f6z\u00f6s kutat\u00e1sa, a hazai internetez\u0151 feln\u0151tt lakoss\u00e1g k\u00f6r\u00e9ben id\u00e9n is arra keresi a v\u00e1laszt, hogy milyen &#8230;<\/p>\n","protected":false},"author":1001003,"featured_media":0,"comment_status":"closed","ping_status":"open","sticky":false,"template":"","format":"standard","meta":[],"categories":[19],"tags":[],"_links":{"self":[{"href":"https:\/\/gazdasagportal.hu\/index.php\/wp-json\/wp\/v2\/posts\/121112"}],"collection":[{"href":"https:\/\/gazdasagportal.hu\/index.php\/wp-json\/wp\/v2\/posts"}],"about":[{"href":"https:\/\/gazdasagportal.hu\/index.php\/wp-json\/wp\/v2\/types\/post"}],"author":[{"embeddable":true,"href":"https:\/\/gazdasagportal.hu\/index.php\/wp-json\/wp\/v2\/users\/1001003"}],"replies":[{"embeddable":true,"href":"https:\/\/gazdasagportal.hu\/index.php\/wp-json\/wp\/v2\/comments?post=121112"}],"version-history":[{"count":1,"href":"https:\/\/gazdasagportal.hu\/index.php\/wp-json\/wp\/v2\/posts\/121112\/revisions"}],"predecessor-version":[{"id":121113,"href":"https:\/\/gazdasagportal.hu\/index.php\/wp-json\/wp\/v2\/posts\/121112\/revisions\/121113"}],"wp:attachment":[{"href":"https:\/\/gazdasagportal.hu\/index.php\/wp-json\/wp\/v2\/media?parent=121112"}],"wp:term":[{"taxonomy":"category","embeddable":true,"href":"https:\/\/gazdasagportal.hu\/index.php\/wp-json\/wp\/v2\/categories?post=121112"},{"taxonomy":"post_tag","embeddable":true,"href":"https:\/\/gazdasagportal.hu\/index.php\/wp-json\/wp\/v2\/tags?post=121112"}],"curies":[{"name":"wp","href":"https:\/\/api.w.org\/{rel}","templated":true}]}}