{"id":121110,"date":"2019-11-06T18:09:50","date_gmt":"2019-11-06T17:09:50","guid":{"rendered":"http:\/\/gazdasagportal.hu\/?p=121110"},"modified":"2019-11-06T17:10:54","modified_gmt":"2019-11-06T16:10:54","slug":"ellenszavazat-nelkul-dontott-a-monetaris-tanacs-az-alapkamat-tartasarol-oktoberben","status":"publish","type":"post","link":"https:\/\/gazdasagportal.hu\/index.php\/ellenszavazat-nelkul-dontott-a-monetaris-tanacs-az-alapkamat-tartasarol-oktoberben\/","title":{"rendered":"Ellenszavazat n\u00e9lk\u00fcl d\u00f6nt\u00f6tt a monet\u00e1ris tan\u00e1cs az alapkamat tart\u00e1s\u00e1r\u00f3l okt\u00f3berben"},"content":{"rendered":"<p><strong>A monet\u00e1ris tan\u00e1cs tagjai ellenszavazat n\u00e9lk\u00fcl d\u00f6nt\u00f6ttek okt\u00f3berben arr\u00f3l, hogy az alapkamat \u00e9s a kamatfolyos\u00f3 ne v\u00e1ltozzon, \u00e9s egyet\u00e9rtettek abban, hogy a monet\u00e1ris politikai d\u00f6nt\u00e9sekn\u00e9l tov\u00e1bbra is az \u00f3vatos megk\u00f6zel\u00edt\u00e9s indokolt &#8211; k\u00f6z\u00f6lte a Magyar Nemzeti Bank (MNB) az okt\u00f3ber 22-i kamatd\u00f6nt\u0151 \u00fcl\u00e9sr\u0151l kiadott r\u00f6vid\u00edtett jegyz\u0151k\u00f6nyv\u00e9ben a honlapj\u00e1n szerd\u00e1n.<\/strong><!--more--><\/p>\n<div class=\"ads-in-post1\"><div id=\"gazdasagportal.hu_fullbanner_wideboard\"><\/div>\r\n<\/div>\n<p>    A monet\u00e1ris tan\u00e1cs az alapkamatot, az egynapos jegybanki fedezett hitel kamat\u00e1t \u00e9s az egyhetes jegybanki fedezett hitel kamat\u00e1t v\u00e1ltozatlanul 0,9 sz\u00e1zal\u00e9kon, az egynapos jegybanki bet\u00e9t kamat\u00e1t pedig -0,05 sz\u00e1zal\u00e9kon tartotta, ami megfelelt az elemz\u0151i v\u00e1rakoz\u00e1soknak. A jegybanki alapkamat 2016. m\u00e1jus 25. \u00f3ta 0,90 sz\u00e1zal\u00e9kon \u00e1ll.<br \/>\n    A tan\u00e1cstagok v\u00e9lem\u00e9nye szerint az elm\u00falt h\u00f3napban be\u00e9rkezett makrogazdas\u00e1gi adatok a szeptemberi Infl\u00e1ci\u00f3s jelent\u00e9s el\u0151rejelz\u00e9s\u00e9vel \u00f6sszhangban alakultak, az infl\u00e1ci\u00f3s kil\u00e1t\u00e1sokban nem t\u00f6rt\u00e9nt elmozdul\u00e1s az el\u0151z\u0151 d\u00f6nt\u00e9s \u00f3ta.<br \/>\n    Szeptemberben az infl\u00e1ci\u00f3 2,8, a maginfl\u00e1ci\u00f3 3,9, m\u00edg az indirekt ad\u00f3kt\u00f3l sz\u0171rt maginfl\u00e1ci\u00f3 3,4 sz\u00e1zal\u00e9k volt. Az infl\u00e1ci\u00f3t a feldolgozatlan \u00e9lelmiszerek \u00e9s az \u00fczemanyagok \u00e1rindex\u00e9nek cs\u00f6kken\u00e9se m\u00e9rs\u00e9kelte. A szeptemberi maginfl\u00e1ci\u00f3s adatokkal kapcsolatban t\u00f6bb d\u00f6nt\u00e9shoz\u00f3 r\u00e1mutatott, hogy a piaci szolg\u00e1ltat\u00e1sok \u00e1rindex\u00e9nek alakul\u00e1s\u00e1t egy egyedi t\u00e9tel, a telekommunik\u00e1ci\u00f3s szektor kiugr\u00f3 \u00e1remelked\u00e9se befoly\u00e1solta.<br \/>\n    A test\u00fclet szerint az infl\u00e1ci\u00f3 v\u00e1rhat\u00f3 alakul\u00e1s\u00e1t meghat\u00e1roz\u00f3 t\u00e9nyez\u0151kben v\u00e1ltozatlanul kett\u0151ss\u00e9g figyelhet\u0151 meg: az \u00e9l\u00e9nk bels\u0151 kereslet emeli, m\u00edg a roml\u00f3 k\u00fcls\u0151 konjunkt\u00fara egyre ink\u00e1bb f\u00e9kezi az \u00e1remelked\u00e9s \u00fctem\u00e9t. A ny\u00e1ri h\u00f3napokban a v\u00e1rtt\u00f3l sz\u00e1mottev\u0151en elmarad\u00f3 ad\u00f3sz\u0171rt maginfl\u00e1ci\u00f3 \u00e9s a lassul\u00f3 eur\u00f3pai konjunkt\u00fara hat\u00e1sai a hosszabb t\u00e1v\u00fa infl\u00e1ci\u00f3s kil\u00e1t\u00e1sok eset\u00e9ben is a lefel\u00e9 mutat\u00f3 kock\u00e1zatok er\u0151s\u00f6d\u00e9s\u00e9t jelzik.<br \/>\n<script async src=\"\/\/pagead2.googlesyndication.com\/pagead\/js\/adsbygoogle.js\"><\/script><br \/>\n<!-- 640x400 --><br \/>\n<ins class=\"adsbygoogle\"\n     style=\"display:inline-block;width:640px;height:400px\"\n     data-ad-client=\"ca-pub-1959107119989764\"\n     data-ad-slot=\"6491857550\"><\/ins><br \/>\n<script>\n(adsbygoogle = window.adsbygoogle || []).push({});\n<\/script><br \/>\n    A tan\u00e1cs v\u00e1rakoz\u00e1sa szerint a fogyaszt\u00f3i\u00e1r-index \u00e9rt\u00e9ke az \u00e9v v\u00e9g\u00e9ig &#8211; a tavalyi \u00fczemanyag\u00e1r-cs\u00f6kken\u00e9s b\u00e1zishat\u00e1sa miatt &#8211; \u00fajra n\u0151, majd fokozatos m\u00e9rs\u00e9kl\u0151d\u00e9st k\u00f6vet\u0151en a 3 sz\u00e1zal\u00e9kos infl\u00e1ci\u00f3s c\u00e9l szintj\u00e9n stabiliz\u00e1l\u00f3dik. Az ad\u00f3sz\u0171rt maginfl\u00e1ci\u00f3 a k\u00f6vetkez\u0151 h\u00f3napokban enyh\u00e9n emelkedik, majd a k\u00fcls\u0151 dezinfl\u00e1ci\u00f3s hat\u00e1sok miatt a kor\u00e1bban v\u00e1rtn\u00e1l alacsonyabb p\u00e1lya ment\u00e9n 3 sz\u00e1zal\u00e9kra cs\u00f6kken.<br \/>\n    A monet\u00e1ris tan\u00e1cs ez\u00fattal is r\u00e1mutatott, hogy a kor\u00e1bban m\u00e9g szimmetrikus infl\u00e1ci\u00f3s kock\u00e1zatok az elm\u00falt negyed\u00e9vben aszimmetrikuss\u00e1 v\u00e1ltak, a glob\u00e1lisan meghat\u00e1roz\u00f3 jegybankok l\u00e9p\u00e9sei k\u00f6vetkezt\u00e9ben laz\u00e1bb\u00e1 v\u00e1lt a k\u00fcls\u0151 monet\u00e1ris politikai k\u00f6rnyezet. A legt\u00f6bb tan\u00e1cstag felh\u00edvta a figyelmet a k\u00fcls\u0151 k\u00f6rnyezet v\u00e1ltozatlan bizonytalans\u00e1g\u00e1ra is. A lassul\u00f3 eur\u00f3pai konjunkt\u00fara miatt lefel\u00e9 mutat\u00f3 infl\u00e1ci\u00f3s kock\u00e1zatok mellett kiemelt\u00e9k, hogy a nemzetk\u00f6zi gazdas\u00e1gi folyamatok alakul\u00e1s\u00e1ra a k\u00f6vetkez\u0151 id\u0151szak geopolitikai esem\u00e9nyei &#8211; k\u00fcl\u00f6n\u00f6s tekintettel a Brexittel \u00e9s a nemzetk\u00f6zi kereskedelempolitik\u00e1val kapcsolatos fejlem\u00e9nyekre &#8211; is jelent\u0151s hat\u00e1ssal lehetnek.<br \/>\n    A tan\u00e1cstagok egybehangz\u00f3 v\u00e9lem\u00e9ny\u00fcket fejezt\u00e9k ki azzal kapcsolatban, hogy a hazai monet\u00e1ris politikai d\u00f6nt\u00e9sek sor\u00e1n tov\u00e1bbra is az \u00f3vatos megk\u00f6zel\u00edt\u00e9s fenntart\u00e1sa indokolt, melynek sor\u00e1n a tan\u00e1cs nagyban t\u00e1maszkodik a be\u00e9rkez\u0151 adatokra, \u00e9s a negyed\u00e9vente megjelen\u0151 Infl\u00e1ci\u00f3s jelent\u00e9s el\u0151rejelz\u00e9s\u00e9re. A tov\u00e1bbi l\u00e9p\u00e9sek sz\u00fcks\u00e9gess\u00e9g\u00e9t az infl\u00e1ci\u00f3s kil\u00e1t\u00e1sok j\u00f6v\u0151beni alakul\u00e1sa fogja meghat\u00e1rozni &#8211; \u00edrt\u00e1k a k\u00f6zlem\u00e9nyben.<br \/>\n    A tan\u00e1cs tov\u00e1bbra is arra sz\u00e1m\u00edt, hogy a gazdas\u00e1gi n\u00f6veked\u00e9s a k\u00f6vetkez\u0151 negyed\u00e9vekben lassul, a roml\u00f3 eur\u00f3pai konjunkt\u00fara a hazai GDP alakul\u00e1s\u00e1ban is egyre er\u0151teljesebben \u00e9rz\u00e9kelteti hat\u00e1s\u00e1t. A GDP a tan\u00e1cs v\u00e1rakoz\u00e1sa szerint 2019-ben v\u00e1rhat\u00f3an 4,5 sz\u00e1zal\u00e9kkal, 2020-2021-ben pedig 3,3 sz\u00e1zal\u00e9kkal b\u0151v\u00fcl. A magyar gazdas\u00e1g eur\u00f3z\u00f3n\u00e1hoz t\u00f6rt\u00e9n\u0151 felz\u00e1rk\u00f3z\u00e1sa a roml\u00f3 k\u00fcls\u0151 konjunkt\u00fara ellen\u00e9re a k\u00f6vetkez\u0151 \u00e9vekben is a legal\u00e1bb 2 sz\u00e1zal\u00e9kpontos n\u00f6veked\u00e9si t\u00f6bblet fenntart\u00e1sa mellett folytat\u00f3dik.<br \/>\n    A k\u00f6zlem\u00e9ny felid\u00e9zi, hogy a tan\u00e1cs szeptemberben a negyedik negyed\u00e9vre megc\u00e9lzott \u00e1tlagos kiszor\u00edtand\u00f3 likvidit\u00e1s nagys\u00e1g\u00e1t legal\u00e1bb 300-500 milli\u00e1rd forintban \u00e1llap\u00edtotta meg. Az MNB rugalmasan alak\u00edtja az FX-swap eszk\u00f6z \u00e1llom\u00e1ny\u00e1t annak \u00e9rdek\u00e9ben, hogy a kamattranszmisszi\u00f3 a monet\u00e1ris tan\u00e1cs d\u00f6nt\u00e9s\u00e9nek megfelel\u0151en alakuljon, valamint, hogy a bankk\u00f6zi hozamok volatilit\u00e1sa alacsony maradjon &#8211; \u00edrt\u00e1k a k\u00f6zlem\u00e9nyben.<br \/>\n    A monet\u00e1ris tan\u00e1cs k\u00f6vetkez\u0151 kamatmeghat\u00e1roz\u00f3 \u00fcl\u00e9s\u00e9t november 19-\u00e9n tartja, amelyr\u0151l december 4-\u00e9n, 14 \u00f3rakor tesz k\u00f6zz\u00e9 r\u00f6vid\u00edtett jegyz\u0151k\u00f6nyvet.(MTI)<br \/>\n<div class=\"ads-in-post2\"><script async src=\"https:\/\/pagead2.googlesyndication.com\/pagead\/js\/adsbygoogle.js\"><\/script>\r\n<ins class=\"adsbygoogle\"\r\n     style=\"display:block\"\r\n     data-ad-format=\"fluid\"\r\n     data-ad-layout-key=\"-6t+ed+2i-1n-4w\"\r\n     data-ad-client=\"ca-pub-1959107119989764\"\r\n     data-ad-slot=\"4008251320\"><\/ins>\r\n<script>\r\n     (adsbygoogle = window.adsbygoogle || []).push({});\r\n<\/script><\/div>\n","protected":false},"excerpt":{"rendered":"<p>A monet\u00e1ris tan\u00e1cs tagjai ellenszavazat n\u00e9lk\u00fcl d\u00f6nt\u00f6ttek okt\u00f3berben arr\u00f3l, hogy az alapkamat \u00e9s a kamatfolyos\u00f3 ne v\u00e1ltozzon, \u00e9s egyet\u00e9rtettek abban, hogy a monet\u00e1ris politikai d\u00f6nt\u00e9sekn\u00e9l tov\u00e1bbra is az \u00f3vatos megk\u00f6zel\u00edt\u00e9s indokolt &#8211; k\u00f6z\u00f6lte a Magyar Nemzeti Bank (MNB) az okt\u00f3ber 22-i kamatd\u00f6nt\u0151 \u00fcl\u00e9sr\u0151l kiadott r\u00f6vid\u00edtett jegyz\u0151k\u00f6nyv\u00e9ben a honlapj\u00e1n szerd\u00e1n.<\/p>\n","protected":false},"author":1,"featured_media":0,"comment_status":"closed","ping_status":"open","sticky":false,"template":"","format":"standard","meta":[],"categories":[19],"tags":[],"_links":{"self":[{"href":"https:\/\/gazdasagportal.hu\/index.php\/wp-json\/wp\/v2\/posts\/121110"}],"collection":[{"href":"https:\/\/gazdasagportal.hu\/index.php\/wp-json\/wp\/v2\/posts"}],"about":[{"href":"https:\/\/gazdasagportal.hu\/index.php\/wp-json\/wp\/v2\/types\/post"}],"author":[{"embeddable":true,"href":"https:\/\/gazdasagportal.hu\/index.php\/wp-json\/wp\/v2\/users\/1"}],"replies":[{"embeddable":true,"href":"https:\/\/gazdasagportal.hu\/index.php\/wp-json\/wp\/v2\/comments?post=121110"}],"version-history":[{"count":1,"href":"https:\/\/gazdasagportal.hu\/index.php\/wp-json\/wp\/v2\/posts\/121110\/revisions"}],"predecessor-version":[{"id":121111,"href":"https:\/\/gazdasagportal.hu\/index.php\/wp-json\/wp\/v2\/posts\/121110\/revisions\/121111"}],"wp:attachment":[{"href":"https:\/\/gazdasagportal.hu\/index.php\/wp-json\/wp\/v2\/media?parent=121110"}],"wp:term":[{"taxonomy":"category","embeddable":true,"href":"https:\/\/gazdasagportal.hu\/index.php\/wp-json\/wp\/v2\/categories?post=121110"},{"taxonomy":"post_tag","embeddable":true,"href":"https:\/\/gazdasagportal.hu\/index.php\/wp-json\/wp\/v2\/tags?post=121110"}],"curies":[{"name":"wp","href":"https:\/\/api.w.org\/{rel}","templated":true}]}}