{"id":121108,"date":"2019-11-06T17:07:50","date_gmt":"2019-11-06T16:07:50","guid":{"rendered":"http:\/\/gazdasagportal.hu\/?p=121108"},"modified":"2019-11-06T17:07:50","modified_gmt":"2019-11-06T16:07:50","slug":"varakozason-feluli-eredmenyt-ert-el-a-harmadik-negyedevben-a-bmw","status":"publish","type":"post","link":"https:\/\/gazdasagportal.hu\/index.php\/varakozason-feluli-eredmenyt-ert-el-a-harmadik-negyedevben-a-bmw\/","title":{"rendered":"V\u00e1rakoz\u00e1son fel\u00fcli eredm\u00e9nyt \u00e9rt el a harmadik negyed\u00e9vben a BMW"},"content":{"rendered":"<p><strong>A v\u00e1rtn\u00e1l jobb eredm\u00e9nyt \u00e9rt el a BMW AG a harmadik negyed\u00e9vben \u00e9s egy\u00fattal meger\u0151s\u00edtette elad\u00e1sainak kism\u00e9rt\u00e9k\u0171 n\u00f6veked\u00e9s\u00e9t jelz\u0151 kor\u00e1bbi \u00e9ves progn\u00f3zis\u00e1t is a szerd\u00e1n a c\u00e9g honlapj\u00e1n k\u00f6zz\u00e9tett besz\u00e1mol\u00f3j\u00e1ban.<\/strong><!--more--><\/p>\n<div class=\"ads-in-post1\"><div id=\"gazdasagportal.hu_fullbanner_wideboard\"><\/div>\r\n<\/div>\n<p>A szeptemberrel z\u00e1rt harmadik negyed\u00e9vben a BMW AG 26,667 milli\u00e1rd eur\u00f3, az el\u0151z\u0151 \u00e9vi azonos id\u0151szakban el\u00e9rtn\u00e9l 7,9 sz\u00e1zal\u00e9kkal magasabb \u00e9rt\u00e9kes\u00edt\u00e9si \u00e1rbev\u00e9tel mellett 32,9 sz\u00e1zal\u00e9kkal 2,289 milli\u00e1rd eur\u00f3ra n\u00f6velte kamat \u00e9s ad\u00f3fizet\u00e9s el\u0151tti (EBIT) eredm\u00e9ny\u00e9t. A csoport nyeres\u00e9ge a harmadik negyed\u00e9vben 2018 harmadik negyed\u00e9v\u00e9hez k\u00e9pest 11,5 sz\u00e1zal\u00e9kkal 1,546 milli\u00e1rd eur\u00f3ra emelkedett.<br \/>\nA harmadik negyed\u00e9vben a BMW AG 630 ezer aut\u00f3t gy\u00e1rtott, 2,2 sz\u00e1zal\u00e9kkal t\u00f6bbet az el\u0151z\u0151 \u00e9vin\u00e9l, elad\u00e1sait pedig 3,6 sz\u00e1zal\u00e9kkal 613 ezerre n\u00f6velte.<br \/>\nM\u00e1rk\u00e1k szerinti bont\u00e1sban a harmadik negyed\u00e9vben a BMW elad\u00e1sai 3,7 sz\u00e1zal\u00e9kkal 525 ezerre, a Mini elad\u00e1sai 2,6 sz\u00e1zal\u00e9kkal 86 ezerre, a Rolls-Royce elad\u00e1sai 41,6 sz\u00e1zal\u00e9kkal 1243-ra n\u00f6vekedtek. Az aut\u00f3ipari \u00fczlet\u00e1g bev\u00e9telar\u00e1nyos j\u00f6vedelmez\u0151s\u00e9ge 2,2 sz\u00e1zal\u00e9kponttal 6,6 sz\u00e1zal\u00e9kra javult a harmadik negyed\u00e9vben.<br \/>\nMotorker\u00e9kp\u00e1rt 43,7 ezret \u00e9rt\u00e9kes\u00edtett a harmadik negyed\u00e9vben a BMW, 9,9 sz\u00e1zal\u00e9kkal t\u00f6bbet mint egy \u00e9vvel kor\u00e1bban. Az \u00fczlet\u00e1g bev\u00e9telar\u00e1nyos j\u00f6vedelmez\u0151s\u00e9ge 0,6 sz\u00e1zal\u00e9kponttal 6,3 sz\u00e1zal\u00e9kra cs\u00f6kkent.<br \/>\nEur\u00f3p\u00e1ban a harmadik negyed\u00e9vben 2,0 sz\u00e1zal\u00e9kkal t\u00f6bbet, 259 ezer aut\u00f3t \u00e9rt\u00e9kes\u00edtett a csoport, ezen bel\u00fcl N\u00e9metorsz\u00e1gban 4,1 sz\u00e1zal\u00e9kkal t\u00f6bbet, 78 ezret. Az Egyes\u00fclt \u00c1llamokban 3,6 sz\u00e1zal\u00e9kkal 86 ezerre, K\u00edn\u00e1ban pedig 10,1 sz\u00e1zal\u00e9kkal 176 ezerre n\u0151ttek az elad\u00e1sai.<br \/>\nA BMW harmadik negyed\u00e9vi eredm\u00e9nye meghaladta az elemz\u0151i v\u00e1rakoz\u00e1sokat mind az EBIT, mind a bev\u00e9telar\u00e1nyos j\u00f6vedelmez\u0151s\u00e9g tekintet\u00e9ben. A v\u00e1rtn\u00e1l jobb eredm\u00e9ny az \u00faj, magas \u00e1rfekv\u00e9s\u0171 SUV modellek piaci siker\u00e9nek tulajdon\u00edthat\u00f3.<br \/>\n<script async src=\"\/\/pagead2.googlesyndication.com\/pagead\/js\/adsbygoogle.js\"><\/script><br \/>\n<!-- 640x400 --><br \/>\n<ins class=\"adsbygoogle\"\n     style=\"display:inline-block;width:640px;height:400px\"\n     data-ad-client=\"ca-pub-1959107119989764\"\n     data-ad-slot=\"6491857550\"><\/ins><br \/>\n<script>\n(adsbygoogle = window.adsbygoogle || []).push({});\n<\/script><br \/>\nA 2018-as b\u00e1zis\u00e9rt\u00e9ket mindemellett az \u00faj j\u00e1rm\u0171modellek t\u00edpusenged\u00e9ly\u00e9nek kiad\u00e1s\u00e1hoz sz\u00fcks\u00e9ges \u00faj emisszi\u00f3s tesztel\u00e9si elj\u00e1r\u00e1s, a WLTP szeptemberi bevezet\u00e9se szor\u00edtotta lejjebb.<br \/>\nA BMW AG janu\u00e1rt\u00f3l szeptemberig 1,866 milli\u00f3 aut\u00f3t \u00e9rt\u00e9kes\u00edtett, 1,7 sz\u00e1zal\u00e9kkal t\u00f6bbet az el\u0151z\u0151 \u00e9vin\u00e9l. A BMW elad\u00e1sai 2,2 sz\u00e1zal\u00e9kkal 1,601 milli\u00f3ra n\u0151ttek, a Mini elad\u00e1sai 1,8 sz\u00e1zal\u00e9kkal 261 ezerre cs\u00f6kkentek, a Rolls-Royce elad\u00e1sai 42,0 sz\u00e1zal\u00e9kkal 3777 ezerre n\u0151ttek. Motorker\u00e9kp\u00e1rb\u00f3l a BMW 137 ezret \u00e9rt\u00e9kes\u00edtett az els\u0151 kilenc h\u00f3napban, 8,0 sz\u00e1zal\u00e9kkal t\u00f6bbet az el\u0151z\u0151 \u00e9vin\u00e9l.<br \/>\nA csoport els\u0151 kilenc havi bev\u00e9tele 3,4 sz\u00e1zal\u00e9kkal 74,8 milli\u00e1rd eur\u00f3ra n\u0151tt, ezen bel\u00fcl az aut\u00f3ipari \u00fczlet\u00e1g\u00e9 3,6 sz\u00e1zal\u00e9kkal 64,8 milli\u00e1rd eur\u00f3ra, a motorker\u00e9kp\u00e1r \u00fczlet\u00e1g\u00e9 12,8 sz\u00e1zal\u00e9kkal 1,8 milli\u00e1rd eur\u00f3ra. Az els\u0151 kilenc havi ad\u00f3 \u00e9s kamatfizet\u00e9si eredm\u00e9ny (EBIT) 5,1 milli\u00e1rd eur\u00f3 lett, 29,1 sz\u00e1zal\u00e9kkal kisebb az el\u0151z\u0151 \u00e9vin\u00e9l. A nett\u00f3 nyeres\u00e9g pedig 37,1 sz\u00e1zal\u00e9kkal 3,6 milli\u00e1rd eur\u00f3ra cs\u00f6kkent. Az aut\u00f3ipari \u00fczlet\u00e1g bev\u00e9telar\u00e1nyos j\u00f6vedelmez\u0151s\u00e9ge 3,5 sz\u00e1zal\u00e9kponttal 4,1 sz\u00e1zal\u00e9kra cs\u00f6kkent az els\u0151 kilenc h\u00f3napban, a motorker\u00e9kp\u00e1r \u00fczlet\u00e1g\u00e9 pedig 0,4 sz\u00e1zal\u00e9kponttal kisebb, 12,1 sz\u00e1zal\u00e9k lett.<br \/>\nA BMW AG harmadik negyed\u00e9ves eredm\u00e9ny besz\u00e1mol\u00f3j\u00e1ban meger\u0151s\u00edtette kor\u00e1bbi \u00e9ves el\u0151rejelz\u00e9s\u00e9t. A csoport ad\u00f3 el\u0151tti eredm\u00e9nye eszerint &#8222;jelent\u0151s m\u00e9rt\u00e9kben cs\u00f6kken&#8221; majd a tavalyihoz k\u00e9pest. Az aut\u00f3elad\u00e1sok a 2018-as 2,490 milli\u00f3hoz k\u00e9pest kism\u00e9rt\u00e9kben n\u00f6vekednek majd \u00e9s \u00faj rekordot \u00e9rnek el. Az aut\u00f3ipari \u00fczlet\u00e1g bev\u00e9telar\u00e1nyos j\u00f6vedelmez\u0151s\u00e9ge viszont egy folyamatban l\u00e9v\u0151 tr\u00f6sztellenes elj\u00e1r\u00e1s k\u00f6lts\u00e9geire elk\u00fcl\u00f6n\u00edtett \u00f6sszeg miatt a tavalyi 7,2 sz\u00e1zal\u00e9k ut\u00e1n az id\u00e9n 4,5 \u00e9s 6,5 sz\u00e1zal\u00e9k k\u00f6z\u00f6tt alakul majd, 1,0-1,5 sz\u00e1zal\u00e9kponttal az eredetileg tervezett 6-8 sz\u00e1zal\u00e9k alatt. A motorker\u00e9kp\u00e1r \u00fczlet\u00e1g elad\u00e1sai jelent\u0151sen n\u00f6vekednek majd, a bev\u00e9telar\u00e1nyos j\u00f6vedelmez\u0151s\u00e9g pedig 8,1 sz\u00e1zal\u00e9k ut\u00e1n 8-10 sz\u00e1zal\u00e9k k\u00f6z\u00f6tt alakulhat.<br \/>\n<a title=\"Hely megnyit\u00e1sa\" href=\"https:\/\/www.bmwgroup.com\/content\/dam\/grpw\/websites\/bmwgroup_com\/ir\/downloads\/en\/2019\/q3\/Q3_2019_BMW_Group_EN_Online.pdf\" target=\"_blank\" rel=\"noopener noreferrer\">https:\/\/www.bmwgroup.com\/content\/dam\/grpw\/websites\/bmwgroup_com\/ir\/downloads\/en\/2019\/q3\/Q3_2019_BMW_Group_EN_Online.pdf<\/a><\/p>\n<p>(MTI)<br \/>\n<div class=\"ads-in-post2\"><script async src=\"https:\/\/pagead2.googlesyndication.com\/pagead\/js\/adsbygoogle.js\"><\/script>\r\n<ins class=\"adsbygoogle\"\r\n     style=\"display:block\"\r\n     data-ad-format=\"fluid\"\r\n     data-ad-layout-key=\"-6t+ed+2i-1n-4w\"\r\n     data-ad-client=\"ca-pub-1959107119989764\"\r\n     data-ad-slot=\"4008251320\"><\/ins>\r\n<script>\r\n     (adsbygoogle = window.adsbygoogle || []).push({});\r\n<\/script><\/div>\n","protected":false},"excerpt":{"rendered":"<p>A v\u00e1rtn\u00e1l jobb eredm\u00e9nyt \u00e9rt el a BMW AG a harmadik negyed\u00e9vben \u00e9s egy\u00fattal meger\u0151s\u00edtette elad\u00e1sainak kism\u00e9rt\u00e9k\u0171 n\u00f6veked\u00e9s\u00e9t jelz\u0151 kor\u00e1bbi \u00e9ves progn\u00f3zis\u00e1t is a szerd\u00e1n a c\u00e9g honlapj\u00e1n k\u00f6zz\u00e9tett besz\u00e1mol\u00f3j\u00e1ban.<\/p>\n","protected":false},"author":1,"featured_media":0,"comment_status":"closed","ping_status":"open","sticky":false,"template":"","format":"standard","meta":[],"categories":[8,246],"tags":[],"_links":{"self":[{"href":"https:\/\/gazdasagportal.hu\/index.php\/wp-json\/wp\/v2\/posts\/121108"}],"collection":[{"href":"https:\/\/gazdasagportal.hu\/index.php\/wp-json\/wp\/v2\/posts"}],"about":[{"href":"https:\/\/gazdasagportal.hu\/index.php\/wp-json\/wp\/v2\/types\/post"}],"author":[{"embeddable":true,"href":"https:\/\/gazdasagportal.hu\/index.php\/wp-json\/wp\/v2\/users\/1"}],"replies":[{"embeddable":true,"href":"https:\/\/gazdasagportal.hu\/index.php\/wp-json\/wp\/v2\/comments?post=121108"}],"version-history":[{"count":1,"href":"https:\/\/gazdasagportal.hu\/index.php\/wp-json\/wp\/v2\/posts\/121108\/revisions"}],"predecessor-version":[{"id":121109,"href":"https:\/\/gazdasagportal.hu\/index.php\/wp-json\/wp\/v2\/posts\/121108\/revisions\/121109"}],"wp:attachment":[{"href":"https:\/\/gazdasagportal.hu\/index.php\/wp-json\/wp\/v2\/media?parent=121108"}],"wp:term":[{"taxonomy":"category","embeddable":true,"href":"https:\/\/gazdasagportal.hu\/index.php\/wp-json\/wp\/v2\/categories?post=121108"},{"taxonomy":"post_tag","embeddable":true,"href":"https:\/\/gazdasagportal.hu\/index.php\/wp-json\/wp\/v2\/tags?post=121108"}],"curies":[{"name":"wp","href":"https:\/\/api.w.org\/{rel}","templated":true}]}}