{"id":121104,"date":"2019-11-06T15:21:28","date_gmt":"2019-11-06T14:21:28","guid":{"rendered":"http:\/\/gazdasagportal.hu\/?p=121104"},"modified":"2019-11-07T13:08:42","modified_gmt":"2019-11-07T12:08:42","slug":"a-fovarosban-tovabbra-is-meghaladja-a-20-szazalekot-a-lakasarak-eves-novekedesi-uteme","status":"publish","type":"post","link":"https:\/\/gazdasagportal.hu\/index.php\/a-fovarosban-tovabbra-is-meghaladja-a-20-szazalekot-a-lakasarak-eves-novekedesi-uteme\/","title":{"rendered":"A f\u0151v\u00e1rosban tov\u00e1bbra is meghaladja a 20 sz\u00e1zal\u00e9kot a lak\u00e1s\u00e1rak \u00e9ves n\u00f6veked\u00e9si \u00fcteme"},"content":{"rendered":"<p><strong>A f\u0151v\u00e1rosban \u00e9s a vid\u00e9ki v\u00e1rosokban tov\u00e1bbra is meghaladja a 20 sz\u00e1zal\u00e9kot a lak\u00e1s\u00e1rak \u00e9ves n\u00f6veked\u00e9si \u00fcteme,  Budapesten nomin\u00e1lisan 22,5 sz\u00e1zal\u00e9kos, a vid\u00e9ki v\u00e1rosokban pedig 21,6 sz\u00e1zal\u00e9kos \u00e9ves lak\u00e1s\u00e1r-emelked\u00e9s volt megfigyelhet\u0151 2018 \u00e9s 2019 m\u00e1sodik negyed\u00e9ve k\u00f6z\u00f6tt a Magyar Nemzeti Bank (MNB) m\u00e1sodik negyed\u00e9vre vonatkoz\u00f3 lak\u00e1s\u00e1rindexe szerint.<\/strong><!--more--><\/p>\n<div class=\"ads-in-post1\"><div id=\"gazdasagportal.hu_fullbanner_wideboard\"><\/div>\r\n<\/div>\n<p>    A jegybank szerd\u00e1n a honlapj\u00e1n k\u00f6z\u00f6lte, az el\u0151z\u0151 negyed\u00e9vhez k\u00e9pest a lak\u00e1s\u00e1rak nomin\u00e1lis alapon 4,0 sz\u00e1zal\u00e9kkal, re\u00e1l \u00e9rt\u00e9ken 2,1 sz\u00e1zal\u00e9kkal emelkedtek orsz\u00e1gosan.<br \/>\n    Az \u00e9ves \u00e1remelked\u00e9s \u00fcteme nomin\u00e1lisan 17,1 sz\u00e1zal\u00e9kot, m\u00edg re\u00e1l \u00e9rtelemben 12,8 sz\u00e1zal\u00e9kot \u00e9rt el az idei m\u00e1sodik negyed\u00e9vben. 2019 m\u00e1sodik negyed\u00e9v\u00e9ben, \u00edgy orsz\u00e1gos \u00e1tlagban a nomin\u00e1lis lak\u00e1s\u00e1r-emelked\u00e9s minim\u00e1lisan, 0,3 sz\u00e1zal\u00e9kponttal gyorsult az el\u0151z\u0151 id\u0151szakhoz k\u00e9pest.<br \/>\n    Budapesten 2019 m\u00e1sodik negyed\u00e9v\u00e9ben az el\u0151z\u0151 negyed\u00e9vhez k\u00e9pest 4,1 sz\u00e1zal\u00e9kkal dr\u00e1gultak a lak\u00e1sok, ami 2,4 sz\u00e1zal\u00e9kponttal kisebb az el\u0151z\u0151 negyed\u00e9vin\u00e9l, az infl\u00e1ci\u00f3val sz\u0171rt mutat\u00f3 viszont 3,7 sz\u00e1zal\u00e9kponttal  2,2 sz\u00e1zal\u00e9kosra szel\u00edd\u00fclt.<br \/>\n<script async src=\"\/\/pagead2.googlesyndication.com\/pagead\/js\/adsbygoogle.js\"><\/script><br \/>\n<!-- 640x400 --><br \/>\n<ins class=\"adsbygoogle\"\n     style=\"display:inline-block;width:640px;height:400px\"\n     data-ad-client=\"ca-pub-1959107119989764\"\n     data-ad-slot=\"6491857550\"><\/ins><br \/>\n<script>\n(adsbygoogle = window.adsbygoogle || []).push({});\n<\/script><br \/>\n    A vid\u00e9ki v\u00e1rosokban a m\u00e1sodik negyed\u00e9vben 3,7 sz\u00e1zal\u00e9kkal dr\u00e1gultak a lak\u00e1sok az el\u0151z\u0151 negyed\u00e9vhez k\u00e9pest, m\u00edg \u00e9ves \u00f6sszevet\u00e9sben 21,6 sz\u00e1zal\u00e9kos a nomin\u00e1lis emelked\u00e9s.<br \/>\n    A k\u00f6zs\u00e9gekben 2018 v\u00e9g\u00e9n m\u00e9g lak\u00e1s\u00e1r-cs\u00f6kken\u00e9st tapasztaltak negyed\u00e9ves alapon, azonban 2019 m\u00e1sodik negyed\u00e9v\u00e9ben m\u00e1r 4,4 sz\u00e1zal\u00e9kos lak\u00e1s\u00e1r-n\u00f6veked\u00e9st regisztr\u00e1ltak. Az \u00e9ves n\u00f6veked\u00e9si \u00fctem m\u00e9rt\u00e9ke 2,9 sz\u00e1zal\u00e9k volt a kisebb telep\u00fcl\u00e9seken, ami tov\u00e1bbra is j\u00f3csk\u00e1n elmarad az orsz\u00e1gos \u00e1tlagt\u00f3l, \u00edgy tov\u00e1bb ny\u00edlt az \u00e1roll\u00f3 a k\u00f6zs\u00e9gek \u00e9s a v\u00e1rosok k\u00f6z\u00f6tt.(MTI)<br \/>\n<div class=\"ads-in-post2\"><script async src=\"https:\/\/pagead2.googlesyndication.com\/pagead\/js\/adsbygoogle.js\"><\/script>\r\n<ins class=\"adsbygoogle\"\r\n     style=\"display:block\"\r\n     data-ad-format=\"fluid\"\r\n     data-ad-layout-key=\"-6t+ed+2i-1n-4w\"\r\n     data-ad-client=\"ca-pub-1959107119989764\"\r\n     data-ad-slot=\"4008251320\"><\/ins>\r\n<script>\r\n     (adsbygoogle = window.adsbygoogle || []).push({});\r\n<\/script><\/div>\n","protected":false},"excerpt":{"rendered":"<p>A f\u0151v\u00e1rosban \u00e9s a vid\u00e9ki v\u00e1rosokban tov\u00e1bbra is meghaladja a 20 sz\u00e1zal\u00e9kot a lak\u00e1s\u00e1rak \u00e9ves n\u00f6veked\u00e9si \u00fcteme, Budapesten nomin\u00e1lisan 22,5 sz\u00e1zal\u00e9kos, a vid\u00e9ki v\u00e1rosokban pedig 21,6 sz\u00e1zal\u00e9kos \u00e9ves lak\u00e1s\u00e1r-emelked\u00e9s volt megfigyelhet\u0151 2018 \u00e9s 2019 m\u00e1sodik negyed\u00e9ve k\u00f6z\u00f6tt a Magyar Nemzeti Bank (MNB) m\u00e1sodik negyed\u00e9vre vonatkoz\u00f3 lak\u00e1s\u00e1rindexe szerint.<\/p>\n","protected":false},"author":1,"featured_media":100412,"comment_status":"closed","ping_status":"open","sticky":false,"template":"","format":"standard","meta":[],"categories":[146,4,19,22],"tags":[],"_links":{"self":[{"href":"https:\/\/gazdasagportal.hu\/index.php\/wp-json\/wp\/v2\/posts\/121104"}],"collection":[{"href":"https:\/\/gazdasagportal.hu\/index.php\/wp-json\/wp\/v2\/posts"}],"about":[{"href":"https:\/\/gazdasagportal.hu\/index.php\/wp-json\/wp\/v2\/types\/post"}],"author":[{"embeddable":true,"href":"https:\/\/gazdasagportal.hu\/index.php\/wp-json\/wp\/v2\/users\/1"}],"replies":[{"embeddable":true,"href":"https:\/\/gazdasagportal.hu\/index.php\/wp-json\/wp\/v2\/comments?post=121104"}],"version-history":[{"count":2,"href":"https:\/\/gazdasagportal.hu\/index.php\/wp-json\/wp\/v2\/posts\/121104\/revisions"}],"predecessor-version":[{"id":121138,"href":"https:\/\/gazdasagportal.hu\/index.php\/wp-json\/wp\/v2\/posts\/121104\/revisions\/121138"}],"wp:featuredmedia":[{"embeddable":true,"href":"https:\/\/gazdasagportal.hu\/index.php\/wp-json\/wp\/v2\/media\/100412"}],"wp:attachment":[{"href":"https:\/\/gazdasagportal.hu\/index.php\/wp-json\/wp\/v2\/media?parent=121104"}],"wp:term":[{"taxonomy":"category","embeddable":true,"href":"https:\/\/gazdasagportal.hu\/index.php\/wp-json\/wp\/v2\/categories?post=121104"},{"taxonomy":"post_tag","embeddable":true,"href":"https:\/\/gazdasagportal.hu\/index.php\/wp-json\/wp\/v2\/tags?post=121104"}],"curies":[{"name":"wp","href":"https:\/\/api.w.org\/{rel}","templated":true}]}}