{"id":121102,"date":"2019-11-06T15:08:11","date_gmt":"2019-11-06T14:08:11","guid":{"rendered":"http:\/\/gazdasagportal.hu\/?p=121102"},"modified":"2019-11-06T15:08:11","modified_gmt":"2019-11-06T14:08:11","slug":"nem-szamit-recessziora-a-nemet-gazdasagi-bolcsek-tanacsa","status":"publish","type":"post","link":"https:\/\/gazdasagportal.hu\/index.php\/nem-szamit-recessziora-a-nemet-gazdasagi-bolcsek-tanacsa\/","title":{"rendered":"Nem sz\u00e1m\u00edt recesszi\u00f3ra a n\u00e9met gazdas\u00e1gi b\u00f6lcsek tan\u00e1csa"},"content":{"rendered":"<p><strong>Nem sz\u00e1m\u00edt a n\u00e9met gazdas\u00e1g visszaes\u00e9s\u00e9re a sz\u00f6vets\u00e9gi korm\u00e1ny mellett m\u0171k\u00f6d\u0151 f\u00fcggetlen gazdas\u00e1gi tan\u00e1csad\u00f3 test\u00fclet. A gazdas\u00e1gi b\u00f6lcsek tan\u00e1cs\u00e1nak is nevezett szak\u00e9rt\u0151i csoport szerd\u00e1n Berlinben bemutatott el\u0151rejelz\u00e9se szerint az Eur\u00f3pai Uni\u00f3 legnagyobb gazdas\u00e1ga id\u00e9n \u00e9s j\u00f6v\u0151re is n\u00f6vekedik, de a kor\u00e1bban v\u00e1rtn\u00e1l kisebb m\u00e9rt\u00e9kben.<\/strong><!--more--><\/p>\n<div class=\"ads-in-post1\"><div id=\"gazdasagportal.hu_fullbanner_wideboard\"><\/div>\r\n<\/div>\n<p>    A n\u00e9met gazdas\u00e1g &#8222;lejtmenetben&#8221; van, de v\u00e1rhat\u00f3an elker\u00fcli a recesszi\u00f3t, \u00edgy a hazai \u00f6sszterm\u00e9k (GDP) id\u00e9n 0,5 sz\u00e1zal\u00e9kkal, j\u00f6v\u0151re 0,9 sz\u00e1zal\u00e9kkal n\u00f6vekedhet &#8211; mondta Christoph M. Schmidt, a test\u00fclet vezet\u0151je.<br \/>\n    Hozz\u00e1tette, hogy j\u00f6v\u0151re f\u0151leg az\u00e9rt l\u00f3dulhat meg a gazdas\u00e1g, mert az idein\u00e9l t\u00f6bb munkanap lesz, de ezt a hat\u00e1st lesz\u00e1m\u00edtva 2020-ban is 0,5 sz\u00e1zal\u00e9k lehet a GDP-n\u00f6veked\u00e9s.<br \/>\n    A test\u00fclet az el\u0151z\u0151, tavasszal k\u00e9sz\u00edtett progn\u00f3zis\u00e1ban m\u00e9g j\u00f3val nagyobb, 2019-re 0,8 sz\u00e1zal\u00e9kos, 2020-ra 1,7 sz\u00e1zal\u00e9kos n\u00f6veked\u00e9st val\u00f3sz\u00edn\u0171s\u00edtett.<br \/>\n    A lassul\u00e1s a nemzetk\u00f6zi be\u00e1gyazotts\u00e1g\u00fa ipar visszaes\u00e9s\u00e9nek tulajdon\u00edthat\u00f3. Ez vil\u00e1gszerte tapasztalhat\u00f3, \u00e9s r\u00e9szben a gazdas\u00e1g hull\u00e1mz\u00f3, ciklikus mozg\u00e1s\u00e1b\u00f3l ad\u00f3d\u00f3 fejlem\u00e9ny. Az \u00e1gazat neh\u00e9zs\u00e9geit egyel\u0151re nem szenvedi meg a lakoss\u00e1g, a foglalkoztatotts\u00e1g tov\u00e1bbra is t\u00f6rt\u00e9nelmi cs\u00facson van, a bels\u0151 kereslet \u00e9l\u00e9nk. Az viszont, hogy a gazdas\u00e1g eg\u00e9sz\u00e9ben a lejtmenetb\u0151l visszaes\u00e9s vagy felemelked\u00e9s lesz, nagyr\u00e9szt \u00e9ppen att\u00f3l f\u00fcgg, hogy az ipar v\u00e1ls\u00e1ga tovaterjed-e m\u00e1s ter\u00fcletekre &#8211; fejtett\u00e9k ki a t\u00e1j\u00e9koztat\u00f3n.<br \/>\n    Kiemelt\u00e9k azt is, hogy egyel\u0151re nincs sz\u00fcks\u00e9g k\u00f6zp\u00e9nzb\u0151l finansz\u00edrozott gazdas\u00e1g\u00e9l\u00e9nk\u00edt\u0151 csomagra, de az \u00e1llamh\u00e1ztart\u00e1st az ut\u00f3bbi \u00e9vekben egyens\u00falyba hoz\u00f3 korm\u00e1nynak ki kellene haszn\u00e1lnia azt a lehet\u0151s\u00e9get, hogy az \u00fagynevezett alkotm\u00e1nyos ad\u00f3ss\u00e1gf\u00e9k szab\u00e1ly szerint 0,35 sz\u00e1zal\u00e9kos GDP-ar\u00e1nyos hi\u00e1ny keletkezhet a sz\u00f6vets\u00e9gi k\u00f6lts\u00e9gvet\u00e9sben.<br \/>\n    Az el\u0151rejelz\u00e9s szerint a munkan\u00e9lk\u00fclis\u00e9gi r\u00e1ta \u00e9ves \u00e1tlagban a tavalyi 5,2 sz\u00e1zal\u00e9kr\u00f3l az id\u00e9n 5,0 sz\u00e1zal\u00e9kra &#8211; az orsz\u00e1g \u00fajraegyes\u00edt\u00e9se \u00f3ta a legalacsonyabb szintre &#8211; s\u00fcllyed, \u00e9s j\u00f6v\u0151re 5,1 sz\u00e1zal\u00e9kra emelkedik, a munkaviszonyban \u00e1ll\u00f3k sz\u00e1ma pedig a tavalyi 44,854 milli\u00f3r\u00f3l az id\u00e9n 45,225 milli\u00f3ra, j\u00f6v\u0151re 45,360 milli\u00f3ra n\u0151 a 83 milli\u00f3s orsz\u00e1gban.<br \/>\n    Az \u00e1llamh\u00e1ztart\u00e1s kedvez\u0151 \u00e1llapota tart\u00f3s marad, b\u00e1r a GDP ar\u00e1ny\u00e1ban sz\u00e1m\u00edtott t\u00f6bblet m\u00e9rs\u00e9kl\u0151dik, a tavalyi 1,9 sz\u00e1zal\u00e9kr\u00f3l az id\u00e9n 1,4 sz\u00e1zal\u00e9kra, j\u00f6v\u0151re 16,4 milli\u00e1rd eur\u00f3nak megfelel\u0151 0,5 sz\u00e1zal\u00e9kra cs\u00f6kken.<br \/>\n    A GDP-ar\u00e1nyos \u00e1llamad\u00f3ss\u00e1g tov\u00e1bb cs\u00f6kken, az id\u00e9n az eur\u00f3pai uni\u00f3s szab\u00e1lyokban a megengedhet\u0151 legfels\u0151 hat\u00e1rk\u00e9nt r\u00f6gz\u00edtett 60 sz\u00e1zal\u00e9kos hat\u00e1r al\u00e1, 59 sz\u00e1zal\u00e9kra s\u00fcllyed a tavalyi 61,9 sz\u00e1zal\u00e9kr\u00f3l, 2020-ban pedig 56,7 sz\u00e1zal\u00e9kra m\u00e9rs\u00e9kl\u0151dik.(MTI)<br \/>\n<div class=\"ads-in-post2\"><script async src=\"https:\/\/pagead2.googlesyndication.com\/pagead\/js\/adsbygoogle.js\"><\/script>\r\n<ins class=\"adsbygoogle\"\r\n     style=\"display:block\"\r\n     data-ad-format=\"fluid\"\r\n     data-ad-layout-key=\"-6t+ed+2i-1n-4w\"\r\n     data-ad-client=\"ca-pub-1959107119989764\"\r\n     data-ad-slot=\"4008251320\"><\/ins>\r\n<script>\r\n     (adsbygoogle = window.adsbygoogle || []).push({});\r\n<\/script><\/div>\n","protected":false},"excerpt":{"rendered":"<p>Nem sz\u00e1m\u00edt a n\u00e9met gazdas\u00e1g visszaes\u00e9s\u00e9re a sz\u00f6vets\u00e9gi korm\u00e1ny mellett m\u0171k\u00f6d\u0151 f\u00fcggetlen gazdas\u00e1gi tan\u00e1csad\u00f3 test\u00fclet. A gazdas\u00e1gi b\u00f6lcsek tan\u00e1cs\u00e1nak is nevezett szak\u00e9rt\u0151i csoport szerd\u00e1n Berlinben bemutatott el\u0151rejelz\u00e9se szerint az Eur\u00f3pai Uni\u00f3 legnagyobb gazdas\u00e1ga id\u00e9n \u00e9s j\u00f6v\u0151re is n\u00f6vekedik, de a kor\u00e1bban v\u00e1rtn\u00e1l kisebb m\u00e9rt\u00e9kben.<\/p>\n","protected":false},"author":1,"featured_media":0,"comment_status":"closed","ping_status":"open","sticky":false,"template":"","format":"standard","meta":[],"categories":[246],"tags":[],"_links":{"self":[{"href":"https:\/\/gazdasagportal.hu\/index.php\/wp-json\/wp\/v2\/posts\/121102"}],"collection":[{"href":"https:\/\/gazdasagportal.hu\/index.php\/wp-json\/wp\/v2\/posts"}],"about":[{"href":"https:\/\/gazdasagportal.hu\/index.php\/wp-json\/wp\/v2\/types\/post"}],"author":[{"embeddable":true,"href":"https:\/\/gazdasagportal.hu\/index.php\/wp-json\/wp\/v2\/users\/1"}],"replies":[{"embeddable":true,"href":"https:\/\/gazdasagportal.hu\/index.php\/wp-json\/wp\/v2\/comments?post=121102"}],"version-history":[{"count":1,"href":"https:\/\/gazdasagportal.hu\/index.php\/wp-json\/wp\/v2\/posts\/121102\/revisions"}],"predecessor-version":[{"id":121103,"href":"https:\/\/gazdasagportal.hu\/index.php\/wp-json\/wp\/v2\/posts\/121102\/revisions\/121103"}],"wp:attachment":[{"href":"https:\/\/gazdasagportal.hu\/index.php\/wp-json\/wp\/v2\/media?parent=121102"}],"wp:term":[{"taxonomy":"category","embeddable":true,"href":"https:\/\/gazdasagportal.hu\/index.php\/wp-json\/wp\/v2\/categories?post=121102"},{"taxonomy":"post_tag","embeddable":true,"href":"https:\/\/gazdasagportal.hu\/index.php\/wp-json\/wp\/v2\/tags?post=121102"}],"curies":[{"name":"wp","href":"https:\/\/api.w.org\/{rel}","templated":true}]}}