{"id":121096,"date":"2019-11-06T12:53:19","date_gmt":"2019-11-06T11:53:19","guid":{"rendered":"http:\/\/gazdasagportal.hu\/?p=121096"},"modified":"2019-11-06T12:53:19","modified_gmt":"2019-11-06T11:53:19","slug":"erdogan-budapesten-a-tomegkozlekedest-is-erinti-a-forgalomkorlatozas-a-fovarosban","status":"publish","type":"post","link":"https:\/\/gazdasagportal.hu\/index.php\/erdogan-budapesten-a-tomegkozlekedest-is-erinti-a-forgalomkorlatozas-a-fovarosban\/","title":{"rendered":"Erdogan Budapesten &#8211; A t\u00f6megk\u00f6zleked\u00e9st is \u00e9rinti a forgalomkorl\u00e1toz\u00e1s a f\u0151v\u00e1rosban"},"content":{"rendered":"<p><strong>Ideiglenes forgalomkorl\u00e1toz\u00e1sokra kell sz\u00e1m\u00edtani a f\u0151v\u00e1rosban cs\u00fct\u00f6rt\u00f6k\u00f6n Recep Tayyip Erdogan t\u00f6r\u00f6k eln\u00f6k l\u00e1togat\u00e1sa miatt, ez\u00e9rt t\u00f6bb k\u00f6z\u00f6ss\u00e9gi k\u00f6zleked\u00e9si j\u00e1rat r\u00f6vid\u00edtett vagy m\u00f3dos\u00edtott \u00fatvonalon k\u00f6zlekedik &#8211; k\u00f6z\u00f6lte a Budapesti K\u00f6zleked\u00e9si K\u00f6zpont szerd\u00e1n az MTI-vel.<\/strong><!--more--><\/p>\n<div class=\"ads-in-post1\"><div id=\"gazdasagportal.hu_fullbanner_wideboard\"><\/div>\r\n<\/div>\n<p>A k\u00f6zlem\u00e9nyben azt \u00edrt\u00e1k, hogy a v\u00e1ltoz\u00e1sok f\u0151leg az Andr\u00e1ssy \u00fat-L\u00e1nch\u00edd \u00fatvonalat \u00e9s az ezt keresztez\u0151 utc\u00e1kat, valamint a Budai V\u00e1r k\u00f6rny\u00e9k\u00e9t \u00e9rintik. \u00a0\u00a0\u00a0\u00a0A BKK arra k\u00e9ri a f\u0151v\u00e1rosban k\u00f6zleked\u0151ket, hogy ha tehetik, haszn\u00e1lj\u00e1k a k\u00f6t\u00f6ttp\u00e1ly\u00e1s k\u00f6z\u00f6ss\u00e9gi k\u00f6zleked\u00e9si vonalakat, f\u0151k\u00e9pp az M2-es, az M3-as \u00e9s az M4-es metr\u00f3t. \u00a0\u00a0\u00a0\u00a0R\u00f6videbb id\u0151szakra korl\u00e1tozz\u00e1k a Liszt Ferenc Nemzetk\u00f6zi Rep\u00fcl\u0151t\u00e9r k\u00f6rny\u00e9ki utakat is, ez\u00e9rt akinek a rep\u00fcl\u0151g\u00e9pe 10 \u00e9s 12 \u00f3ra k\u00f6z\u00f6tt, illetve 19 \u00e9s 21 \u00f3ra k\u00f6z\u00f6tt indul, annak \u00e9rdemes l\u00e9nyegesen kor\u00e1bban elindulnia otthonr\u00f3l &#8211; tett\u00e9k hozz\u00e1. \u00a0<br \/>\n<script async src=\"\/\/pagead2.googlesyndication.com\/pagead\/js\/adsbygoogle.js\"><\/script><br \/>\n<!-- 640x400 --><br \/>\n<ins class=\"adsbygoogle\"\n     style=\"display:inline-block;width:640px;height:400px\"\n     data-ad-client=\"ca-pub-1959107119989764\"\n     data-ad-slot=\"6491857550\"><\/ins><br \/>\n<script>\n(adsbygoogle = window.adsbygoogle || []).push({});\n<\/script><br \/>\nA Budapesti Rend\u0151r-f\u0151kapit\u00e1nys\u00e1g kedden a rend\u0151rs\u00e9g honlapj\u00e1n arr\u00f3l adott t\u00e1j\u00e9koztat\u00e1st, hogy cs\u00fct\u00f6rt\u00f6k \u00e9jf\u00e9lig sok helyen tilos parkolni, egyebek mellett a Mexik\u00f3i \u00fati parkol\u00f3 fel\u00fclj\u00e1r\u00f3 melletti \u00fatszakasz\u00e1nak mindk\u00e9t oldal\u00e1n, a V\u00e1rosligeti k\u00f6r\u00fat mindk\u00e9t oldal\u00e1n a K\u00f3s K\u00e1roly s\u00e9t\u00e1nyt\u00f3l 50 m\u00e9ter hossz\u00fa szakaszon, a H\u0151s\u00f6k ter\u00e9n, az Andr\u00e1ssy \u00faton \u00e9s szerviz\u00fatj\u00e1n, a Kod\u00e1ly k\u00f6r\u00f6nd, az Oktogon \u00e9s a Sz\u00e9chenyi Istv\u00e1n t\u00e9r teljes ter\u00fclet\u00e9n, a Magyar \u00a0\u00a0\u00a0\u00a0Tudom\u00e1nyos Akad\u00e9mia el\u0151tti nagy parkol\u00f3ban, a pesti \u00e9s a budai als\u00f3 rakparton a L\u00e1nch\u00edd k\u00f6r\u00fcl, a Clark \u00c1d\u00e1m t\u00e9ren, a D\u00f3zsa Gy\u00f6rgy t\u00e9ren, valamint a D\u00edsz t\u00e9ri parkol\u00f3ban. \u00a0\u00a0\u00a0\u00a0A forgalmi v\u00e1ltoz\u00e1sok a\u00a0<a title=\"Hely megnyit\u00e1sa\" href=\"http:\/\/www.police.hu\/hu\/hirek-es-informaciok\/utinfo\/forgalmirend-valtozasok\/ideiglenes-forgalomkorlatozas-budapesten-158\" target=\"_blank\" rel=\"noopener noreferrer\">http:\/\/www.police.hu\/hu\/hirek-es-informaciok\/utinfo\/forgalmirend-valtozasok\/ideiglenes-forgalomkorlatozas-budapesten-158<\/a>\u00a0c\u00edmen olvashat\u00f3k.(MTI)<br \/>\n<div class=\"ads-in-post2\"><script async src=\"https:\/\/pagead2.googlesyndication.com\/pagead\/js\/adsbygoogle.js\"><\/script>\r\n<ins class=\"adsbygoogle\"\r\n     style=\"display:block\"\r\n     data-ad-format=\"fluid\"\r\n     data-ad-layout-key=\"-6t+ed+2i-1n-4w\"\r\n     data-ad-client=\"ca-pub-1959107119989764\"\r\n     data-ad-slot=\"4008251320\"><\/ins>\r\n<script>\r\n     (adsbygoogle = window.adsbygoogle || []).push({});\r\n<\/script><\/div>\n<p>&nbsp;<\/p>\n","protected":false},"excerpt":{"rendered":"<p>Ideiglenes forgalomkorl\u00e1toz\u00e1sokra kell sz\u00e1m\u00edtani a f\u0151v\u00e1rosban cs\u00fct\u00f6rt\u00f6k\u00f6n Recep Tayyip Erdogan t\u00f6r\u00f6k eln\u00f6k l\u00e1togat\u00e1sa miatt, ez\u00e9rt t\u00f6bb k\u00f6z\u00f6ss\u00e9gi k\u00f6zleked\u00e9si j\u00e1rat r\u00f6vid\u00edtett vagy m\u00f3dos\u00edtott \u00fatvonalon k\u00f6zlekedik &#8211; k\u00f6z\u00f6lte a Budapesti K\u00f6zleked\u00e9si K\u00f6zpont szerd\u00e1n az MTI-vel.<\/p>\n","protected":false},"author":1,"featured_media":0,"comment_status":"closed","ping_status":"open","sticky":false,"template":"","format":"standard","meta":[],"categories":[4],"tags":[],"_links":{"self":[{"href":"https:\/\/gazdasagportal.hu\/index.php\/wp-json\/wp\/v2\/posts\/121096"}],"collection":[{"href":"https:\/\/gazdasagportal.hu\/index.php\/wp-json\/wp\/v2\/posts"}],"about":[{"href":"https:\/\/gazdasagportal.hu\/index.php\/wp-json\/wp\/v2\/types\/post"}],"author":[{"embeddable":true,"href":"https:\/\/gazdasagportal.hu\/index.php\/wp-json\/wp\/v2\/users\/1"}],"replies":[{"embeddable":true,"href":"https:\/\/gazdasagportal.hu\/index.php\/wp-json\/wp\/v2\/comments?post=121096"}],"version-history":[{"count":1,"href":"https:\/\/gazdasagportal.hu\/index.php\/wp-json\/wp\/v2\/posts\/121096\/revisions"}],"predecessor-version":[{"id":121097,"href":"https:\/\/gazdasagportal.hu\/index.php\/wp-json\/wp\/v2\/posts\/121096\/revisions\/121097"}],"wp:attachment":[{"href":"https:\/\/gazdasagportal.hu\/index.php\/wp-json\/wp\/v2\/media?parent=121096"}],"wp:term":[{"taxonomy":"category","embeddable":true,"href":"https:\/\/gazdasagportal.hu\/index.php\/wp-json\/wp\/v2\/categories?post=121096"},{"taxonomy":"post_tag","embeddable":true,"href":"https:\/\/gazdasagportal.hu\/index.php\/wp-json\/wp\/v2\/tags?post=121096"}],"curies":[{"name":"wp","href":"https:\/\/api.w.org\/{rel}","templated":true}]}}