{"id":121078,"date":"2019-11-06T08:43:50","date_gmt":"2019-11-06T07:43:50","guid":{"rendered":"http:\/\/gazdasagportal.hu\/?p=121078"},"modified":"2019-11-06T08:43:50","modified_gmt":"2019-11-06T07:43:50","slug":"brit-valasztasok-feloszlott-a-brit-parlament","status":"publish","type":"post","link":"https:\/\/gazdasagportal.hu\/index.php\/brit-valasztasok-feloszlott-a-brit-parlament\/","title":{"rendered":"Brit v\u00e1laszt\u00e1sok &#8211; Feloszlott a brit parlament"},"content":{"rendered":"<p><strong>Feloszlott szerd\u00e1n a brit parlament, \u00e9s ezzel hivatalosan is elkezd\u0151d\u00f6tt a december 12-re ki\u00edrt el\u0151rehozott parlamenti v\u00e1laszt\u00e1s val\u00f3j\u00e1ban m\u00e1r jav\u00e1ban zajl\u00f3 kamp\u00e1nya.<\/strong><!--more--><\/p>\n<div class=\"ads-in-post1\"><div id=\"gazdasagportal.hu_fullbanner_wideboard\"><\/div>\r\n<\/div>\n<p>    A brit v\u00e1laszt\u00e1si t\u00f6rv\u00e9ny \u00e9rtelm\u00e9ben a parlament a v\u00e1laszt\u00e1s id\u0151pontja el\u0151tt 25 munkanappal befejezi tev\u00e9kenys\u00e9g\u00e9t \u00e9s feloszlik. Ez szerd\u00e1n, brit id\u0151 szerint nulla \u00f3ra ut\u00e1n megt\u00f6rt\u00e9nt.<br \/>\n    Boris Johnson konzervat\u00edv p\u00e1rti minisztereln\u00f6k szerd\u00e1n felkeresi a londoni Buckingham-palot\u00e1ban II. Erzs\u00e9bet kir\u00e1lyn\u0151t, akit form\u00e1lisan \u00e9rtes\u00edt a parlament feloszl\u00e1s\u00e1r\u00f3l.<br \/>\n    Ez egyben azt is jelenti, hogy szerd\u00e1t\u00f3l megsz\u0171nt az als\u00f3h\u00e1z eddigi tagjainak k\u00e9pvisel\u0151i jog\u00e1ll\u00e1sa, a k\u00e9pvisel\u0151i mand\u00e1tummal j\u00e1r\u00f3 jogosults\u00e1gokkal \u00e9s k\u00f6telezetts\u00e9gekkel egy\u00fctt, az eddigi k\u00e9pvisel\u0151k mag\u00e1nemberekk\u00e9 v\u00e1ltak, v\u00e1laszt\u00f3k\u00f6rzet\u00fck k\u00e9pvisel\u0151 n\u00e9lk\u00fcl maradt.<br \/>\n    A Konzervat\u00edv P\u00e1rt vezette korm\u00e1ny folytatja munk\u00e1j\u00e1t a v\u00e1laszt\u00e1sok napj\u00e1ig, de a tov\u00e1bbiakban m\u00e1r a kabinet tagjai sem als\u00f3h\u00e1zi k\u00e9pvisel\u0151k.<br \/>\n    A t\u00f6rv\u00e9nyerej\u0171 brit szok\u00e1sjog alapj\u00e1n a kabinet tagja csak az lehet, aki egyben a parlament tagja is, \u00edgy azok a jelenlegi korm\u00e1nytagok, akiket esetleg nem v\u00e1lasztanak meg ism\u00e9t als\u00f3h\u00e1zi k\u00e9pvisel\u0151nek december 12-\u00e9n, a v\u00e1laszt\u00e1sok ut\u00e1n automatikusan kiesnek az \u00faj korm\u00e1nyb\u00f3l.<br \/>\n    Ez vonatkozik Boris Johnson minisztereln\u00f6kre is.<br \/>\n    A fels\u0151 kamara, a Lordok H\u00e1za nem v\u00e1lasztott, hanem kinevezett tagokb\u00f3l \u00e1ll, \u0151k megtartj\u00e1k tiszts\u00e9g\u00fcket, de a Lordok H\u00e1z\u00e1nak m\u0171k\u00f6d\u00e9se is sz\u00fcnetel a v\u00e1laszt\u00e1sokig. A tagok azonban &#8211; az eddigi als\u00f3h\u00e1zi k\u00e9pvisel\u0151kkel ellent\u00e9tben &#8211; tov\u00e1bbra is felkereshetik parlamenti irod\u00e1ikat.<br \/>\n    Az el\u0151rehozott v\u00e1laszt\u00e1sok ki\u00edr\u00e1s\u00e1t Boris Johnson kezdem\u00e9nyezte, \u00e9s az ind\u00edtv\u00e1nyt a parlamenttel folytatott hosszas tusakod\u00e1s ut\u00e1n, a negyedik k\u00eds\u00e9rletre a m\u00falt h\u00e9ten el is fogadtatta.<br \/>\n    A Konzervat\u00edv P\u00e1rtnak az eddigi als\u00f3h\u00e1zban nem volt t\u00f6bbs\u00e9ge, \u00e9s a k\u00e9pvisel\u0151k t\u00f6bbsz\u00f6r is megszavaztak olyan sarkalatos jelent\u0151s\u00e9g\u0171, ellenz\u00e9ki kezdem\u00e9nyez\u00e9s\u0171 t\u00f6rv\u00e9nyjavaslatokat, amelyeket a tory korm\u00e1ny nem t\u00e1mogatott.<br \/>\n<script async src=\"\/\/pagead2.googlesyndication.com\/pagead\/js\/adsbygoogle.js\"><\/script><br \/>\n<!-- 640x400 --><br \/>\n<ins class=\"adsbygoogle\"\n     style=\"display:inline-block;width:640px;height:400px\"\n     data-ad-client=\"ca-pub-1959107119989764\"\n     data-ad-slot=\"6491857550\"><\/ins><br \/>\n<script>\n(adsbygoogle = window.adsbygoogle || []).push({});\n<\/script><br \/>\n    Ezek k\u00f6z\u00e9 tartozott az a jogszab\u00e1ly, amely k\u00f6telezte Johnsont, hogy kezdem\u00e9nyezze az Eur\u00f3pai Tan\u00e1csn\u00e1l a brit EU-tags\u00e1g megsz\u0171n\u00e9s\u00e9nek (Brexit) \u00fajabb halaszt\u00e1s\u00e1t, mivel a t\u00f6rv\u00e9nyben foglalt hat\u00e1rid\u0151ig, okt\u00f3ber 19-ig a parlament nem hagyta j\u00f3v\u00e1 a Brexit felt\u00e9telrendszer\u00e9t r\u00f6gz\u00edt\u0151 meg\u00e1llapod\u00e1st.<br \/>\n    Az Egyes\u00fclt Kir\u00e1lys\u00e1g okt\u00f3ber 31-\u00e9n l\u00e9pett volna ki az Eur\u00f3pai Uni\u00f3b\u00f3l, de az Eur\u00f3pai Tan\u00e1cs 2020. janu\u00e1r 31-ig meghosszabb\u00edtotta a kil\u00e9p\u00e9si hat\u00e1rid\u0151t.<br \/>\n    Boris Johnson az el\u0151rehozott v\u00e1laszt\u00e1sok ki\u00edr\u00e1s\u00e1t indokolva k\u00f6z\u00f6lte: att\u00f3l tart, hogy ez a brit parlament soha nem fogja ratifik\u00e1lni az EU-val el\u00e9rt Brexit-meg\u00e1llapod\u00e1st mindaddig, am\u00edg m\u00f3dj\u00e1ban \u00e1ll a kil\u00e9p\u00e9s tov\u00e1bbi halaszt\u00e1sa.<br \/>\n    El\u0151z\u0151leg 2017 j\u00fanius\u00e1ban, az akkori parlament mand\u00e1tum\u00e1nak lej\u00e1rta el\u0151tt \u00e9ppen h\u00e1rom \u00e9vvel tartottak el\u0151rehozott v\u00e1laszt\u00e1st Nagy-Britanni\u00e1ban, Johnson el\u0151dje, Theresa May kezdem\u00e9nyez\u00e9s\u00e9re.<br \/>\n    A 2017-es v\u00e1laszt\u00e1s el\u0151tt azonban t\u00f6bb mint \u00f6tven \u00e9vig nem volt p\u00e9lda arra, hogy hivatalban l\u00e9v\u0151 brit korm\u00e1nyf\u0151 az el\u0151z\u0151 v\u00e1laszt\u00e1sok ut\u00e1n kevesebb mint n\u00e9gy \u00e9vvel \u00f6nsz\u00e1nt\u00e1b\u00f3l \u00fajabb v\u00e1laszt\u00e1st \u00edrjon ki. Harold Wilson munk\u00e1sp\u00e1rti minisztereln\u00f6k 1966-ban, alig 17 h\u00f3nap ut\u00e1n hirdetett \u00fajabb v\u00e1laszt\u00e1st, mivel p\u00e1rtj\u00e1nak mind\u00f6ssze n\u00e9gyf\u0151s t\u00f6bbs\u00e9ge volt az als\u00f3h\u00e1zban.<br \/>\n    Wilson sz\u00e1m\u00edt\u00e1sa annak idej\u00e9n bev\u00e1lt: az \u00fajabb v\u00e1laszt\u00e1sok ut\u00e1n 96 f\u0151s als\u00f3h\u00e1zi t\u00f6bbs\u00e9ggel alak\u00edthatott \u00faj korm\u00e1nyt.<br \/>\n    \u00d6tvenegy \u00e9vvel k\u00e9s\u0151bb Theresa May azonban nem volt ennyire szerencs\u00e9s: a k\u00e9t \u00e9vvel ezel\u0151tti v\u00e1laszt\u00e1son a Konzervat\u00edv P\u00e1rt elvesztette viszonylag csek\u00e9ly addigi t\u00f6bbs\u00e9g\u00e9t is, \u00e9s az\u00f3ta csak a legnagyobb \u00e9szak-\u00edrorsz\u00e1gi protest\u00e1ns britp\u00e1rti er\u0151, a Demokratikus Unionista P\u00e1rt (DUP) k\u00fcls\u0151 eseti t\u00e1mogat\u00e1s\u00e1val tudott korm\u00e1nyozni.<br \/>\n    Nagy-Britanni\u00e1ban legut\u00f3bb 1923-ban tartottak parlamenti v\u00e1laszt\u00e1st decemberben.(MTI)<br \/>\n<div class=\"ads-in-post2\"><script async src=\"https:\/\/pagead2.googlesyndication.com\/pagead\/js\/adsbygoogle.js\"><\/script>\r\n<ins class=\"adsbygoogle\"\r\n     style=\"display:block\"\r\n     data-ad-format=\"fluid\"\r\n     data-ad-layout-key=\"-6t+ed+2i-1n-4w\"\r\n     data-ad-client=\"ca-pub-1959107119989764\"\r\n     data-ad-slot=\"4008251320\"><\/ins>\r\n<script>\r\n     (adsbygoogle = window.adsbygoogle || []).push({});\r\n<\/script><\/div>\n","protected":false},"excerpt":{"rendered":"<p>Feloszlott szerd\u00e1n a brit parlament, \u00e9s ezzel hivatalosan is elkezd\u0151d\u00f6tt a december 12-re ki\u00edrt el\u0151rehozott parlamenti v\u00e1laszt\u00e1s val\u00f3j\u00e1ban m\u00e1r jav\u00e1ban zajl\u00f3 kamp\u00e1nya.<\/p>\n","protected":false},"author":1,"featured_media":0,"comment_status":"closed","ping_status":"open","sticky":false,"template":"","format":"standard","meta":[],"categories":[12],"tags":[],"_links":{"self":[{"href":"https:\/\/gazdasagportal.hu\/index.php\/wp-json\/wp\/v2\/posts\/121078"}],"collection":[{"href":"https:\/\/gazdasagportal.hu\/index.php\/wp-json\/wp\/v2\/posts"}],"about":[{"href":"https:\/\/gazdasagportal.hu\/index.php\/wp-json\/wp\/v2\/types\/post"}],"author":[{"embeddable":true,"href":"https:\/\/gazdasagportal.hu\/index.php\/wp-json\/wp\/v2\/users\/1"}],"replies":[{"embeddable":true,"href":"https:\/\/gazdasagportal.hu\/index.php\/wp-json\/wp\/v2\/comments?post=121078"}],"version-history":[{"count":1,"href":"https:\/\/gazdasagportal.hu\/index.php\/wp-json\/wp\/v2\/posts\/121078\/revisions"}],"predecessor-version":[{"id":121079,"href":"https:\/\/gazdasagportal.hu\/index.php\/wp-json\/wp\/v2\/posts\/121078\/revisions\/121079"}],"wp:attachment":[{"href":"https:\/\/gazdasagportal.hu\/index.php\/wp-json\/wp\/v2\/media?parent=121078"}],"wp:term":[{"taxonomy":"category","embeddable":true,"href":"https:\/\/gazdasagportal.hu\/index.php\/wp-json\/wp\/v2\/categories?post=121078"},{"taxonomy":"post_tag","embeddable":true,"href":"https:\/\/gazdasagportal.hu\/index.php\/wp-json\/wp\/v2\/tags?post=121078"}],"curies":[{"name":"wp","href":"https:\/\/api.w.org\/{rel}","templated":true}]}}