{"id":121065,"date":"2019-11-05T17:18:25","date_gmt":"2019-11-05T16:18:25","guid":{"rendered":"http:\/\/gazdasagportal.hu\/?p=121065"},"modified":"2019-11-05T15:20:04","modified_gmt":"2019-11-05T14:20:04","slug":"az-erste-a-legjobb-privatbank-kelet-kozep-europaban-ausztriaban-es-horvatorszagban-a-the-banker-es-a-pwm-magazin-szerint","status":"publish","type":"post","link":"https:\/\/gazdasagportal.hu\/index.php\/az-erste-a-legjobb-privatbank-kelet-kozep-europaban-ausztriaban-es-horvatorszagban-a-the-banker-es-a-pwm-magazin-szerint\/","title":{"rendered":"Az Erste a legjobb priv\u00e1tbank Kelet-K\u00f6z\u00e9p-Eur\u00f3p\u00e1ban, Ausztri\u00e1ban \u00e9s Horv\u00e1torsz\u00e1gban a The Banker \u00e9s a PWM magazin szerint"},"content":{"rendered":"<p><strong>Az Erste Csoport nyerte el a The Banker magazin \u00e9s a Professional Wealth Management (PWM) vagyonkezel\u00e9si magazin legjobb kelet-k\u00f6z\u00e9p-eur\u00f3pai priv\u00e1tbanknak j\u00e1r\u00f3 elismer\u00e9s\u00e9t 2019-ben. Emellett az Erste Private Banking kapta a Financial Times Csoporthoz tartoz\u00f3 k\u00e9t szakmai foly\u00f3iratt\u00f3l a legjobb ausztriai priv\u00e1tbanknak \u00e9s a legjobb horv\u00e1torsz\u00e1gi priv\u00e1tbanknak j\u00e1r\u00f3 d\u00edjat is 2019-ben.<\/strong><!--more--><\/p>\n<div class=\"ads-in-post1\"><div id=\"gazdasagportal.hu_fullbanner_wideboard\"><\/div>\r\n<\/div>\n<p>&nbsp;<\/p>\n<p><em>\u201eNagy megtiszteltet\u00e9s sz\u00e1munkra, hogy id\u00e9n m\u00e1r hatodszor nyert\u00fck el a p\u00e9nz\u00fcgyi szektor sz\u00e1mos szak\u00e9rt\u0151je \u00e1ltal oda\u00edt\u00e9lt neves d\u00edjat. Az elismer\u00e9s j\u00f3l t\u00fckr\u00f6zi a magas min\u0151s\u00e9g ir\u00e1nti elk\u00f6telezetts\u00e9g\u00fcnket \u00e9s azt a t\u00f6rekv\u00e9s\u00fcnket, hogy a legmagasabb sz\u00ednvonal\u00fa szolg\u00e1ltat\u00e1sokat ny\u00fajtsuk \u00fcgyfeleink sz\u00e1m\u00e1ra\u201d \u2013 <\/em>jelentette ki K\u00e1llay Andr\u00e1s, az Erste Csoport kelet-k\u00f6z\u00e9p-eur\u00f3pai priv\u00e1tbanki kompetenciak\u00f6zpontj\u00e1nak vezet\u0151je. <em>\u201cAz Erste Private Banking els\u0151sorban az \u00fcgyfelek egyedi \u00e9lethelyzeteihez igaz\u00edtott, kiv\u00e1l\u00f3 vagyonkezel\u00e9si szolg\u00e1ltat\u00e1sokat k\u00edv\u00e1n ny\u00fajtani, \u00e9s arra t\u00f6rekszik, hogy term\u00e9kei \u00e9s szolg\u00e1ltat\u00e1sai \u00e1ttekinthet\u0151ek \u00e9s k\u00f6nnyen el\u00e9rhet\u0151k legyenek. \u00dcgyfeleink b\u00edznak benn\u00fcnk, amit mutat a kezelt vagyon er\u0151teljes n\u00f6veked\u00e9se: a portf\u00f3li\u00f3 6,3 sz\u00e1zal\u00e9kkal 22,6 milli\u00e1rd eur\u00f3ra b\u0151v\u00fclt 2018-ban.\u201d <\/em><\/p><div id=\"gazda-2874181803\" class=\"gazda-tartalomban gazda-entity-placement\"><script async src=\"https:\/\/pagead2.googlesyndication.com\/pagead\/js\/adsbygoogle.js\"><\/script>\r\n<ins class=\"adsbygoogle\"\r\n     style=\"display:block\"\r\n     data-ad-format=\"fluid\"\r\n     data-ad-layout-key=\"-6t+ed+2i-1n-4w\"\r\n     data-ad-client=\"ca-pub-1959107119989764\"\r\n     data-ad-slot=\"4008251320\"><\/ins>\r\n<script>\r\n     (adsbygoogle = window.adsbygoogle || []).push({});\r\n<\/script><\/div>\n<p>&nbsp;<\/p>\n<p><strong>A legjobb priv\u00e1tbank Kelet-K\u00f6z\u00e9p-Eur\u00f3p\u00e1ban<\/strong><\/p>\n<p><strong>\u00a0<\/strong><\/p>\n<p>A PWM \u00e9s a The Banker magazin az Erste priv\u00e1tbanki \u00fczlet\u00e1g\u00e1t hirdette ki gy\u0151ztesnek a kelet-k\u00f6z\u00e9p-eur\u00f3pai kateg\u00f3ri\u00e1ban a 2019. \u00e9vi megm\u00e9rettet\u00e9sen, kiemelve hogy az Erste Csoport a r\u00e9gi\u00f3 egyik vezet\u0151 vagyonkezel\u00e9si t\u00e1rsas\u00e1ga, \u00e9s nem csak Ausztri\u00e1ban, hanem helyi priv\u00e1tbanki \u00fczlet\u00e1gai r\u00e9v\u00e9n Csehorsz\u00e1gban, Horv\u00e1torsz\u00e1gban, Magyarorsz\u00e1gon, Rom\u00e1ni\u00e1ban \u00e9s Szlov\u00e1ki\u00e1ban is akt\u00edv. Ezeken a piacokon az Erste Private Banking t\u00f6bb mint 19 ezer priv\u00e1tbanki \u00fcgyf\u00e9l sz\u00e1m\u00e1ra ny\u00fajt szolg\u00e1ltat\u00e1sokat, \u00f6sszesen 22,6 milli\u00e1rd eur\u00f3s vagyont kezelve. A sz\u00e9les paletta vagyonkezel\u00e9si \u00e9s tan\u00e1csad\u00e1si, valamint hat\u00e1ron \u00e1tny\u00fal\u00f3 \u00e9s k\u00fcl\u00f6nb\u00f6z\u0151 jogrendszerek k\u00f6zti szolg\u00e1ltat\u00e1sokat k\u00edn\u00e1l szerte a r\u00e9gi\u00f3ban. Az Erste Private Banking id\u00e9n sorozatban hatodik alkalommal nyerte el a The Banker \u00e9s a PWM magazin nagyra \u00e9rt\u00e9kelt d\u00edj\u00e1t, a legjobb kelet-k\u00f6z\u00e9p-eur\u00f3pai priv\u00e1tbanknak j\u00e1r\u00f3 elismer\u00e9st.<\/p>\n<p>&nbsp;<\/p>\n<p><strong>A legjobb priv\u00e1tbank Ausztri\u00e1ban<\/strong><\/p>\n<p>&nbsp;<\/p>\n<p>Amellett, hogy a legnagyobb priv\u00e1tbanki szolg\u00e1ltat\u00f3nak min\u0151s\u00fcl Ausztri\u00e1ban, az Erste Csoport piacvezet\u0151 is az orsz\u00e1g befektet\u00e9si alapjainak piac\u00e1n, \u00e9s eg\u00e9sz sor innovat\u00edv term\u00e9ket k\u00edn\u00e1l kezdve a glob\u00e1lis trendekhez igazod\u00f3 alapokt\u00f3l a fenntarthat\u00f3 befektet\u00e9si form\u00e1kig, amelyek egyre t\u00f6bb \u00fcgyf\u00e9l \u00e9rdekl\u0151d\u00e9s\u00e9t keltik fel Ausztri\u00e1ban \u00e9s eg\u00e9sz Kelet-K\u00f6z\u00e9p-Eur\u00f3p\u00e1ban. Az Erste Private Banking h\u00e9t \u00e9ven bel\u00fcl imm\u00e1r hatodszor vehette \u00e1t a legjobb priv\u00e1tbanknak j\u00e1r\u00f3 d\u00edjat Ausztri\u00e1ban.<\/p>\n<p>&nbsp;<\/p>\n<p>Thomas Schaufler, az Erste Bank Oesterreich priv\u00e1tbanki \u00fczlet\u00e1g\u00e9rt felel\u0151s igazgat\u00f3s\u00e1gi tagja k\u00f6z\u00f6lte: \u201e<em>Az osztr\u00e1k piacon legnagyobb \u00e9s piacvezet\u0151 priv\u00e1tbanki szolg\u00e1ltat\u00f3jak\u00e9nt az Erste Bank b\u00fcszke arra, hogy a ter\u00fcleten el\u00e9rt komoly eredm\u00e9nyei ism\u00e9t elismer\u00e9sre tal\u00e1ltak. Az Erste Private Banking a priv\u00e1tbankokra jellemz\u0151 els\u0151rang\u00fa tan\u00e1csad\u00e1st \u00e9s a testre szabott egyedi k\u00edn\u00e1latot elegy\u00edti egy sz\u00e9les k\u00f6rben elismert univerz\u00e1lis bank innovat\u00edv platformjaival \u00e9s sokr\u00e9t\u0171 lehet\u0151s\u00e9geivel. P\u00e9ld\u00e1ul az \u00e1ltalunk haszn\u00e1lt legmodernebb elsz\u00e1mol\u00f3 rendszer r\u00e9v\u00e9n \u00fcgyfeleink a mag\u00e1nvagyonukat \u00e9s a v\u00e1llalkoz\u00e1suk vagyon\u00e1t is b\u00e1rmikor leellen\u0151rizhetik online. Ez a megold\u00e1s kiel\u00e9g\u00edti a k\u00f6vetkez\u0151 gener\u00e1ci\u00f3 ig\u00e9nyeit \u00e9s elv\u00e1r\u00e1sait, emellett tov\u00e1bb er\u0151s\u00edti t\u00f6bbgener\u00e1ci\u00f3s vagyonkezel\u00e9si szolg\u00e1ltat\u00f3k\u00e9nt felhalmozott szak\u00e9rtelm\u00fcnket.\u201d<\/em><\/p>\n<p>&nbsp;<\/p>\n<p><strong>A legjobb priv\u00e1tbank Horv\u00e1torsz\u00e1gban<\/strong><\/p>\n<p><strong>\u00a0<\/strong><\/p>\n<p>Az Erste 2007 \u00f3ta ny\u00fajt priv\u00e1tbanki szolg\u00e1ltat\u00e1sokat Horv\u00e1torsz\u00e1gban, ahol jelenleg t\u00f6bb mint ezer \u00fcgyf\u00e9llel rendelkezik. Z\u00e1gr\u00e1bban, Rijek\u00e1ban, Splitben, \u00e9s Esz\u00e9ken tart fenn priv\u00e1tbanki kirendelts\u00e9get. \u201e<em>Rendk\u00edv\u00fcl boldogok \u00e9s b\u00fcszk\u00e9k vagyunk arra, hogy a The Banker \u00e9s a PWM ism\u00e9t elismerte term\u00e9keink \u00e9s szolg\u00e1ltat\u00e1saink min\u0151s\u00e9g\u00e9t. \u00dczleti tev\u00e9kenys\u00e9g\u00fcnk gerinc\u00e9t az a szenved\u00e9ly \u00e9s elk\u00f6telezetts\u00e9g adja, amellyel priv\u00e1tbank\u00e1raink igyekeznek megval\u00f3s\u00edtani a c\u00e9lkit\u0171z\u00e9seket \u00e9s teljes\u00edteni \u00fcgyfeleink elv\u00e1r\u00e1sait. Az eg\u00e9sz csapat kiv\u00e1l\u00f3 teljes\u00edtm\u00e9nye \u00e9s az Erste Csoport jelent\u0151s t\u00e1mogat\u00e1sa n\u00e9lk\u00fcl nem \u00e9rhett\u00fck volna el ezt a kiemelked\u0151 eredm\u00e9nyt \u00e9s nem nyerhett\u00fck volna el ezt a neves d\u00edjat. \u00dcgyfeleink el\u00e9gedetts\u00e9ge mellett a szakmai elismer\u00e9s jelenti az egyik legnagyobb motiv\u00e1ci\u00f3t sz\u00e1munkra \u2013 <\/em>mondta Kristina Buconjic, az Erste Bank horv\u00e1torsz\u00e1gi priv\u00e1tbanki \u00fczlet\u00e1g\u00e1nak vezet\u0151je. A 2019.\u00e9vi d\u00edj \u00f6t \u00e9ven bel\u00fcl imm\u00e1r a harmadik, amelyet az Erste horv\u00e1torsz\u00e1gi priv\u00e1tbanki \u00fczlet\u00e1ga elnyert.<\/p>\n<p>&nbsp;<\/p>\n<p><strong>A The Banker \u00e9s a PWM glob\u00e1lis priv\u00e1tbanki d\u00edja<\/strong><\/p>\n<p><strong>\u00a0<\/strong><\/p>\n<p>A Glob\u00e1lis Priv\u00e1tbanki D\u00edj oda\u00edt\u00e9l\u00e9s\u00e9hez a 15 priv\u00e1tbanki \u00e9s vagyonkezel\u00e9si szak\u00e9rt\u0151b\u0151l \u00e1ll\u00f3 zs\u0171ri t\u00f6bb mint sz\u00e1z priv\u00e1tbankot hasonl\u00edtott \u00f6ssze olyan alapvet\u0151 teljes\u00edtm\u00e9nymutat\u00f3k alapj\u00e1n, mint a portf\u00f3li\u00f3kezel\u00e9s, eszk\u00f6zallok\u00e1ci\u00f3, \u00e1tl\u00e1that\u00f3s\u00e1g, kock\u00e1zatkezel\u00e9s, n\u00f6veked\u00e9si strat\u00e9gia, \u00fcgyf\u00e9lkiszolg\u00e1l\u00e1s, etikai t\u00e9nyez\u0151k, \u00fczleti modellek, innov\u00e1ci\u00f3, valamint a munkaer\u0151 megtart\u00e1s\u00e1nak k\u00e9pess\u00e9ge.<\/p>\n<p>&nbsp;<\/p>\n<p>A londoni Financial Times Group \u00e1ltal havonta kiadott The Banker p\u00e9nz\u00fcgyi magazin a bankszektorral foglalkozik els\u0151sorban. A lap nev\u00e9vel f\u00e9mjelzett d\u00edjak \u00e9s rangsorok a nemzetk\u00f6zi banki k\u00f6z\u00f6ss\u00e9g \u00e1ltal elfogadott benchmarkokat jelentenek. A szint\u00e9n a Financial Times Group k\u00f6tel\u00e9k\u00e9hez tartoz\u00f3 szakfoly\u00f3irat, a PWM, azaz a Professional Wealth Management els\u0151sorban elemz\u00e9seket k\u00f6z\u00f6l, amelyek azt kutatj\u00e1k, mik\u00e9nt siker\u00fcl a vagyonkezel\u00e9si megold\u00e1sokat eljuttatni a priv\u00e1tbaki \u00fcgyfelekhez \u00e9s a v\u00e1llalkoz\u00e1st m\u0171k\u00f6dtet\u0151 csal\u00e1dokhoz.<br \/>\n<div class=\"ads-in-post2\"><script async src=\"https:\/\/pagead2.googlesyndication.com\/pagead\/js\/adsbygoogle.js\"><\/script>\r\n<ins class=\"adsbygoogle\"\r\n     style=\"display:block\"\r\n     data-ad-format=\"fluid\"\r\n     data-ad-layout-key=\"-6t+ed+2i-1n-4w\"\r\n     data-ad-client=\"ca-pub-1959107119989764\"\r\n     data-ad-slot=\"4008251320\"><\/ins>\r\n<script>\r\n     (adsbygoogle = window.adsbygoogle || []).push({});\r\n<\/script><\/div>\n<p>&nbsp;<\/p>\n","protected":false},"excerpt":{"rendered":"<p>Az Erste Csoport nyerte el a The Banker magazin \u00e9s a Professional Wealth Management (PWM) vagyonkezel\u00e9si magazin legjobb kelet-k\u00f6z\u00e9p-eur\u00f3pai priv\u00e1tbanknak j\u00e1r\u00f3 elismer\u00e9s\u00e9t 2019-ben. Emellett az Erste Private Banking kapta a Financial Times Csoporthoz tartoz\u00f3 k\u00e9t szakmai foly\u00f3iratt\u00f3l a legjobb ausztriai priv\u00e1tbanknak \u00e9s a legjobb horv\u00e1torsz\u00e1gi priv\u00e1tbanknak j\u00e1r\u00f3 d\u00edjat is 2019-ben.<\/p>\n","protected":false},"author":1,"featured_media":0,"comment_status":"closed","ping_status":"open","sticky":false,"template":"","format":"standard","meta":[],"categories":[19],"tags":[],"_links":{"self":[{"href":"https:\/\/gazdasagportal.hu\/index.php\/wp-json\/wp\/v2\/posts\/121065"}],"collection":[{"href":"https:\/\/gazdasagportal.hu\/index.php\/wp-json\/wp\/v2\/posts"}],"about":[{"href":"https:\/\/gazdasagportal.hu\/index.php\/wp-json\/wp\/v2\/types\/post"}],"author":[{"embeddable":true,"href":"https:\/\/gazdasagportal.hu\/index.php\/wp-json\/wp\/v2\/users\/1"}],"replies":[{"embeddable":true,"href":"https:\/\/gazdasagportal.hu\/index.php\/wp-json\/wp\/v2\/comments?post=121065"}],"version-history":[{"count":1,"href":"https:\/\/gazdasagportal.hu\/index.php\/wp-json\/wp\/v2\/posts\/121065\/revisions"}],"predecessor-version":[{"id":121066,"href":"https:\/\/gazdasagportal.hu\/index.php\/wp-json\/wp\/v2\/posts\/121065\/revisions\/121066"}],"wp:attachment":[{"href":"https:\/\/gazdasagportal.hu\/index.php\/wp-json\/wp\/v2\/media?parent=121065"}],"wp:term":[{"taxonomy":"category","embeddable":true,"href":"https:\/\/gazdasagportal.hu\/index.php\/wp-json\/wp\/v2\/categories?post=121065"},{"taxonomy":"post_tag","embeddable":true,"href":"https:\/\/gazdasagportal.hu\/index.php\/wp-json\/wp\/v2\/tags?post=121065"}],"curies":[{"name":"wp","href":"https:\/\/api.w.org\/{rel}","templated":true}]}}