{"id":121063,"date":"2019-11-05T16:16:31","date_gmt":"2019-11-05T15:16:31","guid":{"rendered":"http:\/\/gazdasagportal.hu\/?p=121063"},"modified":"2019-11-05T15:17:20","modified_gmt":"2019-11-05T14:17:20","slug":"brexit-barnier-nehez-es-aprolekos-targyalasok-varhatok-a-kereskedelmet-erinto-kerdesekben","status":"publish","type":"post","link":"https:\/\/gazdasagportal.hu\/index.php\/brexit-barnier-nehez-es-aprolekos-targyalasok-varhatok-a-kereskedelmet-erinto-kerdesekben\/","title":{"rendered":"Brexit &#8211; Barnier: neh\u00e9z \u00e9s apr\u00f3l\u00e9kos t\u00e1rgyal\u00e1sok v\u00e1rhat\u00f3k a kereskedelmet \u00e9rint\u0151 k\u00e9rd\u00e9sekben"},"content":{"rendered":"<p><strong>Az Eur\u00f3pai Uni\u00f3 \u00e9s Nagy-Britannia kereskedelmi kapcsolatair\u00f3l sz\u00f3l\u00f3 t\u00e1rgyal\u00e1sok neh\u00e9znek \u00e9s apr\u00f3l\u00e9kosnak \u00edg\u00e9rkeznek, az uni\u00f3 nem fogja engedni, hogy London tisztess\u00e9gtelen versenyel\u0151nyt szerezzen &#8211; jelentette ki az Eur\u00f3pai Bizotts\u00e1g Brexit-\u00fcgyi f\u0151t\u00e1rgyal\u00f3ja kedden Lisszabonban.<\/strong><!--more--><\/p>\n<div class=\"ads-in-post1\"><div id=\"gazdasagportal.hu_fullbanner_wideboard\"><\/div>\r\n<\/div>\n<p>    Michel Barnier a Web Summit nemzetk\u00f6zi technol\u00f3giai konferenci\u00e1n mondott besz\u00e9det a brit kil\u00e9p\u00e9s ut\u00e1ni Eur\u00f3pa j\u00f6v\u0151j\u00e9r\u0151l, \u00e9s eml\u00e9keztetett arra, hogy az uni\u00f3s \u00e9s brit t\u00e1rgyal\u00f3k \u00e1ltal el\u00e9rt, majd pedig a tagorsz\u00e1gok vezet\u0151i \u00e1ltal okt\u00f3ber v\u00e9g\u00e9n elfogadott, a brit EU-tags\u00e1g rendezett megsz\u0171n\u00e9s\u00e9t (Brexit) biztos\u00edt\u00f3 meg\u00e1llapod\u00e1s ambici\u00f3zus szabadkereskedelmi egyezm\u00e9nyt v\u00e1zol fel a j\u00f6v\u0151re n\u00e9zve, z\u00e9r\u00f3kulcsos v\u00e1mokkal \u00e9s kv\u00f3t\u00e1k n\u00e9lk\u00fcl, egyenl\u0151 versenyfelt\u00e9telekkel.<br \/>\n    Az Egyes\u00fclt Kir\u00e1lys\u00e1gnak azonban nem szabad azt gondolnia, hogy mindez elegend\u0151 a j\u00f6v\u0151beli partners\u00e9ghez. Az EU-nak szil\u00e1rd garanci\u00e1kra lesz sz\u00fcks\u00e9ge az egyenl\u0151 versenyfelt\u00e9telek biztos\u00edt\u00e1s\u00e1hoz &#8211; emelte ki a francia politikus.<br \/>\n    Szavai szerint, ha a brit parlament is ratifik\u00e1lja is a kil\u00e9p\u00e9si meg\u00e1llapod\u00e1st, az m\u00e9g messze nem jelenti a folyamat v\u00e9g\u00e9t. Az uni\u00f3nak teljesen \u00faj viszonyrendszert \u00e9s egy\u00fcttm\u0171k\u00f6d\u00e9st kell kialak\u00edtania Londonnal. Az erre ford\u00edthat\u00f3 id\u0151 ugyanakkor nagyon r\u00f6vid &#8211; figyelmeztetett Michel Barnier.<br \/>\n    Az Eur\u00f3pai Bizotts\u00e1g t\u00e1rgyal\u00f3i k\u00e9szen \u00e1llnak a t\u00e1rgyal\u00e1sokra, amelyek legal\u00e1bb olyan neh\u00e9znek \u00edg\u00e9rkeznek, mint a Brexit el\u0151k\u00e9sz\u00edt\u00e9s\u00e9t szolg\u00e1l\u00f3, \u00e9veken \u00e1t tart\u00f3 megbesz\u00e9l\u00e9sek. El\u0151bb azonban a brit parlament illet\u00e9keseinek kell ratifik\u00e1lt\u00e1k a meg\u00e1llapod\u00e1st &#8211; tette hozz\u00e1.<br \/>\n    Noha &#8211; mint mondta &#8211; ez id\u00e1ig senkinek sem siker\u00fclt elmagyar\u00e1znia sz\u00e1m\u00e1ra a Brexit &#8222;hozz\u00e1adott \u00e9rt\u00e9keit&#8221;, az uni\u00f3s f\u0151t\u00e1rgyal\u00f3 rem\u00e9ny\u00e9t fejezte ki, hogy az Egyes\u00fclt Kir\u00e1lys\u00e1g v\u00e1laszt\u00f3i a december 12-re ki\u00edrt el\u0151rehozott parlamenti v\u00e1laszt\u00e1son a m\u00e1r kor\u00e1bban v\u00e1lasztott \u00fat megtart\u00e1sa mellett d\u00f6ntenek.<br \/>\n    A Brexit nem puszt\u00e1n az uni\u00f3 \u00e9s az Egyes\u00fclt Kir\u00e1lys\u00e1g sz\u00e9tv\u00e1l\u00e1s\u00e1r\u00f3l sz\u00f3l. Sz\u00e1mos k\u00f6vetkezm\u00e9ny\u00e9t al\u00e1becs\u00fclik, az ugyanis komoly neh\u00e9zs\u00e9gekkel, \u00e1tl\u00e1thatatlan fejlem\u00e9nyekkel j\u00e1rhat. A meg\u00e1llapod\u00e1s viszont biztons\u00e1got jelenthet mindk\u00e9t f\u00e9l sz\u00e1m\u00e1ra &#8211; mondta. Kiemelte azonban, a Brexit bizonytalans\u00e1got jelent \u00cdrorsz\u00e1gnak, de a t\u00e1rgyal\u00f3k az \u00cdrorsz\u00e1g \u00e9s \u00c9szak-\u00cdrorsz\u00e1g k\u00fcl\u00f6nleges probl\u00e9m\u00e1ira is k\u00f6z\u00f6s megold\u00e1st tal\u00e1ltak. Az eg\u00e9sz r\u00e9gi\u00f3nak b\u00e9k\u00e9re \u00e9s stabilit\u00e1sra van sz\u00fcks\u00e9ge &#8211; tette hozz\u00e1.<br \/>\n    &#8222;\u00d3vatosnak kell lenn\u00fcnk, fel kell k\u00e9sz\u00fcln\u00fcnk a legnehezebb forgat\u00f3k\u00f6nyvre is. A Brexit mindk\u00e9rt f\u00e9l sz\u00e1m\u00e1ra vesztes t\u00f6rt\u00e9net, de t\u00f6rekedni kell a bar\u00e1ts\u00e1g, az egy\u00fcttm\u0171k\u00f6d\u00e9s \u00e9s a k\u00f6z\u00f6s c\u00e9lok meg\u00f3v\u00e1s\u00e1ra&#8221; &#8211; fogalmazott Barnier.<br \/>\n    Nagy-Britanni\u00e1ban december 12-\u00e9n el\u0151rehozott parlamenti v\u00e1laszt\u00e1st tartanak. A 2016-os Brexit-referendum \u00f3ta m\u00e1r m\u00e1sodszor sz\u00f3l\u00edtj\u00e1k urn\u00e1hoz a v\u00e1laszt\u00f3kat, miut\u00e1n a kil\u00e9p\u00e9s d\u00e1tum\u00e1t h\u00e1romszor is el kellett halasztani.(MTI)<br \/>\n<div class=\"ads-in-post2\"><script async src=\"https:\/\/pagead2.googlesyndication.com\/pagead\/js\/adsbygoogle.js\"><\/script>\r\n<ins class=\"adsbygoogle\"\r\n     style=\"display:block\"\r\n     data-ad-format=\"fluid\"\r\n     data-ad-layout-key=\"-6t+ed+2i-1n-4w\"\r\n     data-ad-client=\"ca-pub-1959107119989764\"\r\n     data-ad-slot=\"4008251320\"><\/ins>\r\n<script>\r\n     (adsbygoogle = window.adsbygoogle || []).push({});\r\n<\/script><\/div>\n","protected":false},"excerpt":{"rendered":"<p>Az Eur\u00f3pai Uni\u00f3 \u00e9s Nagy-Britannia kereskedelmi kapcsolatair\u00f3l sz\u00f3l\u00f3 t\u00e1rgyal\u00e1sok neh\u00e9znek \u00e9s apr\u00f3l\u00e9kosnak \u00edg\u00e9rkeznek, az uni\u00f3 nem fogja engedni, hogy London tisztess\u00e9gtelen versenyel\u0151nyt szerezzen &#8211; jelentette ki az Eur\u00f3pai Bizotts\u00e1g Brexit-\u00fcgyi f\u0151t\u00e1rgyal\u00f3ja kedden Lisszabonban.<\/p>\n","protected":false},"author":1,"featured_media":0,"comment_status":"closed","ping_status":"open","sticky":false,"template":"","format":"standard","meta":[],"categories":[12],"tags":[],"_links":{"self":[{"href":"https:\/\/gazdasagportal.hu\/index.php\/wp-json\/wp\/v2\/posts\/121063"}],"collection":[{"href":"https:\/\/gazdasagportal.hu\/index.php\/wp-json\/wp\/v2\/posts"}],"about":[{"href":"https:\/\/gazdasagportal.hu\/index.php\/wp-json\/wp\/v2\/types\/post"}],"author":[{"embeddable":true,"href":"https:\/\/gazdasagportal.hu\/index.php\/wp-json\/wp\/v2\/users\/1"}],"replies":[{"embeddable":true,"href":"https:\/\/gazdasagportal.hu\/index.php\/wp-json\/wp\/v2\/comments?post=121063"}],"version-history":[{"count":1,"href":"https:\/\/gazdasagportal.hu\/index.php\/wp-json\/wp\/v2\/posts\/121063\/revisions"}],"predecessor-version":[{"id":121064,"href":"https:\/\/gazdasagportal.hu\/index.php\/wp-json\/wp\/v2\/posts\/121063\/revisions\/121064"}],"wp:attachment":[{"href":"https:\/\/gazdasagportal.hu\/index.php\/wp-json\/wp\/v2\/media?parent=121063"}],"wp:term":[{"taxonomy":"category","embeddable":true,"href":"https:\/\/gazdasagportal.hu\/index.php\/wp-json\/wp\/v2\/categories?post=121063"},{"taxonomy":"post_tag","embeddable":true,"href":"https:\/\/gazdasagportal.hu\/index.php\/wp-json\/wp\/v2\/tags?post=121063"}],"curies":[{"name":"wp","href":"https:\/\/api.w.org\/{rel}","templated":true}]}}