{"id":121057,"date":"2019-11-05T12:45:32","date_gmt":"2019-11-05T11:45:32","guid":{"rendered":"http:\/\/gazdasagportal.hu\/?p=121057"},"modified":"2019-11-05T12:45:32","modified_gmt":"2019-11-05T11:45:32","slug":"az-eu-kesz-erositeni-az-egyuttmukodest-az-egyesult-allamok-kilepese-utan-is-a-parizsi-klimaegyezmeny-tobbi-alairojaval","status":"publish","type":"post","link":"https:\/\/gazdasagportal.hu\/index.php\/az-eu-kesz-erositeni-az-egyuttmukodest-az-egyesult-allamok-kilepese-utan-is-a-parizsi-klimaegyezmeny-tobbi-alairojaval\/","title":{"rendered":"Az EU k\u00e9sz er\u0151s\u00edteni az egy\u00fcttm\u0171k\u00f6d\u00e9st az Egyes\u00fclt \u00c1llamok kil\u00e9p\u00e9se ut\u00e1n is a p\u00e1rizsi kl\u00edmaegyezm\u00e9ny t\u00f6bbi al\u00e1\u00edr\u00f3j\u00e1val"},"content":{"rendered":"<p><strong>Az Eur\u00f3pai Uni\u00f3 k\u00e9sz er\u0151s\u00edteni az egy\u00fcttm\u0171k\u00f6d\u00e9st a p\u00e1rizsi kl\u00edmaegyezm\u00e9ny t\u00f6bbi al\u00e1\u00edr\u00f3j\u00e1val, miut\u00e1n az Egyes\u00fclt \u00c1llamok h\u00e9tf\u0151n hivatalosan is megkezdte a kil\u00e9p\u00e9s folyamat\u00e1t &#8211; hangs\u00falyozta kedden Miguel Arias Canete, az Eur\u00f3pai Bizotts\u00e1g \u00e9ghajlat- \u00e9s energiapolitik\u00e1\u00e9rt felel\u0151s tagja.<\/strong><!--more--><\/p>\n<div class=\"ads-in-post1\"><div id=\"gazdasagportal.hu_fullbanner_wideboard\"><\/div>\r\n<\/div>\n<p>    A p\u00e1rizsi meg\u00e1llapod\u00e1s a friss fejlem\u00e9nyek ellen\u00e9re sincsen vesz\u00e9lyben, az alapjai tov\u00e1bbra is szil\u00e1rdak &#8211; sz\u00f6gezte le a spanyol uni\u00f3s biztos a Twitteren.<br \/>\n    &#8222;Ezut\u00e1n is egy\u00fctt fogunk dolgozni azon szerepl\u0151kkel, entit\u00e1sokkal az Egyes\u00fclt \u00c1llamokban, amelyek elk\u00f6telezettek az ambici\u00f3zus kl\u00edmav\u00e9delmi fell\u00e9p\u00e9s ir\u00e1nt&#8221; &#8211; \u00edrta az egyezm\u00e9ny mellett ki\u00e1ll\u00f3 amerikai sz\u00f6vets\u00e9gi \u00e1llamokra \u00e9s v\u00e1rosokra utalva.<br \/>\n    Washington h\u00e9tf\u0151n hivatalosan megind\u00edtotta a v\u00e1rhat\u00f3an nagyj\u00e1b\u00f3l egy \u00e9vig tart\u00f3 kiv\u00e1l\u00e1si folyamatot, amely a j\u00f6v\u0151 \u00e9vi amerikai eln\u00f6kv\u00e1laszt\u00e1st k\u00f6vet\u0151en z\u00e1rul le.<br \/>\n    Donald Trump amerikai eln\u00f6k m\u00e1r a v\u00e1laszt\u00e1si kamp\u00e1nyban is a szerz\u0151d\u00e9s megr\u00f6gz\u00f6tt ellenz\u0151jek\u00e9nt l\u00e9pett fel, korm\u00e1nya pedig az elm\u00falt \u00e9vek folyam\u00e1n sz\u00e1mos megl\u00e9v\u0151 k\u00f6rnyezetv\u00e9delmi szab\u00e1lyoz\u00e1st helyezett hat\u00e1lyon k\u00edv\u00fcl vagy gyeng\u00edtett meg arra hivatkozva, hogy azok rontj\u00e1k az orsz\u00e1g versenyk\u00e9pess\u00e9g\u00e9t.<br \/>\n    A 2015-\u00f6s p\u00e1rizsi kl\u00edmaegyezm\u00e9nyt a vil\u00e1g szinte minden orsz\u00e1ga al\u00e1\u00edrta.(MTI)<br \/>\n<div class=\"ads-in-post2\"><script async src=\"https:\/\/pagead2.googlesyndication.com\/pagead\/js\/adsbygoogle.js\"><\/script>\r\n<ins class=\"adsbygoogle\"\r\n     style=\"display:block\"\r\n     data-ad-format=\"fluid\"\r\n     data-ad-layout-key=\"-6t+ed+2i-1n-4w\"\r\n     data-ad-client=\"ca-pub-1959107119989764\"\r\n     data-ad-slot=\"4008251320\"><\/ins>\r\n<script>\r\n     (adsbygoogle = window.adsbygoogle || []).push({});\r\n<\/script><\/div>\n","protected":false},"excerpt":{"rendered":"<p>Az Eur\u00f3pai Uni\u00f3 k\u00e9sz er\u0151s\u00edteni az egy\u00fcttm\u0171k\u00f6d\u00e9st a p\u00e1rizsi kl\u00edmaegyezm\u00e9ny t\u00f6bbi al\u00e1\u00edr\u00f3j\u00e1val, miut\u00e1n az Egyes\u00fclt \u00c1llamok h\u00e9tf\u0151n hivatalosan is megkezdte a kil\u00e9p\u00e9s folyamat\u00e1t &#8211; hangs\u00falyozta kedden Miguel Arias Canete, az Eur\u00f3pai Bizotts\u00e1g \u00e9ghajlat- \u00e9s energiapolitik\u00e1\u00e9rt felel\u0151s tagja.<\/p>\n","protected":false},"author":1,"featured_media":0,"comment_status":"closed","ping_status":"open","sticky":false,"template":"","format":"standard","meta":[],"categories":[12],"tags":[],"_links":{"self":[{"href":"https:\/\/gazdasagportal.hu\/index.php\/wp-json\/wp\/v2\/posts\/121057"}],"collection":[{"href":"https:\/\/gazdasagportal.hu\/index.php\/wp-json\/wp\/v2\/posts"}],"about":[{"href":"https:\/\/gazdasagportal.hu\/index.php\/wp-json\/wp\/v2\/types\/post"}],"author":[{"embeddable":true,"href":"https:\/\/gazdasagportal.hu\/index.php\/wp-json\/wp\/v2\/users\/1"}],"replies":[{"embeddable":true,"href":"https:\/\/gazdasagportal.hu\/index.php\/wp-json\/wp\/v2\/comments?post=121057"}],"version-history":[{"count":1,"href":"https:\/\/gazdasagportal.hu\/index.php\/wp-json\/wp\/v2\/posts\/121057\/revisions"}],"predecessor-version":[{"id":121058,"href":"https:\/\/gazdasagportal.hu\/index.php\/wp-json\/wp\/v2\/posts\/121057\/revisions\/121058"}],"wp:attachment":[{"href":"https:\/\/gazdasagportal.hu\/index.php\/wp-json\/wp\/v2\/media?parent=121057"}],"wp:term":[{"taxonomy":"category","embeddable":true,"href":"https:\/\/gazdasagportal.hu\/index.php\/wp-json\/wp\/v2\/categories?post=121057"},{"taxonomy":"post_tag","embeddable":true,"href":"https:\/\/gazdasagportal.hu\/index.php\/wp-json\/wp\/v2\/tags?post=121057"}],"curies":[{"name":"wp","href":"https:\/\/api.w.org\/{rel}","templated":true}]}}