{"id":121023,"date":"2019-11-04T17:18:13","date_gmt":"2019-11-04T16:18:13","guid":{"rendered":"http:\/\/gazdasagportal.hu\/?p=121023"},"modified":"2019-11-04T17:18:13","modified_gmt":"2019-11-04T16:18:13","slug":"mersekeltek-a-terrorellenes-keszultseget-nagy-britanniaban","status":"publish","type":"post","link":"https:\/\/gazdasagportal.hu\/index.php\/mersekeltek-a-terrorellenes-keszultseget-nagy-britanniaban\/","title":{"rendered":"M\u00e9rs\u00e9kelt\u00e9k a terrorellenes k\u00e9sz\u00fclts\u00e9get Nagy-Britanni\u00e1ban"},"content":{"rendered":"<p><strong>M\u00e9rs\u00e9klet\u00e9k h\u00e9tf\u0151n a brit hat\u00f3s\u00e1gok a terrork\u00e9sz\u00fclts\u00e9g szintj\u00e9t. Priti Patel bel\u00fcgyminiszter az int\u00e9zked\u00e9st bejelent\u0151 k\u00f6zlem\u00e9ny\u00e9ben hangs\u00falyozta ugyanakkor, hogy a terrorfenyegetetts\u00e9g tov\u00e1bbra is magas. A Scotland Yard terrorelh\u00e1r\u00edt\u00e1si f\u0151n\u00f6ke szerint az elm\u00falt k\u00e9t \u00e9vben k\u00e9ttucatnyi terrort\u00e1mad\u00e1si k\u00eds\u00e9rletet siker\u00fclt meghi\u00fas\u00edtani.<\/strong><!--more--><\/p>\n<div class=\"ads-in-post1\"><div id=\"gazdasagportal.hu_fullbanner_wideboard\"><\/div>\r\n<\/div>\n<p>    Priti Patel k\u00f6z\u00f6lte: az \u00f6tfokozat\u00fa sk\u00e1l\u00e1n az eddig \u00e9rv\u00e9nyben volt m\u00e1sodik legmagasabb, &#8222;s\u00falyos&#8221; szintr\u0151l a harmadik szintre, &#8222;jelent\u0151sre&#8221; m\u00f3dos\u00edtott\u00e1k a k\u00e9sz\u00fclts\u00e9gi fokozatot.<br \/>\n    A nagy-britanniai terrork\u00e9sz\u00fclts\u00e9gi fokozat 2014 augusztusa \u00f3ta nem volt ilyen alacsonyan.<br \/>\n    Az eddigi &#8222;s\u00falyos&#8221; fokozat a hivatalos besorol\u00e1s szerint azt jelentette, hogy a hat\u00f3s\u00e1gok &#8222;nagyon val\u00f3sz\u00edn\u0171nek&#8221; tartottak egy terrort\u00e1mad\u00e1st.<br \/>\n    A h\u00e9tf\u0151 \u00f3ta \u00e9rv\u00e9nyes &#8222;jelent\u0151s&#8221; k\u00e9sz\u00fclts\u00e9gi szint &#8222;val\u00f3sz\u00edn\u0171k\u00e9nt&#8221; hat\u00e1rozza meg ugyanezt.<br \/>\n    A legmagasabb szint a &#8222;kritikus&#8221;, amelyet akkor l\u00e9ptetnek \u00e9letbe, ha a hat\u00f3s\u00e1gok inform\u00e1ci\u00f3i szerint nagyon nagy a vesz\u00e9lye az azonnali vagy r\u00f6vid id\u0151n bel\u00fcli terrort\u00e1mad\u00e1s elk\u00f6vet\u00e9s\u00e9nek.<br \/>\n    A gyakorlatban ezt a k\u00e9sz\u00fclts\u00e9gi szintet k\u00f6zvetlen\u00fcl s\u00falyos terrort\u00e1mad\u00e1sok ut\u00e1n is t\u00f6bbsz\u00f6r \u00e9letbe l\u00e9ptett\u00e9k, arra az id\u0151re, am\u00edg a hat\u00f3s\u00e1gok vizsg\u00e1lt\u00e1k, hogy nem fenyeget-e azonnali \u00fajabb terrormer\u00e9nylet.<br \/>\n    Erre legut\u00f3bb 2017-ben volt p\u00e9lda, k\u00e9tszer is: el\u0151sz\u00f6r a 2017 m\u00e1jus\u00e1ban elk\u00f6vetett manchesteri \u00f6ngyilkos mer\u00e9nylet ut\u00e1n, amelynek 22 hal\u00e1los \u00e1ldozata volt, majd 2017 szeptember\u00e9nek k\u00f6zep\u00e9n, miut\u00e1n egy londoni metr\u00f3szerelv\u00e9nyen pokolg\u00e9pszer\u0171 szerkezet l\u00e9pett m\u0171k\u00f6d\u00e9sbe. A szerkezet nem robbant fel, csak nagy er\u0151vel l\u00e1ngra kapott, de \u00edgy is 30 utas megs\u00e9r\u00fclt.<br \/>\n    A h\u00e9tf\u0151 \u00f3ta \u00e9rv\u00e9nyes &#8222;jelent\u0151s&#8221; szint alatt a &#8222;m\u00e9rs\u00e9kelt&#8221;, illetve az &#8222;alacsony&#8221; k\u00e9sz\u00fclts\u00e9gi fokozat szerepel.<br \/>\n    A &#8222;m\u00e9rs\u00e9kelt&#8221; k\u00e9sz\u00fclts\u00e9gi szintet a hivatalos meghat\u00e1roz\u00e1s alapj\u00e1n akkor lehet \u00e9rv\u00e9nyben tartani, ha a biztons\u00e1gi szolg\u00e1latok szerint lehets\u00e9ges ugyan, de nem val\u00f3sz\u00edn\u0171 terrort\u00e1mad\u00e1sok elk\u00f6vet\u00e9se.<br \/>\n    Az &#8222;alacsony&#8221; szint \u00e9letbe l\u00e9ptet\u00e9s\u00e9nek krit\u00e9riuma az, hogy a hat\u00f3s\u00e1gok &#8222;nagyon val\u00f3sz\u00edn\u0171tlennek&#8221; min\u0151s\u00edts\u00e9k terrort\u00e1mad\u00e1sok nagy-britanniai v\u00e9grehajt\u00e1s\u00e1t.<br \/>\n    A mindenkori nagy-britanniai terrork\u00e9sz\u00fclts\u00e9gi szintet a h\u00edrszerz\u00e9si \u00e9s elh\u00e1r\u00edt\u00e1si szolg\u00e1latok, valamint a Scotland Yard terrorellenes \u00fcgyoszt\u00e1ly\u00e1nak vezet\u0151i alkotta Egyes\u00edtett Terrorizmuselemz\u0151 K\u00f6zpont (Joint Terrorism Analysis Centre, JTAC) hat\u00e1rozza meg a korm\u00e1nyt\u00f3l f\u00fcggetlen d\u00f6nt\u00e9ssel.<br \/>\n    A JTAC a brit elh\u00e1r\u00edt\u00e1s (MI5) szervezeti keretein bel\u00fcl m\u0171k\u00f6dik.<br \/>\n    A JTAC \u00e1ltal meg\u00e1llap\u00edtott terrorfenyegetetts\u00e9g Nagy-Britanni\u00e1ra &#8211; Angli\u00e1ra, Sk\u00f3ci\u00e1ra \u00e9s Walesre &#8211; vonatkozik, \u00c9szak-\u00cdrorsz\u00e1gra k\u00fcl\u00f6n k\u00e9sz\u00fclts\u00e9gi fokozat \u00e9rv\u00e9nyes. Az \u00e9szak-\u00edrorsz\u00e1gi terrork\u00e9sz\u00fclts\u00e9g tov\u00e1bbra is a &#8222;s\u00falyos&#8221; fenyegetetts\u00e9gnek felel meg.<br \/>\n    A brit bel\u00fcgyminiszter a nagy-britanniai k\u00e9sz\u00fclts\u00e9gi fokozat m\u00e9rs\u00e9kl\u00e9s\u00e9t bejelent\u0151 h\u00e9tf\u0151i k\u00f6zlem\u00e9ny\u00e9ben hangs\u00falyozta, hogy a terrorfenyegetetts\u00e9g tov\u00e1bbra is magas, \u00e9s v\u00e1ltozatlanul fenn\u00e1ll a figyelmeztet\u0151 el\u0151jelek n\u00e9lk\u00fcli terrort\u00e1mad\u00e1sok vesz\u00e9lye.<br \/>\n    Priti Patel k\u00f6z\u00f6lte, hogy a korm\u00e1nyzati, a rend\u0151rs\u00e9gi \u00e9s a h\u00edrszerz\u00e9si szolg\u00e1latok v\u00e1ltozatlanul folyamatosan dolgoznak minden lehets\u00e9ges terrorfenyeget\u00e9s elh\u00e1r\u00edt\u00e1s\u00e1n, \u00e9s a hivatalosan meg\u00e1llap\u00edtott fenyegetetts\u00e9gi szint \u00e1lland\u00f3 fel\u00fclvizsg\u00e1lat alatt \u00e1ll.<br \/>\n    Neil Basu, a Scotland Yard terrorellenes \u00fcgyoszt\u00e1ly\u00e1nak vezet\u0151je a k\u00e9sz\u00fclts\u00e9gi fokozat m\u00e9rs\u00e9kl\u00e9s\u00e9nek bejelent\u00e9s\u00e9hez f\u0171z\u00f6tt h\u00e9tf\u0151i nyilatkozat\u00e1ban hangs\u00falyozta: az int\u00e9zked\u00e9s jelzi, hogy &#8222;pozit\u00edv fejlem\u00e9nyek&#8221; t\u00f6rt\u00e9ntek a terrorfenyegetetts\u00e9g cs\u00f6kkent\u00e9s\u00e9ben, de v\u00e1ltozatlanul val\u00f3sz\u00edn\u0171 terrort\u00e1mad\u00e1sok megk\u00eds\u00e9rl\u00e9se.<br \/>\n    Basu r\u00e9szletek n\u00e9lk\u00fcl hozz\u00e1tette: a terrorelh\u00e1r\u00edt\u00f3 szolg\u00e1lat hozz\u00e1vet\u0151leg 800 vizsg\u00e1latot folytat, \u00e9s 2017 \u00f3ta 24 terrort\u00e1mad\u00e1si terv v\u00e9grehajt\u00e1s\u00e1t akad\u00e1lyozta meg.(MTI)<br \/>\n<div class=\"ads-in-post2\"><script async src=\"https:\/\/pagead2.googlesyndication.com\/pagead\/js\/adsbygoogle.js\"><\/script>\r\n<ins class=\"adsbygoogle\"\r\n     style=\"display:block\"\r\n     data-ad-format=\"fluid\"\r\n     data-ad-layout-key=\"-6t+ed+2i-1n-4w\"\r\n     data-ad-client=\"ca-pub-1959107119989764\"\r\n     data-ad-slot=\"4008251320\"><\/ins>\r\n<script>\r\n     (adsbygoogle = window.adsbygoogle || []).push({});\r\n<\/script><\/div>\n","protected":false},"excerpt":{"rendered":"<p>M\u00e9rs\u00e9klet\u00e9k h\u00e9tf\u0151n a brit hat\u00f3s\u00e1gok a terrork\u00e9sz\u00fclts\u00e9g szintj\u00e9t. Priti Patel bel\u00fcgyminiszter az int\u00e9zked\u00e9st bejelent\u0151 k\u00f6zlem\u00e9ny\u00e9ben hangs\u00falyozta ugyanakkor, hogy a terrorfenyegetetts\u00e9g tov\u00e1bbra is magas. A Scotland Yard terrorelh\u00e1r\u00edt\u00e1si f\u0151n\u00f6ke szerint az elm\u00falt k\u00e9t \u00e9vben k\u00e9ttucatnyi terrort\u00e1mad\u00e1si k\u00eds\u00e9rletet siker\u00fclt meghi\u00fas\u00edtani.<\/p>\n","protected":false},"author":1,"featured_media":0,"comment_status":"closed","ping_status":"open","sticky":false,"template":"","format":"standard","meta":[],"categories":[12],"tags":[],"_links":{"self":[{"href":"https:\/\/gazdasagportal.hu\/index.php\/wp-json\/wp\/v2\/posts\/121023"}],"collection":[{"href":"https:\/\/gazdasagportal.hu\/index.php\/wp-json\/wp\/v2\/posts"}],"about":[{"href":"https:\/\/gazdasagportal.hu\/index.php\/wp-json\/wp\/v2\/types\/post"}],"author":[{"embeddable":true,"href":"https:\/\/gazdasagportal.hu\/index.php\/wp-json\/wp\/v2\/users\/1"}],"replies":[{"embeddable":true,"href":"https:\/\/gazdasagportal.hu\/index.php\/wp-json\/wp\/v2\/comments?post=121023"}],"version-history":[{"count":1,"href":"https:\/\/gazdasagportal.hu\/index.php\/wp-json\/wp\/v2\/posts\/121023\/revisions"}],"predecessor-version":[{"id":121024,"href":"https:\/\/gazdasagportal.hu\/index.php\/wp-json\/wp\/v2\/posts\/121023\/revisions\/121024"}],"wp:attachment":[{"href":"https:\/\/gazdasagportal.hu\/index.php\/wp-json\/wp\/v2\/media?parent=121023"}],"wp:term":[{"taxonomy":"category","embeddable":true,"href":"https:\/\/gazdasagportal.hu\/index.php\/wp-json\/wp\/v2\/categories?post=121023"},{"taxonomy":"post_tag","embeddable":true,"href":"https:\/\/gazdasagportal.hu\/index.php\/wp-json\/wp\/v2\/tags?post=121023"}],"curies":[{"name":"wp","href":"https:\/\/api.w.org\/{rel}","templated":true}]}}