{"id":121021,"date":"2019-11-04T16:52:00","date_gmt":"2019-11-04T15:52:00","guid":{"rendered":"http:\/\/gazdasagportal.hu\/?p=121021"},"modified":"2019-11-04T16:52:00","modified_gmt":"2019-11-04T15:52:00","slug":"nemetorszag-hazank-strategiai-szovetsegese-es-a-legfontosabb-gazdasagi-partnere","status":"publish","type":"post","link":"https:\/\/gazdasagportal.hu\/index.php\/nemetorszag-hazank-strategiai-szovetsegese-es-a-legfontosabb-gazdasagi-partnere\/","title":{"rendered":"N\u00e9metorsz\u00e1g haz\u00e1nk strat\u00e9giai sz\u00f6vets\u00e9gese \u00e9s a legfontosabb gazdas\u00e1gi partnere"},"content":{"rendered":"<p><strong>N\u00e9metorsz\u00e1g a legfontosabb gazdas\u00e1gi partnere Magyarorsz\u00e1gnak, \u00e9s sz\u00e1mos ter\u00fcleten strat\u00e9giai sz\u00f6vets\u00e9gese is &#8211; mondta a k\u00fclgazdas\u00e1gi \u00e9s k\u00fcl\u00fcgyminiszter h\u00e9tf\u0151n Budapesten sajt\u00f3t\u00e1j\u00e9koztat\u00f3n, miut\u00e1n t\u00e1rgyalt a n\u00e9met k\u00fcl\u00fcgyminiszterrel.<\/strong><!--more--><\/p>\n<div class=\"ads-in-post1\"><div id=\"gazdasagportal.hu_fullbanner_wideboard\"><\/div>\r\n<\/div>\n<p>    Szijj\u00e1rt\u00f3 P\u00e9ter kiemelte, vannak ugyan olyan nagy horderej\u0171 k\u00e9rd\u00e9sek, amelyekben nem \u00e9rt egyet a k\u00e9t orsz\u00e1g, ilyen p\u00e9ld\u00e1ul a migr\u00e1ci\u00f3val szembeni fell\u00e9p\u00e9s, de a vit\u00e1s k\u00e9rd\u00e9sekre a tal\u00e1lkoz\u00f3 sor\u00e1n kevesebb id\u0151t kellett ford\u00edtaniuk, mint az azonos \u00e1ll\u00e1spontokr\u00f3l sz\u00f3l\u00f3 eszmecser\u00e9re.         A k\u00e9t orsz\u00e1g sz\u00f6vets\u00e9ges a hadiipar \u00e9s a gazdas\u00e1g ter\u00fclet\u00e9n, valamint az Eur\u00f3pai Uni\u00f3 b\u0151v\u00edt\u00e9s\u00e9nek \u00e9s a migr\u00e1nsokat kibocs\u00e1t\u00f3 t\u00e9rs\u00e9gek fejleszt\u00e9s\u00e9nek k\u00e9rd\u00e9s\u00e9ben &#8211; mondta a miniszter.     Szijj\u00e1rt\u00f3 P\u00e9ter a v\u00e9delempolitika \u00e9s hadiipar t\u00e9m\u00e1j\u00e1ban k\u00f6z\u00f6lte, az \u00e9v els\u0151 kilenc h\u00f3napj\u00e1ban Magyarorsz\u00e1g import\u00e1lta a legt\u00f6bb fegyvert N\u00e9metorsz\u00e1gb\u00f3l, ez a haditechnika pedig hozz\u00e1j\u00e1rul a magyar honv\u00e9ds\u00e9g moderniz\u00e1l\u00e1shoz, valamint ahhoz a NATO-v\u00e1llal\u00e1shoz, hogy az orsz\u00e1g k\u00e9t sz\u00e1zal\u00e9kra n\u00f6velje v\u00e9delmi kiad\u00e1s\u00e1nak ar\u00e1ny\u00e1t.<br \/>\n    A megbesz\u00e9l\u00e9s sor\u00e1n sz\u00f3ba ker\u00fcltek a k\u00f6z\u00f6s nemzetk\u00f6zi misszi\u00f3k Afganiszt\u00e1nban, Irakban \u00e9s Koszov\u00f3ban, valamint a k\u00f6z\u00e9p-eur\u00f3pai t\u00f6bb nemzetis\u00e9g\u0171 hadoszt\u00e1ly l\u00e9trehoz\u00e1s\u00e1nak \u00f6tlete, amelyet a n\u00e9metek is t\u00e1mogatnak &#8211; tette hozz\u00e1 a miniszter.<br \/>\n    Elmondta tov\u00e1bb\u00e1, hogy a k\u00e9t orsz\u00e1g sz\u00f6vets\u00e9ges a migr\u00e1nsokat kibocs\u00e1t\u00f3 t\u00e9rs\u00e9gek fejleszt\u00e9s\u00e9ben is: Magyarorsz\u00e1g els\u0151 \u00e1llami hozz\u00e1j\u00e1rul\u00f3k\u00e9nt t\u00f6bb mint 300 milli\u00f3 forinttal t\u00e1mogatta a n\u00e9metek v\u00edz\u00fcgyi projektj\u00e9t Ugand\u00e1ban, Eti\u00f3pi\u00e1ban erd\u0151gazd\u00e1lkod\u00e1si fejleszt\u00e9s\u00e9ben vesznek r\u00e9szt k\u00f6z\u00f6sen, \u00e9s k\u00f6z\u00f6s libanoni seg\u00e9lyakci\u00f3t is terveznek.<br \/>\n    Szoros a sz\u00f6vets\u00e9g a gazdas\u00e1g \u00e9s a kereskedelem ter\u00fclet\u00e9n is: N\u00e9metorsz\u00e1g Magyarorsz\u00e1g egyik legfontosabb k\u00fclpolitikai, \u00e9s a legfontosabb k\u00fclgazdas\u00e1gi partnere. Tavaly majdnem el\u00e9rte az 55 milli\u00e1rd eur\u00f3t a kereskedelmi forgalom a k\u00e9t orsz\u00e1g k\u00f6z\u00f6tt, id\u00e9n pedig m\u00e1r az els\u0151 nyolc h\u00f3napban n\u00e9gysz\u00e1zal\u00e9kos n\u00f6veked\u00e9st regisztr\u00e1ltak, \u00edgy id\u00e9n rekordot d\u00f6nthetnek. A magyar export nyolc h\u00f3nap alatt meghaladta a 20 milli\u00e1rd eur\u00f3t, a Magyarorsz\u00e1gon m\u0171k\u00f6d\u0151 n\u00e9met h\u00e1tt\u00e9rrel rendelkez\u0151 hatezer v\u00e1llalat pedig 300 ezer embernek ad munk\u00e1t &#8211; mondta Szijj\u00e1rt\u00f3 P\u00e9ter.<br \/>\n    Hozz\u00e1f\u0171zte, t\u00f6bb nagy n\u00e9met v\u00e1llalat is jelentett be m\u00e1r fejleszt\u00e9seket id\u00e9n, a magyar korm\u00e1ny a pedig a maxim\u00e1lis t\u00e1mogat\u00e1st ny\u00fajtja a n\u00e9met v\u00e1llalatoknak a fejleszt\u00e9sekhez.     A k\u00e9t orsz\u00e1g k\u00f6z\u00f6s \u00e1ll\u00e1spontot k\u00e9pvisel az EU b\u0151v\u00edt\u00e9s\u00e9nek tekintet\u00e9ben is, hogy a Nyugat-Balk\u00e1n integr\u00e1ci\u00f3ja &#8211; amely Magyarorsz\u00e1gnak biztons\u00e1gi, gazdas\u00e1gi \u00e9s strat\u00e9giai \u00e9rdeke is &#8211; val\u00f3s perspekt\u00edva lehessen &#8211; k\u00f6z\u00f6lte a miniszter.     Hozz\u00e1tette, a glob\u00e1lis szabadkereskedelem \u00fcgy\u00e9ben is sz\u00f6vets\u00e9gesek, ugyanis mindk\u00e9t orsz\u00e1g azt szeretn\u00e9, ha versenyk\u00e9pess\u00e9gi k\u00e9rd\u00e9sek d\u00f6ntsenek a vil\u00e1ggazdas\u00e1gi folyamatokban.<br \/>\n    Heiko Maas n\u00e9met k\u00fcl\u00fcgyminiszter azt hangoztatta, hogy a v\u00e9lem\u00e9nyk\u00fcl\u00f6nbs\u00e9gek ellen\u00e9re is fontos a p\u00e1rbesz\u00e9d fenntart\u00e1sa \u00e9s er\u0151s\u00edt\u00e9se, hogy megpr\u00f3b\u00e1ljanak k\u00f6z\u00f6s megold\u00e1sokat tal\u00e1lni.     N\u00e9metorsz\u00e1g \u00e9rdekelt a soksz\u00edn\u0171 gazdas\u00e1gi, tudom\u00e1nyos \u00e9s civil kapcsolatok tov\u00e1bbi er\u0151s\u00edt\u00e9s\u00e9ben, a Magyar-N\u00e9met Ifj\u00fas\u00e1gi F\u00f3rum, valamint Berlin \u00e9s Budapest testv\u00e9rv\u00e1rosi kapcsolat\u00e1nak fejleszt\u00e9s\u00e9ben &#8211; emelte ki a miniszter.<br \/>\n    K\u00f6z\u00f6lte, a megbesz\u00e9l\u00e9s sor\u00e1n sz\u00f3t ejtettek a jog\u00e1llami standardokr\u00f3l, az igazs\u00e1gszolg\u00e1ltat\u00e1s f\u00fcggetlens\u00e9g\u00e9r\u0151l \u00e9s a sajt\u00f3szabads\u00e1gr\u00f3l, amelyek alap\u00e9rt\u00e9kek az EU-ban.<br \/>\n    Ezzel kapcsolatban besz\u00e9ltek a N\u00e9metorsz\u00e1g \u00e9s Belgium \u00e1ltal kezdem\u00e9nyezett javaslatr\u00f3l is, amely a jog\u00e1llamis\u00e1got a tag\u00e1llamok k\u00f6z\u00f6tti p\u00e1rbesz\u00e9d alapj\u00e1n \u00e9rt\u00e9keln\u00e9 &#8211; tette hozz\u00e1 Heiko Maas.<br \/>\n    Elmondta azt is, hogy olyan nyitott k\u00e9rd\u00e9sek, mint az eur\u00f3pai uni\u00f3 alap\u00e9rt\u00e9kei, vagy egyes p\u00e9nz\u00fcgyi k\u00e9rd\u00e9sek N\u00e9metorsz\u00e1g soros eln\u00f6ks\u00e9ge alatt napirendre fognak ker\u00fclni.     Megeml\u00edtette tov\u00e1bb\u00e1, hogy K\u00edn\u00e1val, az Egyes\u00fclt \u00c1llamokkal \u00e9s T\u00f6r\u00f6korsz\u00e1ggal szemben t\u00f6rekedni kell arra, hogy az uni\u00f3s orsz\u00e1gok azonos \u00e1ll\u00e1spontot k\u00e9pviseljenek.     Heiko Maas k\u00f6sz\u00f6netet mondott a magyaroknak a 30 \u00e9vvel ezel\u0151tti hat\u00e1rnyit\u00e1s\u00e9rt, \u00e9s \u00fagy fogalmazott, Magyarorsz\u00e1g szolidarit\u00e1sa \u00e9s b\u00e1tors\u00e1ga n\u00e9lk\u00fcl nem lett volna lehets\u00e9ges N\u00e9metorsz\u00e1g \u00fajraegyes\u00edt\u00e9se. A n\u00e9met k\u00fcl\u00fcgyminiszter megeml\u00e9kezett az 1956-os szabads\u00e1gharc lever\u00e9s\u00e9nek \u00e9vfordul\u00f3j\u00e1r\u00f3l is.<br \/>\n    Szijj\u00e1rt\u00f3 P\u00e9ter arra a k\u00e9rd\u00e9sre, hogy Magyarorsz\u00e1g m\u00f3dos\u00edthatja-e a hadiipari egy\u00fcttm\u0171k\u00f6d\u00e9s\u00e9t T\u00f6r\u00f6korsz\u00e1ggal a sz\u00edriai offenz\u00edva miatt, azt mondta, nem szabad elfelejteni, hogy T\u00f6r\u00f6korsz\u00e1g a NATO tagja, \u00edgy a hadiipari egy\u00fcttm\u0171k\u00f6d\u00e9s term\u00e9szetes vele.<br \/>\n    Heiko Maas ezzel kapcsolatban megjegyezte, T\u00f6r\u00f6korsz\u00e1g fontos NATO-tag, \u00edgy azt v\u00e1rj\u00e1k el t\u0151le, hogy partnerk\u00e9nt viselkedjen.<br \/>\n    Szijj\u00e1rt\u00f3 P\u00e9ter a m\u00e1ltai egyezm\u00e9ny kiterjeszt\u00e9s\u00e9t firtat\u00f3 k\u00e9rd\u00e9sre kijelentette, Magyarorsz\u00e1g vil\u00e1goss\u00e1 tette, hogy nem fogad be migr\u00e1nsokat \u00e9s nem t\u00e1mogat semmilyen meg\u00e1llapod\u00e1st, amely k\u00f6telez\u0151 betelep\u00edt\u00e9si kv\u00f3t\u00e1hoz vezetne.<br \/>\n    A n\u00e9met k\u00fcl\u00fcgyminiszter elmondta, hogy a migr\u00e1ci\u00f3 k\u00e9rd\u00e9s\u00e9r\u0151l teljes ny\u00edlts\u00e1ggal besz\u00e9ltek a t\u00e1rgyal\u00e1son, ugyanakkor N\u00e9metorsz\u00e1g szeretn\u00e9, ha el\u0151rel\u00e9p\u00e9s t\u00f6rt\u00e9nne a k\u00f6z\u00f6s migr\u00e1ci\u00f3s elj\u00e1r\u00e1ssal kapcsolatban.<br \/>\n    Megjegyezte, vannak orsz\u00e1gok, amelyek nem fogadnak be menek\u00fclteket, de ezek az orsz\u00e1gok m\u00e1s helyen nagyobb feladatot v\u00e1llalnak, p\u00e9ld\u00e1ul a menek\u00fcl\u00e9s okainak megsz\u00fcntet\u00e9s\u00e9ben vagy a hat\u00e1rok v\u00e9delm\u00e9ben.<br \/>\n(MTI)<br \/>\n<div class=\"ads-in-post2\"><script async src=\"https:\/\/pagead2.googlesyndication.com\/pagead\/js\/adsbygoogle.js\"><\/script>\r\n<ins class=\"adsbygoogle\"\r\n     style=\"display:block\"\r\n     data-ad-format=\"fluid\"\r\n     data-ad-layout-key=\"-6t+ed+2i-1n-4w\"\r\n     data-ad-client=\"ca-pub-1959107119989764\"\r\n     data-ad-slot=\"4008251320\"><\/ins>\r\n<script>\r\n     (adsbygoogle = window.adsbygoogle || []).push({});\r\n<\/script><\/div>\n","protected":false},"excerpt":{"rendered":"<p>N\u00e9metorsz\u00e1g a legfontosabb gazdas\u00e1gi partnere Magyarorsz\u00e1gnak, \u00e9s sz\u00e1mos ter\u00fcleten strat\u00e9giai sz\u00f6vets\u00e9gese is &#8211; mondta a k\u00fclgazdas\u00e1gi \u00e9s k\u00fcl\u00fcgyminiszter h\u00e9tf\u0151n Budapesten sajt\u00f3t\u00e1j\u00e9koztat\u00f3n, miut\u00e1n t\u00e1rgyalt a n\u00e9met k\u00fcl\u00fcgyminiszterrel.<\/p>\n","protected":false},"author":1,"featured_media":0,"comment_status":"closed","ping_status":"open","sticky":false,"template":"","format":"standard","meta":[],"categories":[19],"tags":[],"_links":{"self":[{"href":"https:\/\/gazdasagportal.hu\/index.php\/wp-json\/wp\/v2\/posts\/121021"}],"collection":[{"href":"https:\/\/gazdasagportal.hu\/index.php\/wp-json\/wp\/v2\/posts"}],"about":[{"href":"https:\/\/gazdasagportal.hu\/index.php\/wp-json\/wp\/v2\/types\/post"}],"author":[{"embeddable":true,"href":"https:\/\/gazdasagportal.hu\/index.php\/wp-json\/wp\/v2\/users\/1"}],"replies":[{"embeddable":true,"href":"https:\/\/gazdasagportal.hu\/index.php\/wp-json\/wp\/v2\/comments?post=121021"}],"version-history":[{"count":1,"href":"https:\/\/gazdasagportal.hu\/index.php\/wp-json\/wp\/v2\/posts\/121021\/revisions"}],"predecessor-version":[{"id":121022,"href":"https:\/\/gazdasagportal.hu\/index.php\/wp-json\/wp\/v2\/posts\/121021\/revisions\/121022"}],"wp:attachment":[{"href":"https:\/\/gazdasagportal.hu\/index.php\/wp-json\/wp\/v2\/media?parent=121021"}],"wp:term":[{"taxonomy":"category","embeddable":true,"href":"https:\/\/gazdasagportal.hu\/index.php\/wp-json\/wp\/v2\/categories?post=121021"},{"taxonomy":"post_tag","embeddable":true,"href":"https:\/\/gazdasagportal.hu\/index.php\/wp-json\/wp\/v2\/tags?post=121021"}],"curies":[{"name":"wp","href":"https:\/\/api.w.org\/{rel}","templated":true}]}}