{"id":120932,"date":"2019-10-31T15:16:06","date_gmt":"2019-10-31T13:16:06","guid":{"rendered":"http:\/\/gazdasagportal.hu\/?p=120932"},"modified":"2019-10-31T15:16:06","modified_gmt":"2019-10-31T13:16:06","slug":"brit-valasztasok-a-munkaspart-nepszavazast-irna-ki-a-brexitrol","status":"publish","type":"post","link":"https:\/\/gazdasagportal.hu\/index.php\/brit-valasztasok-a-munkaspart-nepszavazast-irna-ki-a-brexitrol\/","title":{"rendered":"Brit v\u00e1laszt\u00e1sok &#8211; A Munk\u00e1sp\u00e1rt n\u00e9pszavaz\u00e1st \u00edrna ki a Brexitr\u0151l"},"content":{"rendered":"<p><strong>A Munk\u00e1sp\u00e1rt korm\u00e1nyra ker\u00fcl\u00e9se eset\u00e9n n\u00e9pszavaz\u00e1st \u00edrna ki a brit EU-tags\u00e1gr\u00f3l, azzal a v\u00e1laszt\u00e1si lehet\u0151s\u00e9ggel, hogy Nagy-Britannia maradjon az Eur\u00f3pai Uni\u00f3 tagja &#8211; mondta cs\u00fct\u00f6rt\u00f6k\u00f6n Jeremy Corbyn, a legnagyobb brit ellenz\u00e9ki er\u0151, a Munk\u00e1sp\u00e1rt vezet\u0151je.<\/strong><!--more--><\/p>\n<div class=\"ads-in-post1\"><div id=\"gazdasagportal.hu_fullbanner_wideboard\"><\/div>\r\n<\/div>\n<p>    Corbyn a p\u00e1rt Londonban rendezett v\u00e1laszt\u00e1si kamp\u00e1nynyit\u00f3 rendezv\u00e9ny\u00e9n felsz\u00f3lalva kil\u00e1t\u00e1sba helyezte az elm\u00falt \u00e9vtizedekben privatiz\u00e1lt orsz\u00e1gos infrastruktur\u00e1lis h\u00e1l\u00f3zatok, k\u00f6zt\u00fck a vas\u00fat \u00e9s a v\u00edzk\u00f6zm\u0171vek k\u00f6ztulajdonba v\u00e9tel\u00e9t is.<br \/>\n    Corbyn a Brexitr\u0151l sz\u00f3lva kijelentette: miut\u00e1n a konzervat\u00edv p\u00e1rti korm\u00e1nyok a Brexit-folyamat eddigi h\u00e1rom \u00e9v\u00e9ben kudarcot vallottak, &#8222;a megosztotts\u00e1g \u00e9s a kudarc e h\u00e1rom hossz\u00fa \u00e9ve ut\u00e1n&#8221; ki kell venni a d\u00f6nt\u00e9st a politikusok kez\u00e9b\u0151l, \u00e9s a n\u00e9pre kell b\u00edzni a v\u00e9gs\u0151 sz\u00f3 kimond\u00e1s\u00e1t.<br \/>\n    A Labour vezet\u0151je szerint ha a p\u00e1rt a december 12-re ki\u00edrt el\u0151rehozott parlamenti v\u00e1laszt\u00e1son korm\u00e1nyra ker\u00fcl, t\u00e1rgyal\u00e1sokat kezdem\u00e9nyez az EU-val a j\u00f6v\u0151beni kapcsolatrendszerr\u0151l, &#8222;hat h\u00f3napon bel\u00fcl rendezi&#8221; a Brexitet, \u00e9s ut\u00e1na a v\u00e1laszt\u00f3kra b\u00edzn\u00e1 annak eld\u00f6nt\u00e9s\u00e9t, hogy Nagy-Britannia egy &#8222;\u00e9szszer\u0171&#8221; meg\u00e1llapod\u00e1s alapj\u00e1n kil\u00e9pjen-e az EU-b\u00f3l, vagy maradjon annak tagja.<br \/>\n    A bennmarad\u00e1s lehet\u0151s\u00e9g\u00e9nek eml\u00edt\u00e9s\u00e9t a d\u00e9l-londoni Battersea v\u00e1rosr\u00e9szben tartott kamp\u00e1nynyit\u00f3 gy\u0171l\u00e9s hallgat\u00f3s\u00e1ga \u00f3ri\u00e1si ov\u00e1ci\u00f3val fogadta.<br \/>\n    Ebben a v\u00e1laszt\u00f3k\u00f6rzetben a brit EU-tags\u00e1gr\u00f3l 2016-ban tartott n\u00e9pszavaz\u00e1son a v\u00e1laszt\u00f3k 77 sz\u00e1zal\u00e9ka a bennmarad\u00e1sra voksolt.<br \/>\n    Orsz\u00e1gos \u00e1tlagban a referendum r\u00e9sztvev\u0151inek sz\u0171k, 51,89 sz\u00e1zal\u00e9kos t\u00f6bbs\u00e9ge a kil\u00e9p\u00e9sre szavazott.<br \/>\n    Corbyn a cs\u00fct\u00f6rt\u00f6ki kamp\u00e1nyrendezv\u00e9nyen hangs\u00falyozta: b\u00e1rhogy d\u00f6nts\u00f6n a n\u00e9p a brit EU-tags\u00e1g k\u00e9rd\u00e9s\u00e9ben, azt a munk\u00e1sp\u00e1rti korm\u00e1ny v\u00e9grehajtja.<br \/>\n    A Munk\u00e1sp\u00e1rt vezet\u0151je nem el\u0151sz\u00f6r veti fel a Brexit-meg\u00e1llapod\u00e1s \u00fajrat\u00e1rgyal\u00e1s\u00e1nak \u00e9s az \u00fajabb EU-n\u00e9pszavaz\u00e1s meghirdet\u00e9s\u00e9nek lehet\u0151s\u00e9g\u00e9t.<br \/>\n    Nemr\u00e9giben, m\u00e9g az el\u0151rehozott v\u00e1laszt\u00e1sok ki\u00edr\u00e1sa el\u0151tt egy p\u00e1rtrendezv\u00e9nyen kijelentette: korm\u00e1nyz\u00e1s\u00e1nak els\u0151 h\u00e1rom h\u00f3napj\u00e1ban a Munk\u00e1sp\u00e1rt \u00e9szszer\u0171 egyezs\u00e9gre jut az EU-val a Brexit felt\u00e9teleir\u0151l. Nagy-Britannia ennek alapj\u00e1n \u00faj v\u00e1muni\u00f3s viszonyrendszert alak\u00edtana ki az EU-val \u00e9s szoros kapcsolatban maradna az uni\u00f3 egys\u00e9ges bels\u0151 piac\u00e1val is.<br \/>\n    Megv\u00e1laszt\u00e1sa ut\u00e1n hat h\u00f3nappal a Labour-korm\u00e1ny ezt a meg\u00e1llapod\u00e1st n\u00e9pszavaz\u00e1sra bocs\u00e1tja, \u00e9s a szavaz\u00f3lapon szerepel majd az a v\u00e1laszt\u00e1si lehet\u0151s\u00e9g is, hogy Nagy-Britannia bennmaradjon az Eur\u00f3pai Uni\u00f3ban &#8211; mondta a h\u00e1rom h\u00e9ttel ezel\u0151tti rendezv\u00e9nyen is a Munk\u00e1sp\u00e1rt vezet\u0151je.<br \/>\n    A konzervat\u00edv p\u00e1rti korm\u00e1ny az EU egys\u00e9ges bels\u0151 piac\u00e1r\u00f3l \u00e9s v\u00e1muni\u00f3j\u00e1b\u00f3l is ki akar l\u00e9pni, mivel nem k\u00edv\u00e1nja teljes\u00edteni azokat a felt\u00e9teleket &#8211; mindenekel\u0151tt a Brexit ut\u00e1n \u00e9rkez\u0151 k\u00fclf\u00f6ldi EU-munkav\u00e1llal\u00f3k tov\u00e1bbi szabad leteleped\u00e9s\u00e9nek k\u00f6telm\u00e9t -, amelyek ezekhez az integr\u00e1ci\u00f3s szervez\u0151d\u00e9sekhez elv\u00e1laszthatatlanul k\u00f6t\u0151dnek.<br \/>\n    Boris Johnson minisztereln\u00f6k emellett az \u00fajabb EU-n\u00e9pszavaz\u00e1s ki\u00edr\u00e1s\u00e1t\u00f3l is mereven elz\u00e1rk\u00f3zik. A m\u00e1sodik referendum lehet\u0151s\u00e9g\u00e9t Johnson el\u0151dje, Theresa May is kiz\u00e1rta. Br\u00fcsszel viszont a kil\u00e9p\u00e9si meg\u00e1llapod\u00e1s ism\u00e9telt \u00fajrat\u00e1rgyal\u00e1s\u00e1t\u00f3l z\u00e1rk\u00f3zik el kategorikusan.<br \/>\n    A n\u00e9pszavaz\u00e1s \u00fcgy\u00e9ben a Labour is megosztott. A p\u00e1rt \u00e1rny\u00e9kkorm\u00e1ny\u00e1nak t\u00f6bb magas rang\u00fa tagja szerint a Munk\u00e1sp\u00e1rtnak egy\u00e9rtelm\u0171en, b\u00e1rmif\u00e9le \u00faj Brexit-meg\u00e1llapod\u00e1st\u00f3l f\u00fcggetlen\u00fcl el kell k\u00f6teleznie mag\u00e1t arra, hogy a brit EU-tags\u00e1g fenntart\u00e1sa mellett fog kamp\u00e1nyolni.(MTI)<br \/>\n<div class=\"ads-in-post2\"><script async src=\"https:\/\/pagead2.googlesyndication.com\/pagead\/js\/adsbygoogle.js\"><\/script>\r\n<ins class=\"adsbygoogle\"\r\n     style=\"display:block\"\r\n     data-ad-format=\"fluid\"\r\n     data-ad-layout-key=\"-6t+ed+2i-1n-4w\"\r\n     data-ad-client=\"ca-pub-1959107119989764\"\r\n     data-ad-slot=\"4008251320\"><\/ins>\r\n<script>\r\n     (adsbygoogle = window.adsbygoogle || []).push({});\r\n<\/script><\/div>\n","protected":false},"excerpt":{"rendered":"<p>A Munk\u00e1sp\u00e1rt korm\u00e1nyra ker\u00fcl\u00e9se eset\u00e9n n\u00e9pszavaz\u00e1st \u00edrna ki a brit EU-tags\u00e1gr\u00f3l, azzal a v\u00e1laszt\u00e1si lehet\u0151s\u00e9ggel, hogy Nagy-Britannia maradjon az Eur\u00f3pai Uni\u00f3 tagja &#8211; mondta cs\u00fct\u00f6rt\u00f6k\u00f6n Jeremy Corbyn, a legnagyobb brit ellenz\u00e9ki er\u0151, a Munk\u00e1sp\u00e1rt vezet\u0151je.<\/p>\n","protected":false},"author":1,"featured_media":0,"comment_status":"closed","ping_status":"open","sticky":false,"template":"","format":"standard","meta":[],"categories":[12],"tags":[],"_links":{"self":[{"href":"https:\/\/gazdasagportal.hu\/index.php\/wp-json\/wp\/v2\/posts\/120932"}],"collection":[{"href":"https:\/\/gazdasagportal.hu\/index.php\/wp-json\/wp\/v2\/posts"}],"about":[{"href":"https:\/\/gazdasagportal.hu\/index.php\/wp-json\/wp\/v2\/types\/post"}],"author":[{"embeddable":true,"href":"https:\/\/gazdasagportal.hu\/index.php\/wp-json\/wp\/v2\/users\/1"}],"replies":[{"embeddable":true,"href":"https:\/\/gazdasagportal.hu\/index.php\/wp-json\/wp\/v2\/comments?post=120932"}],"version-history":[{"count":1,"href":"https:\/\/gazdasagportal.hu\/index.php\/wp-json\/wp\/v2\/posts\/120932\/revisions"}],"predecessor-version":[{"id":120933,"href":"https:\/\/gazdasagportal.hu\/index.php\/wp-json\/wp\/v2\/posts\/120932\/revisions\/120933"}],"wp:attachment":[{"href":"https:\/\/gazdasagportal.hu\/index.php\/wp-json\/wp\/v2\/media?parent=120932"}],"wp:term":[{"taxonomy":"category","embeddable":true,"href":"https:\/\/gazdasagportal.hu\/index.php\/wp-json\/wp\/v2\/categories?post=120932"},{"taxonomy":"post_tag","embeddable":true,"href":"https:\/\/gazdasagportal.hu\/index.php\/wp-json\/wp\/v2\/tags?post=120932"}],"curies":[{"name":"wp","href":"https:\/\/api.w.org\/{rel}","templated":true}]}}