{"id":120857,"date":"2019-10-30T13:15:14","date_gmt":"2019-10-30T11:15:14","guid":{"rendered":"http:\/\/gazdasagportal.hu\/?p=120857"},"modified":"2019-10-30T13:16:55","modified_gmt":"2019-10-30T11:16:55","slug":"penzugyminiszter-a-berek-tartosan-magas-novekedese-a-gazdasag-teljesitmenyebol-adodik","status":"publish","type":"post","link":"https:\/\/gazdasagportal.hu\/index.php\/penzugyminiszter-a-berek-tartosan-magas-novekedese-a-gazdasag-teljesitmenyebol-adodik\/","title":{"rendered":"P\u00e9nz\u00fcgyminiszter: a b\u00e9rek tart\u00f3san magas n\u00f6veked\u00e9se a gazdas\u00e1g teljes\u00edtm\u00e9ny\u00e9b\u0151l ad\u00f3dik"},"content":{"rendered":"<p><strong>Az \u00e9v els\u0151 fel\u00e9ben 5 sz\u00e1zal\u00e9kkal n\u0151tt a gazdas\u00e1g teljes\u00edtm\u00e9nye az el\u0151z\u0151 \u00e9v azonos id\u0151szak\u00e1hoz k\u00e9pest, ebb\u0151l pedig t\u00f6bbek k\u00f6z\u00f6tt a b\u00e9rek \u00e9s a keresetek tart\u00f3san magas n\u00f6veked\u00e9se is ad\u00f3dik &#8211; mondta Varga Mih\u00e1ly p\u00e9nz\u00fcgyminiszter szerd\u00e1n az M1 aktu\u00e1lis csatorn\u00e1n a KSH friss adatait komment\u00e1lva.<\/strong><!--more--><\/p>\n<div class=\"ads-in-post1\"><div id=\"gazdasagportal.hu_fullbanner_wideboard\"><\/div>\r\n<\/div>\n<p>    A K\u00f6zponti Statisztikai Hivatal (KSH) szerd\u00e1n azt k\u00f6z\u00f6lte, hogy augusztusban a brutt\u00f3 \u00e1tlagkereset 11,5 sz\u00e1zal\u00e9kkal n\u0151tt az egy \u00e9vvel kor\u00e1bbihoz k\u00e9pest, \u00e9s 358 ezer 900 forint volt.<br \/>\n    A p\u00e9nz\u00fcgyminiszter megjegyezte, hogy a b\u00e9rn\u00f6veked\u00e9s a szolg\u00e1ltat\u00f3 szektorban volt a legmagasabb, mellette pedig az iparban, az \u00e9p\u00edt\u0151iparban, a kereskedelemben \u00e9s a mez\u0151gazdas\u00e1gban volt jelent\u0151s a keresetek emelked\u00e9se.<br \/>\n    A beruh\u00e1z\u00e1sok lend\u00fcletes n\u00f6veked\u00e9se mag\u00e1val hozza a munkaer\u0151-sz\u00fcks\u00e9glet n\u00f6veked\u00e9s\u00e9t, illetve a minim\u00e1lb\u00e9r \u00e9s a garant\u00e1lt b\u00e9rminimum megemel\u00e9se is hozz\u00e1j\u00e1rult ahhoz, hogy a keresetek n\u00f6vekedtek m\u00e9g az olyan, orsz\u00e1gos \u00e1tlagn\u00e1l alacsonyabb fizet\u00e9st biztos\u00edt\u00f3 \u00e1gazatokban is, mint a mez\u0151gazdas\u00e1g &#8211; magyar\u00e1zta a p\u00e9nz\u00fcgyminiszter.<br \/>\n    Hangs\u00falyozta: a KSH adatai azt mutatj\u00e1k, hogy nyolcvanadik h\u00f3napja, teh\u00e1t b\u0151 hat \u00e9s f\u00e9l \u00e9ve tart\u00f3san n\u0151nek a keresetek. Ez t\u00f6bb ir\u00e1nyba is lecsap\u00f3dik: az elm\u00falt \u00e9vekben folyamatos volt a fogyaszt\u00e1s \u00e9vi 5-10 sz\u00e1zal\u00e9kos n\u00f6veked\u00e9se, de gyarapodnak  a megtakar\u00edt\u00e1sok is. Megjegyezte: a j\u00faniusban piacra bocs\u00e1jtott Magyar \u00c1llampap\u00edr Plusz t\u00f6bb mint 2500 milli\u00e1rd forintnyi lakoss\u00e1gi megtakar\u00edt\u00e1st sz\u00edvott m\u00e1r fel.(MTI)<br \/>\n<div class=\"ads-in-post2\"><script async src=\"https:\/\/pagead2.googlesyndication.com\/pagead\/js\/adsbygoogle.js\"><\/script>\r\n<ins class=\"adsbygoogle\"\r\n     style=\"display:block\"\r\n     data-ad-format=\"fluid\"\r\n     data-ad-layout-key=\"-6t+ed+2i-1n-4w\"\r\n     data-ad-client=\"ca-pub-1959107119989764\"\r\n     data-ad-slot=\"4008251320\"><\/ins>\r\n<script>\r\n     (adsbygoogle = window.adsbygoogle || []).push({});\r\n<\/script><\/div>\n","protected":false},"excerpt":{"rendered":"<p>Az \u00e9v els\u0151 fel\u00e9ben 5 sz\u00e1zal\u00e9kkal n\u0151tt a gazdas\u00e1g teljes\u00edtm\u00e9nye az el\u0151z\u0151 \u00e9v azonos id\u0151szak\u00e1hoz k\u00e9pest, ebb\u0151l pedig t\u00f6bbek k\u00f6z\u00f6tt a b\u00e9rek \u00e9s a keresetek tart\u00f3san magas n\u00f6veked\u00e9se is ad\u00f3dik &#8211; mondta Varga Mih\u00e1ly p\u00e9nz\u00fcgyminiszter szerd\u00e1n az M1 aktu\u00e1lis csatorn\u00e1n a KSH friss adatait komment\u00e1lva.<\/p>\n","protected":false},"author":1,"featured_media":0,"comment_status":"closed","ping_status":"open","sticky":false,"template":"","format":"standard","meta":[],"categories":[19],"tags":[],"_links":{"self":[{"href":"https:\/\/gazdasagportal.hu\/index.php\/wp-json\/wp\/v2\/posts\/120857"}],"collection":[{"href":"https:\/\/gazdasagportal.hu\/index.php\/wp-json\/wp\/v2\/posts"}],"about":[{"href":"https:\/\/gazdasagportal.hu\/index.php\/wp-json\/wp\/v2\/types\/post"}],"author":[{"embeddable":true,"href":"https:\/\/gazdasagportal.hu\/index.php\/wp-json\/wp\/v2\/users\/1"}],"replies":[{"embeddable":true,"href":"https:\/\/gazdasagportal.hu\/index.php\/wp-json\/wp\/v2\/comments?post=120857"}],"version-history":[{"count":2,"href":"https:\/\/gazdasagportal.hu\/index.php\/wp-json\/wp\/v2\/posts\/120857\/revisions"}],"predecessor-version":[{"id":120859,"href":"https:\/\/gazdasagportal.hu\/index.php\/wp-json\/wp\/v2\/posts\/120857\/revisions\/120859"}],"wp:attachment":[{"href":"https:\/\/gazdasagportal.hu\/index.php\/wp-json\/wp\/v2\/media?parent=120857"}],"wp:term":[{"taxonomy":"category","embeddable":true,"href":"https:\/\/gazdasagportal.hu\/index.php\/wp-json\/wp\/v2\/categories?post=120857"},{"taxonomy":"post_tag","embeddable":true,"href":"https:\/\/gazdasagportal.hu\/index.php\/wp-json\/wp\/v2\/tags?post=120857"}],"curies":[{"name":"wp","href":"https:\/\/api.w.org\/{rel}","templated":true}]}}