{"id":120854,"date":"2019-10-30T12:57:45","date_gmt":"2019-10-30T10:57:45","guid":{"rendered":"http:\/\/gazdasagportal.hu\/?p=120854"},"modified":"2019-10-30T12:58:36","modified_gmt":"2019-10-30T10:58:36","slug":"idokep-havazik-a-nagy-hideg-hegyen","status":"publish","type":"post","link":"https:\/\/gazdasagportal.hu\/index.php\/idokep-havazik-a-nagy-hideg-hegyen\/","title":{"rendered":"Id\u0151k\u00e9p: havazik a Nagy-Hideg-hegyen"},"content":{"rendered":"<p><strong>Havazik a Nagy-Hideg-hegyen &#8211; jelentette az Id\u0151k\u00e9p szerd\u00e1n, kev\u00e9ssel d\u00e9l el\u0151tt Facebook-oldal\u00e1n.<\/strong><!--more--><\/p>\n<div class=\"ads-in-post1\"><div id=\"gazdasagportal.hu_fullbanner_wideboard\"><\/div>\r\n<\/div>\n<p>    Meg\u00e9rkezett a hideg leveg\u0151. A magasabb hegycs\u00facsokon csak p\u00e1r fokkal alakul 0 fok felett a h\u0151m\u00e9rs\u00e9klet. Ez a hideg leveg\u0151 ker\u00fclt \u00e1tfed\u00e9sbe a nyugatr\u00f3l \u00e9rkez\u0151 csapad\u00e9kz\u00f3n\u00e1val a Nagy-Hideg-hegyen, aminek havaz\u00e1s lett az eredm\u00e9nye &#8211; \u00edrt\u00e1k.<br \/>\n    A Nagy-Hideg-hegy 864 m\u00e9teres magass\u00e1g\u00e1val a B\u00f6rzs\u00f6ny harmadik legmagasabb hegye.<br \/>\n    Ga\u00e1l \u00c1ron, az Orsz\u00e1gos Meteorol\u00f3giai Szolg\u00e1lat meteorol\u00f3gusa azt mondta: frontz\u00f3na van az orsz\u00e1g felett. Ennek nyom\u00e1n a magasabb hegycs\u00facsokon hullhat p\u00e1r szem h\u00f3, de \u00e9rdemi havaz\u00e1s nem v\u00e1rhat\u00f3.<br \/>\n    A h\u00e9tv\u00e9g\u00e9n ism\u00e9t meleged\u00e9s v\u00e1rhat\u00f3. Egyes helyeken 20 Celsius-fok k\u00f6r\u00fcli h\u0151m\u00e9rs\u00e9klet lehet &#8211; k\u00f6z\u00f6lte a meteorol\u00f3gus.(MTI)<br \/>\n<div class=\"ads-in-post2\"><script async src=\"https:\/\/pagead2.googlesyndication.com\/pagead\/js\/adsbygoogle.js\"><\/script>\r\n<ins class=\"adsbygoogle\"\r\n     style=\"display:block\"\r\n     data-ad-format=\"fluid\"\r\n     data-ad-layout-key=\"-6t+ed+2i-1n-4w\"\r\n     data-ad-client=\"ca-pub-1959107119989764\"\r\n     data-ad-slot=\"4008251320\"><\/ins>\r\n<script>\r\n     (adsbygoogle = window.adsbygoogle || []).push({});\r\n<\/script><\/div>\n","protected":false},"excerpt":{"rendered":"<p>Havazik a Nagy-Hideg-hegyen &#8211; jelentette az Id\u0151k\u00e9p szerd\u00e1n, kev\u00e9ssel d\u00e9l el\u0151tt Facebook-oldal\u00e1n.<\/p>\n","protected":false},"author":1,"featured_media":0,"comment_status":"closed","ping_status":"open","sticky":false,"template":"","format":"standard","meta":[],"categories":[4],"tags":[],"_links":{"self":[{"href":"https:\/\/gazdasagportal.hu\/index.php\/wp-json\/wp\/v2\/posts\/120854"}],"collection":[{"href":"https:\/\/gazdasagportal.hu\/index.php\/wp-json\/wp\/v2\/posts"}],"about":[{"href":"https:\/\/gazdasagportal.hu\/index.php\/wp-json\/wp\/v2\/types\/post"}],"author":[{"embeddable":true,"href":"https:\/\/gazdasagportal.hu\/index.php\/wp-json\/wp\/v2\/users\/1"}],"replies":[{"embeddable":true,"href":"https:\/\/gazdasagportal.hu\/index.php\/wp-json\/wp\/v2\/comments?post=120854"}],"version-history":[{"count":2,"href":"https:\/\/gazdasagportal.hu\/index.php\/wp-json\/wp\/v2\/posts\/120854\/revisions"}],"predecessor-version":[{"id":120856,"href":"https:\/\/gazdasagportal.hu\/index.php\/wp-json\/wp\/v2\/posts\/120854\/revisions\/120856"}],"wp:attachment":[{"href":"https:\/\/gazdasagportal.hu\/index.php\/wp-json\/wp\/v2\/media?parent=120854"}],"wp:term":[{"taxonomy":"category","embeddable":true,"href":"https:\/\/gazdasagportal.hu\/index.php\/wp-json\/wp\/v2\/categories?post=120854"},{"taxonomy":"post_tag","embeddable":true,"href":"https:\/\/gazdasagportal.hu\/index.php\/wp-json\/wp\/v2\/tags?post=120854"}],"curies":[{"name":"wp","href":"https:\/\/api.w.org\/{rel}","templated":true}]}}