{"id":120848,"date":"2019-10-30T12:14:58","date_gmt":"2019-10-30T10:14:58","guid":{"rendered":"http:\/\/gazdasagportal.hu\/?p=120848"},"modified":"2019-10-30T12:55:14","modified_gmt":"2019-10-30T10:55:14","slug":"a-vartnal-nagyobb-mertekben-nott-a-munkanelkuliek-szama-nemetorszagban","status":"publish","type":"post","link":"https:\/\/gazdasagportal.hu\/index.php\/a-vartnal-nagyobb-mertekben-nott-a-munkanelkuliek-szama-nemetorszagban\/","title":{"rendered":"A v\u00e1rtn\u00e1l nagyobb m\u00e9rt\u00e9kben n\u0151tt a munkan\u00e9lk\u00fcliek sz\u00e1ma N\u00e9metorsz\u00e1gban"},"content":{"rendered":"<p><strong>A v\u00e1rtn\u00e1l nagyobb m\u00e9rt\u00e9kben emelkedett a munkan\u00e9lk\u00fcliek sz\u00e1ma okt\u00f3berben N\u00e9metorsz\u00e1gban, jelezve, hogy a feldolgoz\u00f3ipar v\u00e1ls\u00e1ga kezdi k\u00e1ros hat\u00e1s\u00e1t \u00e9reztetni a munkaer\u0151piacon.<\/strong><!--more--><\/p>\n<div class=\"ads-in-post1\"><div id=\"gazdasagportal.hu_fullbanner_wideboard\"><\/div>\r\n<\/div>\n<p>    A n\u00e9met munka\u00fcgyi hivatal szerd\u00e1n k\u00f6z\u00f6lte, hogy a munkan\u00e9lk\u00fcliek sz\u00e1ma okt\u00f3berben, a szezon\u00e1lisan kiigaz\u00edtott adatok szerint, hatezerrel, 2 milli\u00f3 287 ezerre n\u0151tt. A Reuters \u00e1ltal megk\u00e9rdezett elemz\u0151k 2 ezer f\u0151s emelked\u00e9st v\u00e1rtak.<br \/>\n    A munkan\u00e9lk\u00fclis\u00e9gi r\u00e1ta, \u00f6sszhangban az elemz\u0151i v\u00e1rakoz\u00e1sokkal, 5,0 sz\u00e1zal\u00e9kon stagn\u00e1lt, enyh\u00e9n meghaladva az id\u00e9n el\u00e9rt 4,9 sz\u00e1zal\u00e9kos t\u00f6rt\u00e9nelmi m\u00e9lypontot.<br \/>\n    Szezon\u00e1lis kiigaz\u00edt\u00e1s n\u00e9lk\u00fcl sz\u00e1molva 30 ezerrel, 2 milli\u00f3 204 ezerre s\u00fcllyedt a regisztr\u00e1lt munkan\u00e9lk\u00fcliek sz\u00e1ma, a munkan\u00e9lk\u00fclis\u00e9gi r\u00e1ta pedig 0,1 sz\u00e1zal\u00e9kponttal 4,8 sz\u00e1zal\u00e9kra esett.<br \/>\n    &#8222;A k\u00f6zelm\u00faltbeli gazdas\u00e1gi gyenges\u00e9g jelei megmutatkoznak a munkaer\u0151piacon. De \u00f6sszess\u00e9g\u00e9ben tov\u00e1bbra is robusztus a munkaer\u0151piaci helyzet&#8221; &#8211; \u00e1ll a hivatal k\u00f6zlem\u00e9ny\u00e9ben.<br \/>\n    A sz\u00f6vets\u00e9gi statisztikai hivatal (Destatis) \u00e1ltal szint\u00e9n szerd\u00e1n k\u00f6z\u00f6lt nyersadatok szerint szeptemberben az el\u0151z\u0151 h\u00f3naphoz k\u00e9pest 221 ezerrel, 0,5 sz\u00e1zal\u00e9kkal, 45 milli\u00f3 294 ezerre n\u0151tt a foglalkoztatottak sz\u00e1ma. Szezon\u00e1lis kiigaz\u00edt\u00e1ssal sz\u00e1molva 10 ezerrel, 45 milli\u00f3 122 ezerre emelkedett a n\u00e9met gazdas\u00e1gban munk\u00e1t v\u00e1llal\u00f3k sz\u00e1ma.<br \/>\n    A nemzetk\u00f6zi munka\u00fcgyi szervezet (ILO) sz\u00e1m\u00edt\u00e1si met\u00f3dusa alapj\u00e1n kalkul\u00e1lt munkan\u00e9lk\u00fclis\u00e9gi r\u00e1ta szezon\u00e1lis kiigaz\u00edt\u00e1ssal sz\u00e1molva szeptemberben \u00e9s augusztusban egyar\u00e1nt 3,1 sz\u00e1zal\u00e9kon \u00e1llt N\u00e9metorsz\u00e1gban. A munkan\u00e9lk\u00fcliek sz\u00e1ma 1,32 milli\u00f3ra r\u00fagott mindk\u00e9t h\u00f3napban.(MTI)<br \/>\n<div class=\"ads-in-post2\"><script async src=\"https:\/\/pagead2.googlesyndication.com\/pagead\/js\/adsbygoogle.js\"><\/script>\r\n<ins class=\"adsbygoogle\"\r\n     style=\"display:block\"\r\n     data-ad-format=\"fluid\"\r\n     data-ad-layout-key=\"-6t+ed+2i-1n-4w\"\r\n     data-ad-client=\"ca-pub-1959107119989764\"\r\n     data-ad-slot=\"4008251320\"><\/ins>\r\n<script>\r\n     (adsbygoogle = window.adsbygoogle || []).push({});\r\n<\/script><\/div>\n","protected":false},"excerpt":{"rendered":"<p>A v\u00e1rtn\u00e1l nagyobb m\u00e9rt\u00e9kben emelkedett a munkan\u00e9lk\u00fcliek sz\u00e1ma okt\u00f3berben N\u00e9metorsz\u00e1gban, jelezve, hogy a feldolgoz\u00f3ipar v\u00e1ls\u00e1ga kezdi k\u00e1ros hat\u00e1s\u00e1t \u00e9reztetni a munkaer\u0151piacon.<\/p>\n","protected":false},"author":1,"featured_media":0,"comment_status":"closed","ping_status":"open","sticky":false,"template":"","format":"standard","meta":[],"categories":[12,246],"tags":[],"_links":{"self":[{"href":"https:\/\/gazdasagportal.hu\/index.php\/wp-json\/wp\/v2\/posts\/120848"}],"collection":[{"href":"https:\/\/gazdasagportal.hu\/index.php\/wp-json\/wp\/v2\/posts"}],"about":[{"href":"https:\/\/gazdasagportal.hu\/index.php\/wp-json\/wp\/v2\/types\/post"}],"author":[{"embeddable":true,"href":"https:\/\/gazdasagportal.hu\/index.php\/wp-json\/wp\/v2\/users\/1"}],"replies":[{"embeddable":true,"href":"https:\/\/gazdasagportal.hu\/index.php\/wp-json\/wp\/v2\/comments?post=120848"}],"version-history":[{"count":5,"href":"https:\/\/gazdasagportal.hu\/index.php\/wp-json\/wp\/v2\/posts\/120848\/revisions"}],"predecessor-version":[{"id":120853,"href":"https:\/\/gazdasagportal.hu\/index.php\/wp-json\/wp\/v2\/posts\/120848\/revisions\/120853"}],"wp:attachment":[{"href":"https:\/\/gazdasagportal.hu\/index.php\/wp-json\/wp\/v2\/media?parent=120848"}],"wp:term":[{"taxonomy":"category","embeddable":true,"href":"https:\/\/gazdasagportal.hu\/index.php\/wp-json\/wp\/v2\/categories?post=120848"},{"taxonomy":"post_tag","embeddable":true,"href":"https:\/\/gazdasagportal.hu\/index.php\/wp-json\/wp\/v2\/tags?post=120848"}],"curies":[{"name":"wp","href":"https:\/\/api.w.org\/{rel}","templated":true}]}}