{"id":120831,"date":"2019-10-30T07:38:43","date_gmt":"2019-10-30T05:38:43","guid":{"rendered":"http:\/\/gazdasagportal.hu\/?p=120831"},"modified":"2019-10-30T07:38:43","modified_gmt":"2019-10-30T05:38:43","slug":"putyin-budapesten-utlezarasokra-forgalmi-valtozasokra-kell-szamitani-a-fovarosban","status":"publish","type":"post","link":"https:\/\/gazdasagportal.hu\/index.php\/putyin-budapesten-utlezarasokra-forgalmi-valtozasokra-kell-szamitani-a-fovarosban\/","title":{"rendered":"Putyin Budapesten &#8211; \u00datlez\u00e1r\u00e1sokra, forgalmi v\u00e1ltoz\u00e1sokra kell sz\u00e1m\u00edtani a f\u0151v\u00e1rosban"},"content":{"rendered":"<p><strong>\u00datlez\u00e1r\u00e1sokra, id\u0151szakos forgalomkorl\u00e1toz\u00e1sokra kell sz\u00e1m\u00edtani Vlagyimir Putyin orosz eln\u00f6k \u00e9s Szergej Lavrov orosz k\u00fcl\u00fcgyminiszter l\u00e1togat\u00e1sa miatt ma Budapest sz\u00e1mos pontj\u00e1n, els\u0151sorban a belv\u00e1rosban, emiatt egyes buszj\u00e1ratok r\u00f6vid\u00edtett vagy m\u00f3dos\u00edtott \u00fatvonalon k\u00f6zlekednek.<\/strong><!--more--><\/p>\n<div class=\"ads-in-post1\"><div id=\"gazdasagportal.hu_fullbanner_wideboard\"><\/div>\r\n<\/div>\n<p>A deleg\u00e1ci\u00f3 \u00e9rkez\u00e9se miatt a Budapesti K\u00f6zleked\u00e9si K\u00f6zpont a k\u00f6t\u00f6ttp\u00e1ly\u00e1s j\u00e1rm\u0171vek, f\u0151k\u00e9nt a metr\u00f3 ig\u00e9nybev\u00e9tel\u00e9t javasolja. A korl\u00e1toz\u00e1sok a Liszt Ferenc-rep\u00fcl\u0151t\u00e9r k\u00f6rny\u00e9k\u00e9t is \u00e9rintik, ez\u00e9rt azt tan\u00e1csolj\u00e1k: akinek a g\u00e9pe 12 \u00e9s 14 \u00f3ra k\u00f6z\u00f6tt, vagy 19 \u00e9s 21 \u00f3ra k\u00f6z\u00f6tt indul, l\u00e9nyegesen kor\u00e1bban induljon el otthonr\u00f3l.<br \/>\nA Budapesti Rend\u0151r-f\u0151kapit\u00e1nys\u00e1g t\u00e1j\u00e9koztat\u00e1sa szerint 12 \u00f3ra 30 perct\u0151l 19 \u00f3ra 30 percig szakaszosan \u00e9s id\u0151szakosan lez\u00e1rj\u00e1k a Liszt Ferenc-rep\u00fcl\u0151t\u00e9r &#8222;E&#8221; porta &#8211; 4-es f\u0151\u00fat &#8211; M0-s aut\u00f3\u00fat &#8211; M3-as aut\u00f3p\u00e1lya bevezet\u0151 &#8211; Kacs\u00f3h Pongr\u00e1c \u00fati fel\u00fclj\u00e1r\u00f3 &#8211; K\u00f3s K\u00e1roly s\u00e9t\u00e1ny &#8211; H\u0151s\u00f6k tere &#8211; Andr\u00e1ssy \u00fat &#8211; J\u00f3zsef Attila utca &#8211; Sz\u00e9chenyi t\u00e9r &#8211; L\u00e1nch\u00edd &#8211; Clark \u00c1d\u00e1m t\u00e9r &#8211; Hunyadi J\u00e1nos \u00fat &#8211; D\u00edsz t\u00e9r &#8211; Szent Gy\u00f6rgy utca &#8211; Szent Gy\u00f6rgy t\u00e9r \u00fatvonalat.<br \/>\n<div class=\"ads-in-post2\"><script async src=\"https:\/\/pagead2.googlesyndication.com\/pagead\/js\/adsbygoogle.js\"><\/script>\r\n<ins class=\"adsbygoogle\"\r\n     style=\"display:block\"\r\n     data-ad-format=\"fluid\"\r\n     data-ad-layout-key=\"-6t+ed+2i-1n-4w\"\r\n     data-ad-client=\"ca-pub-1959107119989764\"\r\n     data-ad-slot=\"4008251320\"><\/ins>\r\n<script>\r\n     (adsbygoogle = window.adsbygoogle || []).push({});\r\n<\/script><\/div>\n\u00c9jf\u00e9lig tilos meg\u00e1llni t\u00f6bb helyen az V., a VI., a XIV. \u00e9s a XV. ker\u00fcletben, p\u00e9ld\u00e1ul a H\u0151s\u00f6k ter\u00e9n, az Andr\u00e1ssy \u00faton \u00e9s szerviz\u00fatj\u00e1n, a pesti als\u00f3 rakparton \u00e9s a budai als\u00f3 rakpart egy-egy szakasz\u00e1n, a Sz\u00e9chenyi t\u00e9ren, az MTA el\u0151tti nagyparkol\u00f3ban, a Clark \u00c1d\u00e1m t\u00e9ren, a Szent Gy\u00f6rgy t\u00e9ren, a D\u00edsz t\u00e9ri parkol\u00f3ban, a Szarvas t\u00e9ren \u00e9s a D\u00f3zsa Gy\u00f6rgy t\u00e9ren, valamint az Attila \u00fat, a D\u00f3zsa Gy\u00f6rgy \u00fat \u00e9s a Bajcsy-Zsilinszky \u00fat egy szakasz\u00e1n.<br \/>\nAz \u00e9rintett \u00fatszakaszok list\u00e1ja megtal\u00e1lhat\u00f3 a <strong><a href=\"http:\/\/www.police.hu\/hu\/hirek-es-informaciok\/utinfo\/forgalmirend-valtozasok\/ideiglenes-forgalomkorlatozas-budapesten-157\" target=\"_blank\" rel=\"noopener noreferrer\">http:\/\/www.police.hu\/hu\/hirek-es-informaciok\/utinfo\/forgalmirend-valtozasok\/ideiglenes-forgalomkorlatozas-budapesten-157<\/a><\/strong> oldalon, a k\u00f6z\u00f6ss\u00e9gi k\u00f6zleked\u00e9s aktu\u00e1lis v\u00e1ltoz\u00e1sai pedig a BKK Info alkalmaz\u00e1sban \u00e9s a https:\/\/bkkinfo.hu\/ weboldalon k\u00f6vethet\u0151k nyomon.(MTI)<\/p>\n","protected":false},"excerpt":{"rendered":"<p>\u00datlez\u00e1r\u00e1sokra, id\u0151szakos forgalomkorl\u00e1toz\u00e1sokra kell sz\u00e1m\u00edtani Vlagyimir Putyin orosz eln\u00f6k \u00e9s Szergej Lavrov orosz k\u00fcl\u00fcgyminiszter l\u00e1togat\u00e1sa miatt ma Budapest sz\u00e1mos pontj\u00e1n, els\u0151sorban a belv\u00e1rosban, emiatt egyes buszj\u00e1ratok r\u00f6vid\u00edtett vagy m\u00f3dos\u00edtott \u00fatvonalon k\u00f6zlekednek.<\/p>\n","protected":false},"author":1001003,"featured_media":0,"comment_status":"closed","ping_status":"open","sticky":false,"template":"","format":"standard","meta":[],"categories":[4],"tags":[],"_links":{"self":[{"href":"https:\/\/gazdasagportal.hu\/index.php\/wp-json\/wp\/v2\/posts\/120831"}],"collection":[{"href":"https:\/\/gazdasagportal.hu\/index.php\/wp-json\/wp\/v2\/posts"}],"about":[{"href":"https:\/\/gazdasagportal.hu\/index.php\/wp-json\/wp\/v2\/types\/post"}],"author":[{"embeddable":true,"href":"https:\/\/gazdasagportal.hu\/index.php\/wp-json\/wp\/v2\/users\/1001003"}],"replies":[{"embeddable":true,"href":"https:\/\/gazdasagportal.hu\/index.php\/wp-json\/wp\/v2\/comments?post=120831"}],"version-history":[{"count":1,"href":"https:\/\/gazdasagportal.hu\/index.php\/wp-json\/wp\/v2\/posts\/120831\/revisions"}],"predecessor-version":[{"id":120832,"href":"https:\/\/gazdasagportal.hu\/index.php\/wp-json\/wp\/v2\/posts\/120831\/revisions\/120832"}],"wp:attachment":[{"href":"https:\/\/gazdasagportal.hu\/index.php\/wp-json\/wp\/v2\/media?parent=120831"}],"wp:term":[{"taxonomy":"category","embeddable":true,"href":"https:\/\/gazdasagportal.hu\/index.php\/wp-json\/wp\/v2\/categories?post=120831"},{"taxonomy":"post_tag","embeddable":true,"href":"https:\/\/gazdasagportal.hu\/index.php\/wp-json\/wp\/v2\/tags?post=120831"}],"curies":[{"name":"wp","href":"https:\/\/api.w.org\/{rel}","templated":true}]}}