{"id":120829,"date":"2019-10-29T21:41:39","date_gmt":"2019-10-29T19:41:39","guid":{"rendered":"http:\/\/gazdasagportal.hu\/?p=120829"},"modified":"2019-10-29T21:41:39","modified_gmt":"2019-10-29T19:41:39","slug":"tozsdezaras-kirobbano-eroben-a-mol-es-a-richter","status":"publish","type":"post","link":"https:\/\/gazdasagportal.hu\/index.php\/tozsdezaras-kirobbano-eroben-a-mol-es-a-richter\/","title":{"rendered":"T\u0151zsdez\u00e1r\u00e1s &#8211; Kirobban\u00f3 er\u0151ben a Mol \u00e9s a Richter"},"content":{"rendered":"<p><strong>A Budapesti \u00c9rt\u00e9kt\u0151zsde r\u00e9szv\u00e9nyindexe, a BUX 514,62 pontos, 1,23 sz\u00e1zal\u00e9kos emelked\u00e9ssel, 42 453,16 ponton z\u00e1rt kedden.<\/strong><!--more--><\/p>\n<div class=\"ads-in-post1\"><div id=\"gazdasagportal.hu_fullbanner_wideboard\"><\/div>\r\n<\/div>\n<p>    A r\u00e9szv\u00e9nypiac forgalma 11,7 milli\u00e1rd forint volt, a vezet\u0151 r\u00e9szv\u00e9nyek \u00e1ra vegyesen v\u00e1ltozott az el\u0151z\u0151 napi z\u00e1r\u00e1shoz k\u00e9pest.<br \/>\n    Bar\u00e1th Tibor, az Erste Befektet\u00e9si Zrt. vezet\u0151 \u00fczletk\u00f6t\u0151je elmondta: azut\u00e1n, hogy az elm\u00falt napokban a magyar piac kimaradt a kinti piacok &#8222;nyargal\u00e1s\u00e1b\u00f3l&#8221;, kedden Eur\u00f3pa-szerte a magyar t\u0151zsd\u00e9n volt a legnagyobb n\u00f6veked\u00e9s, ami a Molnak \u00e9s a Richternek k\u00f6sz\u00f6nhet\u0151.<br \/>\n    A Mol az elm\u00falt napok nagy gyenges\u00e9ge ut\u00e1n sz\u00e9pen mag\u00e1hoz t\u00e9rt, \u00e9s napon bel\u00fcl a 2952 forintot is el\u00e9rte. A vezet\u0151 \u00fczletk\u00f6t\u0151 szerint ebben k\u00f6zrej\u00e1tszhatott a Mol \u00e9s a Lukoil orosz olajv\u00e1llalat k\u00f6z\u00f6tti meg\u00e1llapod\u00e1ssal kapcsolatos bejelent\u00e9s, valamint az INA j\u00f3 gyorsjelent\u00e9se, ami t\u00fckr\u00f6z\u0151dik majd a Mol cs\u00fct\u00f6rt\u00f6k\u00f6n megjelen\u0151 jelent\u00e9s\u00e9ben. Hozz\u00e1tette, napon bel\u00fcl a Richter is nagyon sz\u00e9pen emelkedett, az 5200 forintos szintr\u0151l eg\u00e9szen 5400 forintig, r\u00e1ad\u00e1sul szint\u00e9n tekint\u00e9lyes forgalom mellett.<br \/>\n    A forint ugyanakkor az eddigi er\u0151s\u00f6d\u00e9sb\u0151l gyeng\u00fcl\u00e9sbe v\u00e1ltott. A nap elej\u00e9n m\u00e9g 328 forint k\u00f6r\u00fcl kereskedtek az eur\u00f3val, a nap v\u00e9ge fel\u00e9 azonban m\u00e1r 329,30-on &#8211; mondta.<br \/>\n<div class=\"ads-in-post2\"><script async src=\"https:\/\/pagead2.googlesyndication.com\/pagead\/js\/adsbygoogle.js\"><\/script>\r\n<ins class=\"adsbygoogle\"\r\n     style=\"display:block\"\r\n     data-ad-format=\"fluid\"\r\n     data-ad-layout-key=\"-6t+ed+2i-1n-4w\"\r\n     data-ad-client=\"ca-pub-1959107119989764\"\r\n     data-ad-slot=\"4008251320\"><\/ins>\r\n<script>\r\n     (adsbygoogle = window.adsbygoogle || []).push({});\r\n<\/script><\/div>\n    Kit\u00e9rt arra is, \u00e1tt\u00e9telesen pozit\u00edv hat\u00e1sa lehet a t\u0151zsd\u00e9re, hogy az \u00c1llamad\u00f3ss\u00e1g Kezel\u0151 K\u00f6zpont (\u00c1KK) a j\u00f6v\u0151 h\u00e9tt\u0151l cs\u00f6kkenti egyes lakoss\u00e1gi \u00e1llampap\u00edrok kamat\u00e1t. \u00dagy v\u00e9lte, a kamatcs\u00f6kkent\u00e9ssel a M\u00c1P Plusz fel\u00e9 szeretn\u00e9k terelni a befektet\u0151ket.<br \/>\n    A Mol 82 forinttal, 2,87 sz\u00e1zal\u00e9kkal 2938 forintra er\u0151s\u00f6d\u00f6tt, 2,3 milli\u00e1rd forintos forgalomban.<br \/>\n    Az OTP r\u00e9szv\u00e9nyek \u00e1ra 30 forinttal, 0,22 sz\u00e1zal\u00e9kkal 13 800 forintra cs\u00f6kkent, forgalmuk 6 milli\u00e1rd forintot tett ki.<br \/>\n    A Magyar Telekom \u00e1rfolyama 1 forinttal, 0,22 sz\u00e1zal\u00e9kkal 447 forintra esett, forgalma 152,8 milli\u00f3 forint volt.<br \/>\n    A Richter-pap\u00edrok \u00e1ra 160 forinttal, 3,06 sz\u00e1zal\u00e9kkal 5390 forintra n\u0151tt, forgalmuk 2,4 milli\u00e1rd forintot \u00e9rt el.<br \/>\n    A BUMIX 3905,86 ponton z\u00e1rt kedden, ez 22,75 pontos, 0,58 sz\u00e1zal\u00e9kos cs\u00f6kken\u00e9s a h\u00e9tf\u0151i z\u00e1r\u00e1shoz viszony\u00edtva.(MTI)<\/p>\n","protected":false},"excerpt":{"rendered":"<p>A Budapesti \u00c9rt\u00e9kt\u0151zsde r\u00e9szv\u00e9nyindexe, a BUX 514,62 pontos, 1,23 sz\u00e1zal\u00e9kos emelked\u00e9ssel, 42 453,16 ponton z\u00e1rt kedden.<\/p>\n","protected":false},"author":1001003,"featured_media":0,"comment_status":"closed","ping_status":"open","sticky":false,"template":"","format":"standard","meta":[],"categories":[7],"tags":[],"_links":{"self":[{"href":"https:\/\/gazdasagportal.hu\/index.php\/wp-json\/wp\/v2\/posts\/120829"}],"collection":[{"href":"https:\/\/gazdasagportal.hu\/index.php\/wp-json\/wp\/v2\/posts"}],"about":[{"href":"https:\/\/gazdasagportal.hu\/index.php\/wp-json\/wp\/v2\/types\/post"}],"author":[{"embeddable":true,"href":"https:\/\/gazdasagportal.hu\/index.php\/wp-json\/wp\/v2\/users\/1001003"}],"replies":[{"embeddable":true,"href":"https:\/\/gazdasagportal.hu\/index.php\/wp-json\/wp\/v2\/comments?post=120829"}],"version-history":[{"count":1,"href":"https:\/\/gazdasagportal.hu\/index.php\/wp-json\/wp\/v2\/posts\/120829\/revisions"}],"predecessor-version":[{"id":120830,"href":"https:\/\/gazdasagportal.hu\/index.php\/wp-json\/wp\/v2\/posts\/120829\/revisions\/120830"}],"wp:attachment":[{"href":"https:\/\/gazdasagportal.hu\/index.php\/wp-json\/wp\/v2\/media?parent=120829"}],"wp:term":[{"taxonomy":"category","embeddable":true,"href":"https:\/\/gazdasagportal.hu\/index.php\/wp-json\/wp\/v2\/categories?post=120829"},{"taxonomy":"post_tag","embeddable":true,"href":"https:\/\/gazdasagportal.hu\/index.php\/wp-json\/wp\/v2\/tags?post=120829"}],"curies":[{"name":"wp","href":"https:\/\/api.w.org\/{rel}","templated":true}]}}