{"id":120825,"date":"2019-10-29T08:04:51","date_gmt":"2019-10-29T06:04:51","guid":{"rendered":"http:\/\/gazdasagportal.hu\/?p=120825"},"modified":"2019-10-28T22:43:16","modified_gmt":"2019-10-28T20:43:16","slug":"brexit-a-brit-kormany-elfogadta-a-brexit-halasztasat-nincs-megfelelo-tobbseg-az-elorehozott-valasztashoz","status":"publish","type":"post","link":"https:\/\/gazdasagportal.hu\/index.php\/brexit-a-brit-kormany-elfogadta-a-brexit-halasztasat-nincs-megfelelo-tobbseg-az-elorehozott-valasztashoz\/","title":{"rendered":"Brexit &#8211; A brit korm\u00e1ny elfogadta a Brexit halaszt\u00e1s\u00e1t, nincs megfelel\u0151 t\u00f6bbs\u00e9g az el\u0151rehozott v\u00e1laszt\u00e1shoz"},"content":{"rendered":"<p><strong>London elfogadta h\u00e9tf\u0151n a brit EU-tags\u00e1g megsz\u0171n\u00e9s\u00e9nek (Brexit) halaszt\u00e1s\u00e1r\u00f3l hozott uni\u00f3s d\u00f6nt\u00e9st. Ezzel biztoss\u00e1 \u00e9s hivataloss\u00e1 v\u00e1lt, hogy az Egyes\u00fclt Kir\u00e1lys\u00e1g nem l\u00e9p ki az Eur\u00f3pai Uni\u00f3b\u00f3l okt\u00f3ber 31-\u00e9n, vagyis cs\u00fct\u00f6rt\u00f6k\u00f6n, a Brexit eddigi hat\u00e1rnapj\u00e1n.<\/strong><!--more--><\/p>\n<div class=\"ads-in-post1\"><div id=\"gazdasagportal.hu_fullbanner_wideboard\"><\/div>\r\n<\/div>\n<p>    Boris Johnson konzervat\u00edv p\u00e1rti brit minisztereln\u00f6k nem sokkal az err\u0151l sz\u00f3l\u00f3 \u00e9rtes\u00edt\u00e9s elk\u00fcld\u00e9se ut\u00e1n ism\u00e9t kezdem\u00e9nyezte az el\u0151rehozott v\u00e1laszt\u00e1sok ki\u00edr\u00e1s\u00e1t a londoni als\u00f3h\u00e1zban, de a h\u00e9tf\u0151 esti szavaz\u00e1son sem gy\u0171lt \u00f6ssze az ind\u00edtv\u00e1ny t\u00e1mogat\u00e1s\u00e1hoz sz\u00fcks\u00e9ges, t\u00f6rv\u00e9nyben el\u0151\u00edrt k\u00e9tharmados t\u00f6bbs\u00e9g.<br \/>\n    Johnson jelezte, hogy kedden ism\u00e9t el\u0151terjeszti a kezdem\u00e9nyez\u00e9st.<br \/>\n    Donald Tusk, az uni\u00f3s \u00e1llam- \u00e9s korm\u00e1nyf\u0151k alkotta Eur\u00f3pai Tan\u00e1cs eln\u00f6ke h\u00e9tf\u0151n jelentette be, hogy az EU-ban marad\u00f3 27 tagorsz\u00e1g j\u00f3v\u00e1hagyta a Brexit halaszt\u00e1s\u00e1t kezdem\u00e9nyez\u0151 brit ind\u00edtv\u00e1nyt.<br \/>\n    A halaszt\u00e1s 2020. janu\u00e1r 31-ig terjedhet. A hat\u00e1rid\u0151 ugyanakkor rugalmas: ha London valamelyik k\u00f6ztes h\u00f3napban ratifik\u00e1lja a kil\u00e9p\u00e9s felt\u00e9telrendszer\u00e9t r\u00f6gz\u00edt\u0151 \u00faj meg\u00e1llapod\u00e1st, annak a h\u00f3napnak a v\u00e9g\u00e9n &#8211; vagyis november 30-\u00e1n vagy december 31-\u00e9n &#8211; is megsz\u0171nhet a brit EU-tags\u00e1g.<br \/>\n    Tusknak \u00edrt, a Downing Street \u00e1ltal h\u00e9tf\u0151 este ismertetett level\u00e9ben Johnson hangs\u00falyozza: a brit korm\u00e1nyra &#8222;akarata ellen\u00e9re r\u00e1er\u0151ltetett t\u00f6rv\u00e9ny&#8221; alapj\u00e1n nincs m\u00e1s lehet\u0151s\u00e9ge, mint az, hogy form\u00e1lisan beleegyezzen a Brexit halaszt\u00e1s\u00e1r\u00f3l sz\u00f3l\u00f3 uni\u00f3s d\u00f6nt\u00e9sbe.<br \/>\n    Johnson ezzel arra az ellenz\u00e9ki kezdem\u00e9nyez\u00e9s\u0171, szeptemberben elfogadott t\u00f6rv\u00e9nyre utalt, amely el\u0151\u00edrta, hogy ha a parlament okt\u00f3ber 19-ig nem fogadja el a Brexit-meg\u00e1llapod\u00e1st \u00e9s a meg\u00e1llapod\u00e1s n\u00e9lk\u00fcli Brexitre sem ad felhatalmaz\u00e1st, a brit korm\u00e1nyf\u0151nek kezdem\u00e9nyeznie kell az EU-n\u00e1l a kil\u00e9p\u00e9s halaszt\u00e1s\u00e1t 2020. janu\u00e1r 31-ig.<br \/>\n<div class=\"ads-in-post2\"><script async src=\"https:\/\/pagead2.googlesyndication.com\/pagead\/js\/adsbygoogle.js\"><\/script>\r\n<ins class=\"adsbygoogle\"\r\n     style=\"display:block\"\r\n     data-ad-format=\"fluid\"\r\n     data-ad-layout-key=\"-6t+ed+2i-1n-4w\"\r\n     data-ad-client=\"ca-pub-1959107119989764\"\r\n     data-ad-slot=\"4008251320\"><\/ins>\r\n<script>\r\n     (adsbygoogle = window.adsbygoogle || []).push({});\r\n<\/script><\/div>\n    Mivel aznapig egyik felt\u00e9tel sem teljes\u00fclt, Johnson a t\u00f6rv\u00e9ny alapj\u00e1n 19-\u00e9n \u00e9jjel lev\u00e9lben \u00e9rtes\u00edtette Donald Tuskot arr\u00f3l, hogy London a Brexit halaszt\u00e1s\u00e1t k\u00e9ri.<br \/>\n    Ezt a levelet azonban nem \u00edrta al\u00e1, mell\u00e9kelt viszont m\u00e9g egy levelet \u00e9s egy magyar\u00e1z\u00f3 k\u00eds\u00e9r\u0151dokumentumot is, amelyben kifejti, hogy csak a parlament \u00e1ltal alkotott t\u00f6rv\u00e9nyt teljes\u00edti a halaszt\u00e1s k\u00e9r\u00e9s\u00e9vel, de val\u00f3j\u00e1ban k\u00e1rosnak tartan\u00e1, ha az EU teljes\u00edten\u00e9 ezt az ind\u00edtv\u00e1nyt.<br \/>\n    Ugyanezt megism\u00e9telte a halaszt\u00e1si d\u00f6nt\u00e9s elfogad\u00e1s\u00e1r\u00f3l Tusknak k\u00fcld\u00f6tt &#8211; ez\u00fattal al\u00e1\u00edrt &#8211; h\u00e9tf\u0151 esti level\u00e9ben is. A brit korm\u00e1nyf\u0151 azt \u00edrta: meggy\u0151z\u0151d\u00e9se, hogy a brit EU-tags\u00e1g &#8222;e nem k\u00edv\u00e1nt&#8221; meghosszabb\u00edt\u00e1sa k\u00e1ros\u00edtja a brit demokr\u00e1ci\u00e1t \u00e9s az Eur\u00f3pai Uni\u00f3hoz f\u0171z\u0151d\u0151 k\u00e9toldal\u00fa viszonyt is.<br \/>\n    Hozz\u00e1tette: att\u00f3l tart, hogy a mostani brit parlament soha nem fogja ratifik\u00e1lni az EU-val el\u00e9rt Brexit-meg\u00e1llapod\u00e1st mindaddig, am\u00edg m\u00f3dj\u00e1ban \u00e1ll a kil\u00e9p\u00e9s tov\u00e1bbi halaszt\u00e1sa.<br \/>\n    Boris Johnson k\u00f6z\u00f6lte, hogy emiatt kezdem\u00e9nyezi az el\u0151rehozott v\u00e1laszt\u00e1sok ki\u00edr\u00e1s\u00e1t decemberre, egy olyan \u00faj parlament megv\u00e1laszt\u00e1sa v\u00e9gett, amely k\u00e9pes a brit alkotm\u00e1nyos norm\u00e1knak megfelel\u0151en rendezni ezt a k\u00e9rd\u00e9st.<br \/>\n    Johnson h\u00e9tf\u0151 este be is terjesztette az als\u00f3h\u00e1z el\u00e9 azt az ind\u00edtv\u00e1nyt, amelyben a korm\u00e1ny el\u0151rehozott v\u00e1laszt\u00e1s ki\u00edr\u00e1s\u00e1t ind\u00edtv\u00e1nyozza december 12-re.<br \/>\n    A k\u00f6vetkez\u0151 v\u00e1laszt\u00e1s a parlament mand\u00e1tum\u00e1nak hossz\u00e1t \u00f6t \u00e9vben r\u00f6gz\u00edt\u0151, 2011-ben kelt brit t\u00f6rv\u00e9ny \u00e9rtelm\u00e9ben 2022-ben lenne esed\u00e9kes, \u00e9s az enn\u00e9l el\u0151bbi parlamenti v\u00e1laszt\u00e1s ki\u00edr\u00e1s\u00e1hoz k\u00e9tharmados t\u00e1mogat\u00e1sra &#8211; a jelenlegi l\u00e9tsz\u00e1m alapj\u00e1n 434 voksra &#8211; lett volna sz\u00fcks\u00e9g az als\u00f3h\u00e1zban.<br \/>\n    A h\u00e9tf\u0151 esti szavaz\u00e1son azonban 293-an voksoltak a korm\u00e1nyf\u0151 ind\u00edtv\u00e1ny\u00e1ra.<br \/>\n    Johnson most kezdem\u00e9nyezte harmadszor az el\u0151rehozott v\u00e1laszt\u00e1sok ki\u00edr\u00e1s\u00e1t annak a t\u00f6rv\u00e9nynek az elfogad\u00e1sa \u00f3ta, amelynek alapj\u00e1n k\u00e9rnie kellett az EU-t\u00f3l a Brexit halaszt\u00e1s\u00e1t, de egyszer sem volt meg a k\u00e9tharmados t\u00f6bbs\u00e9g.<br \/>\n    A korm\u00e1nyf\u0151 a h\u00e9tf\u0151 esti voksol\u00e1s ut\u00e1n bejelentette, hogy kedden ism\u00e9t beterjeszti az el\u0151rehozott v\u00e1laszt\u00e1st kezdem\u00e9nyez\u0151 ind\u00edtv\u00e1ny\u00e1t, ez\u00fattal \u00e9lve azzal a jogi kiskapuval, amely lehet\u0151v\u00e9 teszi, hogy a r\u00f6gz\u00edtett idej\u0171 parlamenti mand\u00e1tumr\u00f3l sz\u00f3l\u00f3 jogszab\u00e1lyt fel\u00fcl lehet \u00edrni egy egysoros, a v\u00e1laszt\u00e1sok ki\u00edr\u00e1s\u00e1r\u00f3l int\u00e9zked\u0151, egyszer\u0171 t\u00f6bbs\u00e9ghez k\u00f6t\u00f6tt k\u00fcl\u00f6n t\u00f6rv\u00e9nyjavaslattal.<br \/>\n    A korm\u00e1ny szempontj\u00e1b\u00f3l ennek a m\u00f3dszernek az a h\u00e1tr\u00e1nya, hogy nem parlamenti hat\u00e1rozatr\u00f3l, hanem t\u00f6rv\u00e9nyjavaslatr\u00f3l van sz\u00f3, amelyhez az ellenz\u00e9k a korm\u00e1nynak nem tetsz\u0151 m\u00f3dos\u00edt\u00e1sokat is beterjeszthet, \u00e9s mivel a Konzervat\u00edv P\u00e1rtnak nincs \u00f6n\u00e1ll\u00f3 t\u00f6bbs\u00e9ge, ezeket a m\u00f3dos\u00edt\u00e1sokat az ellenz\u00e9k el is fogadtathatja.<br \/>\n    A Sk\u00f3t Nemzeti P\u00e1rt (SNP) \u00e9s a Liber\u00e1lis Demokrat\u00e1k als\u00f3h\u00e1zi frakci\u00f3ja mindazon\u00e1ltal jelezte, hogy nem z\u00e1rk\u00f3zik el Johnson ind\u00edtv\u00e1ny\u00e1t\u00f3l, de azt szeretn\u00e9, hogy a v\u00e1laszt\u00e1st h\u00e1rom nappal kor\u00e1bbra, december 9-re \u00edrj\u00e1k ki.<br \/>\n    Ebben az esetben a parlamentet a v\u00e1laszt\u00e1si t\u00f6rv\u00e9ny alapj\u00e1n m\u00e1r p\u00e9nteken fel kellene oszlatni, \u00e9s \u00edgy nem maradna id\u0151 a korm\u00e1ny sz\u00e1m\u00e1ra a Brexit-meg\u00e1llapod\u00e1s ratifik\u00e1l\u00e1s\u00e1ra.<br \/>\n    Az ellenz\u00e9k egy\u00f6ntet\u0171 k\u00f6vetel\u00e9se az, hogy az el\u0151rehozott v\u00e1laszt\u00e1sok el\u0151tt a korm\u00e1ny m\u00e1r ne kezdem\u00e9nyezze az EU-val el\u00e9rt Brexit-meg\u00e1llapod\u00e1s ratifik\u00e1ci\u00f3j\u00e1t.<br \/>\n    Az Eur\u00f3pai Tan\u00e1cs eln\u00f6k\u00e9hez a Brexit halaszt\u00e1s\u00e1nak elfogad\u00e1s\u00e1r\u00f3l \u00edrt h\u00e9tf\u0151i level\u00e9ben Johnson felsz\u00f3l\u00edtja az EU-ban marad\u00f3 27 tagorsz\u00e1got arra, hogy ha a brit parlament elveti az el\u0151rehozott v\u00e1laszt\u00e1sokat, akkor tegy\u00e9k egy\u00e9rtelm\u0171v\u00e9, hogy nincs lehet\u0151s\u00e9g a Brexit m\u00e9g tov\u00e1bbi halaszt\u00e1s\u00e1ra a janu\u00e1r 31-i \u00faj hat\u00e1rid\u0151n t\u00fal.<br \/>\n    A brit minisztereln\u00f6k szerint ugyanis ezzel elker\u00fclhet\u0151 lenne, hogy a parlament egyszer\u0171en \u00fajb\u00f3l \u00e9s \u00fajb\u00f3l meghosszabb\u00edtgassa a brit EU-tags\u00e1got.<br \/>\n    Johnson a v\u00e1laszt\u00e1sr\u00f3l tartott h\u00e9tf\u0151i esti voksol\u00e1s ut\u00e1n \u00fagy fogalmazott, hogy a parlament t\u00faszk\u00e9nt tartja fogva az orsz\u00e1got, \u00e9s ezt a helyzetet nem lehet tov\u00e1bb fenntartani.(MTI)<\/p>\n","protected":false},"excerpt":{"rendered":"<p>London elfogadta h\u00e9tf\u0151n a brit EU-tags\u00e1g megsz\u0171n\u00e9s\u00e9nek (Brexit) halaszt\u00e1s\u00e1r\u00f3l hozott uni\u00f3s d\u00f6nt\u00e9st. Ezzel biztoss\u00e1 \u00e9s hivataloss\u00e1 v\u00e1lt, hogy az Egyes\u00fclt Kir\u00e1lys\u00e1g nem l\u00e9p ki az Eur\u00f3pai Uni\u00f3b\u00f3l okt\u00f3ber 31-\u00e9n, vagyis cs\u00fct\u00f6rt\u00f6k\u00f6n, a Brexit eddigi hat\u00e1rnapj\u00e1n.<\/p>\n","protected":false},"author":1001003,"featured_media":0,"comment_status":"closed","ping_status":"open","sticky":false,"template":"","format":"standard","meta":[],"categories":[12],"tags":[],"_links":{"self":[{"href":"https:\/\/gazdasagportal.hu\/index.php\/wp-json\/wp\/v2\/posts\/120825"}],"collection":[{"href":"https:\/\/gazdasagportal.hu\/index.php\/wp-json\/wp\/v2\/posts"}],"about":[{"href":"https:\/\/gazdasagportal.hu\/index.php\/wp-json\/wp\/v2\/types\/post"}],"author":[{"embeddable":true,"href":"https:\/\/gazdasagportal.hu\/index.php\/wp-json\/wp\/v2\/users\/1001003"}],"replies":[{"embeddable":true,"href":"https:\/\/gazdasagportal.hu\/index.php\/wp-json\/wp\/v2\/comments?post=120825"}],"version-history":[{"count":1,"href":"https:\/\/gazdasagportal.hu\/index.php\/wp-json\/wp\/v2\/posts\/120825\/revisions"}],"predecessor-version":[{"id":120826,"href":"https:\/\/gazdasagportal.hu\/index.php\/wp-json\/wp\/v2\/posts\/120825\/revisions\/120826"}],"wp:attachment":[{"href":"https:\/\/gazdasagportal.hu\/index.php\/wp-json\/wp\/v2\/media?parent=120825"}],"wp:term":[{"taxonomy":"category","embeddable":true,"href":"https:\/\/gazdasagportal.hu\/index.php\/wp-json\/wp\/v2\/categories?post=120825"},{"taxonomy":"post_tag","embeddable":true,"href":"https:\/\/gazdasagportal.hu\/index.php\/wp-json\/wp\/v2\/tags?post=120825"}],"curies":[{"name":"wp","href":"https:\/\/api.w.org\/{rel}","templated":true}]}}