{"id":120821,"date":"2019-10-29T14:39:40","date_gmt":"2019-10-29T12:39:40","guid":{"rendered":"http:\/\/gazdasagportal.hu\/?p=120821"},"modified":"2019-10-28T22:40:34","modified_gmt":"2019-10-28T20:40:34","slug":"ujabb-reszletek-jelentek-meg-az-amerikai-sajtoban-abu-bakr-al-bagdadi-likvidalasarol","status":"publish","type":"post","link":"https:\/\/gazdasagportal.hu\/index.php\/ujabb-reszletek-jelentek-meg-az-amerikai-sajtoban-abu-bakr-al-bagdadi-likvidalasarol\/","title":{"rendered":"\u00dajabb r\u00e9szletek jelentek meg az amerikai sajt\u00f3ban Abu Bakr al-Bagdadi likvid\u00e1l\u00e1s\u00e1r\u00f3l"},"content":{"rendered":"<p><strong>\u00dajabb r\u00e9szletek jelentek meg az amerikai sajt\u00f3ban  h\u00e9tf\u0151n Abu Bakr al-Bagdadi, az Iszl\u00e1m \u00c1llam nev\u0171 terrorszervezet vas\u00e1rnapra virrad\u00f3ra Sz\u00edri\u00e1ban v\u00e9grehajtott likvid\u00e1l\u00e1s\u00e1r\u00f3l.<\/strong><!--more--><\/p>\n<div class=\"ads-in-post1\"><div id=\"gazdasagportal.hu_fullbanner_wideboard\"><\/div>\r\n<\/div>\n<p>    Al-Bagdadi egyik k\u00f6zeli munkat\u00e1rs\u00e1nak egy\u00fcttm\u0171k\u00f6d\u00e9se kulcsfontoss\u00e1g\u00fa volt a terrorista vez\u00e9r elleni rajta\u00fct\u00e9sben, s ez az iraki h\u00edrszerz\u00e9s \u00e9rdeme &#8211; hangzott el  h\u00e9tf\u0151n az amerikai k\u00f6zszolg\u00e1lati r\u00e1di\u00f3ban (NPR), amely h\u00edr\u00fcgyn\u00f6ks\u00e9gi forr\u00e1sokat is id\u00e9zett.<br \/>\n    Az inform\u00e1ci\u00f3k szerint az iraki h\u00edrszerz\u00e9s 2018 febru\u00e1rj\u00e1ban \u00e9rt el \u00e1tt\u00f6r\u00e9st: akkor a terrorista vez\u00e9r k\u00f6zeli munkat\u00e1rsainak egyike, Iszmail al-Etavi r\u00e9szletesen besz\u00e1molt az iraki h\u00edrszerz\u00e9s k\u00e9t munkat\u00e1rs\u00e1nak arr\u00f3l, hogyan siker\u00fclt al-Bagdadinak \u00e9veken kereszt\u00fcl elmenek\u00fclnie \u00fcld\u00f6z\u0151i el\u0151l. Iszmail al-Etavit a t\u00f6r\u00f6k\u00f6k tart\u00f3ztatt\u00e1k le sz\u00edr ter\u00fcleten \u00e9s \u00e1tadt\u00e1k az irakiaknak.         Al-Etavi szerint al-Bagdadi id\u0151r\u0151l-id\u0151re &#8222;strat\u00e9giai megbesz\u00e9l\u00e9st&#8221; tartott a terrorszervezet legfontosabb &#8222;parancsnokaival&#8221;, m\u00e9gpedig z\u00f6lds\u00e9gekkel alaposan megpakolt minibuszokon. \u00cdgy pr\u00f3b\u00e1lta meg elker\u00fclni, hogy felfedezz\u00e9k. \u00d6t  ilyen parancsnok, k\u00f6zt\u00fck al-Etavi volt k\u00f6r\u00fcl\u00f6tte, \u00e9s Sz\u00edri\u00e1ban, k\u00fcl\u00f6nb\u00f6z\u0151 helysz\u00edneken egyeztettek.<br \/>\n    Al-Etavit, aki iszl\u00e1m tudom\u00e1nyokb\u00f3l szerzett doktori fokozatot, az iraki h\u00edrszerz\u00e9s al-Bagdadi \u00f6t legfontosabb munkat\u00e1rsa k\u00f6z\u00f6tt tartotta sz\u00e1mon. 2006-ban csatlakozott az akkor m\u00e9g Oszama bin Laden ir\u00e1ny\u00edtotta al-Kaida terrorszervezethez. 2008-ban tart\u00f3ztatt\u00e1k le az amerikaiak, \u00e9s n\u00e9gy \u00e9vre b\u00f6rt\u00f6nre \u00edt\u00e9lt\u00e9k. Az iraki h\u00edrszerz\u00e9s szerint az \u0151 feladata volt az Iszl\u00e1m \u00c1llam parancsnokainak kiv\u00e1laszt\u00e1sa, valamint a k\u00fcl\u00f6nb\u00f6z\u0151 vall\u00e1si \u00fczenetek megfogalmaz\u00e1sa. Az Iszl\u00e1m \u00c1llam \u00f6sszeoml\u00e1sa ut\u00e1n, 2017-ben, sz\u00edriai feles\u00e9g\u00e9vel egy\u00fctt Sz\u00edri\u00e1ba menek\u00fclt.<br \/>\n<div class=\"ads-in-post2\"><script async src=\"https:\/\/pagead2.googlesyndication.com\/pagead\/js\/adsbygoogle.js\"><\/script>\r\n<ins class=\"adsbygoogle\"\r\n     style=\"display:block\"\r\n     data-ad-format=\"fluid\"\r\n     data-ad-layout-key=\"-6t+ed+2i-1n-4w\"\r\n     data-ad-client=\"ca-pub-1959107119989764\"\r\n     data-ad-slot=\"4008251320\"><\/ins>\r\n<script>\r\n     (adsbygoogle = window.adsbygoogle || []).push({});\r\n<\/script><\/div>\n    Az amerikai k\u00f6zszolg\u00e1lati r\u00e1di\u00f3 szerint fontos fejlem\u00e9ny volt a terrorizmus \u00e9s az Iszl\u00e1m \u00c1llam elleni k\u00fczdelemben az, amikor az id\u00e9n \u00e9v elej\u00e9n amerikai, t\u00f6r\u00f6k \u00e9s iraki k\u00f6z\u00f6s akci\u00f3ban elfogt\u00e1k az Iszl\u00e1m \u00c1llam egyes vezet\u0151it, k\u00f6zt\u00fck n\u00e9gy iraki \u00e9s egy sz\u00edriai \u00e1llampolg\u00e1rt. Az elfogott terrorist\u00e1k r\u00e9szletesen besz\u00e1moltak arr\u00f3l, hogy Sz\u00edri\u00e1ban hol \u00e9s mikor tal\u00e1lkoztak al-Bagdadival. Az iraki h\u00edrszerz\u00e9s ezt k\u00f6vet\u0151en egyeztet\u00e9sbe kezdett az amerikai K\u00f6zponti H\u00edrszerz\u0151 \u00dcgyn\u00f6ks\u00e9ggel (CIA), amely a kor\u00e1bbiakn\u00e1l j\u00f3val t\u00f6bb forr\u00e1st biztos\u00edtott.<br \/>\n    Az idei esztend\u0151 k\u00f6zep\u00e9re siker\u00fclt beazonos\u00edtani, hogy al-Bagdadi Idl\u00edb tartom\u00e1ny telep\u00fcl\u00e9sein mozgott a csal\u00e1dj\u00e1val \u00e9s h\u00e1rom munkat\u00e1rs\u00e1val egy\u00fctt, \u00e9s p\u00e9nteken el\u0151sz\u00f6r hagyta el azt a falut, ahol h\u00f3napok \u00f3ta tart\u00f3zkodott.<br \/>\n    Az NPR besz\u00e1molt arr\u00f3l is, hogy az Iszl\u00e1m \u00c1llamnak \u00e9s volt vezet\u0151j\u00e9nek Sz\u00edri\u00e1ban is volt egy ellens\u00e9ge: a kor\u00e1bban Al-Nuszra Front n\u00e9ven, az al-Kaida sz\u00edriai  csoportjak\u00e9nt ismert dzsihadista szervezet. Ez nemr\u00e9giben foglyul ejtette al-Bagdadi egyik ember\u00e9t, s ez is hozz\u00e1j\u00e1rulhatott Al-Bagdadi tart\u00f3zkod\u00e1si hely\u00e9nek beazonos\u00edt\u00e1s\u00e1hoz.<br \/>\n    A The Wall Street Journal c\u00edm\u0171 lap h\u00e9tf\u0151n bagdadi \u00e9s bejr\u00fati tud\u00f3s\u00edt\u00e1s\u00e1ban a Sz\u00edriai Demokratikus Er\u0151k (SDF) nev\u0171, kurdok ir\u00e1ny\u00edtotta erny\u0151szervezet vezet\u0151j\u00e9re, Mazlum Abdira hivatkozva arr\u00f3l sz\u00e1molt be, hogy a h\u00e9tv\u00e9g\u00e9n v\u00e9grehajtott amerikai akci\u00f3 c\u00e9lkeresztj\u00e9ben volt az Iszl\u00e1m \u00c1llam sz\u00f3viv\u0151je, Abu al-Hasz\u00e1n al-Muhadzsir is. Abdi azonban arr\u00f3l nem besz\u00e9lt, hogy a terrorszervezet sz\u00f3viv\u0151je \u00e9letben van-e.<br \/>\n    Az amerikai lap megkereste a Pentagont is, amely azonban nem k\u00edv\u00e1nta komment\u00e1lni az Iszl\u00e1m \u00c1llam sz\u00f3viv\u0151j\u00e9r\u0151l megjelent h\u00edreket.         Donald Trump amerikai eln\u00f6k h\u00e9tf\u0151n reggel &#8211; Chicag\u00f3ba indul\u00e1sa el\u0151tt a Washingtonhoz k\u00f6zeli Andrews l\u00e9git\u00e1maszponton &#8211; \u00fajs\u00e1g\u00edr\u00f3knak azt mondta: fontolgatja, hogy a rajta\u00fct\u00e9sr\u0151l k\u00e9sz\u00fclt video egyes r\u00e9szleteit nyilv\u00e1noss\u00e1gra hozza. Az akci\u00f3t az eln\u00f6k &#8222;a h\u00edrszerz\u00e9si \u00e9s katonai hatalom \u00e9s egyeztet\u00e9s fantasztikus megnyilv\u00e1nul\u00e1s\u00e1nak&#8221; nevezte.(MTI)<\/p>\n","protected":false},"excerpt":{"rendered":"<p>\u00dajabb r\u00e9szletek jelentek meg az amerikai sajt\u00f3ban h\u00e9tf\u0151n Abu Bakr al-Bagdadi, az Iszl\u00e1m \u00c1llam nev\u0171 terrorszervezet vas\u00e1rnapra virrad\u00f3ra Sz\u00edri\u00e1ban v\u00e9grehajtott likvid\u00e1l\u00e1s\u00e1r\u00f3l.<\/p>\n","protected":false},"author":1001003,"featured_media":0,"comment_status":"closed","ping_status":"open","sticky":false,"template":"","format":"standard","meta":[],"categories":[13,16],"tags":[],"_links":{"self":[{"href":"https:\/\/gazdasagportal.hu\/index.php\/wp-json\/wp\/v2\/posts\/120821"}],"collection":[{"href":"https:\/\/gazdasagportal.hu\/index.php\/wp-json\/wp\/v2\/posts"}],"about":[{"href":"https:\/\/gazdasagportal.hu\/index.php\/wp-json\/wp\/v2\/types\/post"}],"author":[{"embeddable":true,"href":"https:\/\/gazdasagportal.hu\/index.php\/wp-json\/wp\/v2\/users\/1001003"}],"replies":[{"embeddable":true,"href":"https:\/\/gazdasagportal.hu\/index.php\/wp-json\/wp\/v2\/comments?post=120821"}],"version-history":[{"count":1,"href":"https:\/\/gazdasagportal.hu\/index.php\/wp-json\/wp\/v2\/posts\/120821\/revisions"}],"predecessor-version":[{"id":120822,"href":"https:\/\/gazdasagportal.hu\/index.php\/wp-json\/wp\/v2\/posts\/120821\/revisions\/120822"}],"wp:attachment":[{"href":"https:\/\/gazdasagportal.hu\/index.php\/wp-json\/wp\/v2\/media?parent=120821"}],"wp:term":[{"taxonomy":"category","embeddable":true,"href":"https:\/\/gazdasagportal.hu\/index.php\/wp-json\/wp\/v2\/categories?post=120821"},{"taxonomy":"post_tag","embeddable":true,"href":"https:\/\/gazdasagportal.hu\/index.php\/wp-json\/wp\/v2\/tags?post=120821"}],"curies":[{"name":"wp","href":"https:\/\/api.w.org\/{rel}","templated":true}]}}