{"id":120817,"date":"2019-10-29T10:37:24","date_gmt":"2019-10-29T08:37:24","guid":{"rendered":"http:\/\/gazdasagportal.hu\/?p=120817"},"modified":"2019-10-28T22:38:16","modified_gmt":"2019-10-28T20:38:16","slug":"mario-draghi-atadta-az-ekb-elnoki-hivatalt-christine-lagarde-nak","status":"publish","type":"post","link":"https:\/\/gazdasagportal.hu\/index.php\/mario-draghi-atadta-az-ekb-elnoki-hivatalt-christine-lagarde-nak\/","title":{"rendered":"Mario Draghi \u00e1tadta az EKB-eln\u00f6ki hivatalt Christine Lagarde-nak"},"content":{"rendered":"<p><strong>\u00dcnnep\u00e9lyes keretek k\u00f6z\u00f6tt \u00e1tadta hivatal\u00e1t h\u00e9tf\u0151n Frankfurtban Mario Draghi, az Eur\u00f3pai K\u00f6zponti Bank eln\u00f6ke ut\u00f3dj\u00e1nak, Christine Lagarde-nak.<\/strong><!--more--><\/p>\n<div class=\"ads-in-post1\"><div id=\"gazdasagportal.hu_fullbanner_wideboard\"><\/div>\r\n<\/div>\n<p>     Az eur\u00f3paiak a globaliz\u00e1lt vil\u00e1gban csak egy\u00fcttm\u0171k\u00f6d\u00e9ssel tudj\u00e1k megteremteni az emberek biztons\u00e1gra \u00e9s j\u00f3l\u00e9tre ir\u00e1nyul\u00f3 ig\u00e9nyeinek megfelel\u0151 &#8222;igazi szuverenit\u00e1st&#8221; &#8211; emelte ki b\u00facs\u00fabesz\u00e9d\u00e9ben Mario Draghi.<br \/>\n    Mint mondta, az egy\u00fcttm\u0171k\u00f6d\u00e9s r\u00e9v\u00e9n meg lehet v\u00e9deni az eur\u00f3paiak \u00e9rdekeit a vil\u00e1ggazdas\u00e1gban, lehet dacolni k\u00fclf\u00f6ldi hatalmak nyom\u00e1s\u00e1val, lehet form\u00e1lni a glob\u00e1lis szab\u00e1lyokat, hogy t\u00fckr\u00f6zz\u00e9k az eur\u00f3pai standardokat, elveket, \u00e9s r\u00e1 lehet b\u00edrni a glob\u00e1lis v\u00e1llalatokat, hogy az eur\u00f3pai \u00e9rt\u00e9keknek megfelel\u0151en tev\u00e9kenykedjenek.<br \/>\n    Mindezt egyetlen orsz\u00e1g sem tudja el\u00e9rni egyed\u00fcl, &#8222;a globaliz\u00e1lt vil\u00e1gban a szuverenit\u00e1s megoszt\u00e1sa vezet a szuverenit\u00e1s megszerz\u00e9s\u00e9hez&#8221; &#8211; h\u00fazta al\u00e1 Mario Draghi, aki 2011. november 1-je \u00f3ta az EKB eln\u00f6ke, \u00e9s p\u00e9nteken, november 1-j\u00e9n k\u00f6veti \u0151t a tiszts\u00e9gben Christine Lagarde.<br \/>\n<div class=\"ads-in-post2\"><script async src=\"https:\/\/pagead2.googlesyndication.com\/pagead\/js\/adsbygoogle.js\"><\/script>\r\n<ins class=\"adsbygoogle\"\r\n     style=\"display:block\"\r\n     data-ad-format=\"fluid\"\r\n     data-ad-layout-key=\"-6t+ed+2i-1n-4w\"\r\n     data-ad-client=\"ca-pub-1959107119989764\"\r\n     data-ad-slot=\"4008251320\"><\/ins>\r\n<script>\r\n     (adsbygoogle = window.adsbygoogle || []).push({});\r\n<\/script><\/div>\n    Az eur\u00f3\u00f6vezet el\u0151tt \u00e1ll\u00f3 kih\u00edv\u00e1sokr\u00f3l kiemelte, hogy ki kell alak\u00edtani egy k\u00f6z\u00f6s eur\u00f3\u00f6vezeti &#8222;p\u00e9nz\u00fcgyi eszk\u00f6zt&#8221;, amely el\u00e9g nagy a monet\u00e1ris uni\u00f3 stabiliz\u00e1l\u00e1s\u00e1hoz, m\u00e9gsem \u00f6szt\u00f6n\u00f6z felel\u0151tlens\u00e9gre, nem j\u00e1r kezelhetetlen &#8222;erk\u00f6lcsi kock\u00e1zatokkal&#8221; gazdas\u00e1gpolitikai, p\u00e9nz\u00fcgypolitikai \u00e9rtelemben.<br \/>\n    Ennek az eszk\u00f6znek a megteremt\u00e9se hossz\u00fa folyamatnak \u00edg\u00e9rkezik, t\u00f6k\u00e9letes megold\u00e1s pedig nincsen &#8211; jegyezte meg az EKB t\u00e1voz\u00f3 eln\u00f6ke.<br \/>\n    Az \u00fcnneps\u00e9gen besz\u00e9det mondott m\u00e1sok mellett Emmanuel Macron francia \u00e9s Sergio Mattarella olasz \u00e1llamf\u0151, valamint Angela Merkel n\u00e9met kancell\u00e1r. Valamennyien kifejezt\u00e9k nagyrabecs\u00fcl\u00e9s\u00fcket az olasz p\u00e9nz\u00fcgyi szakember EKB-eln\u00f6ki tev\u00e9kenys\u00e9ge ir\u00e1nt, kiemelve, hogy munk\u00e1ja nagyban hozz\u00e1j\u00e1rult a 2008-ban elm\u00e9ly\u00fclt glob\u00e1lis p\u00e9nz\u00fcgyi v\u00e1ls\u00e1g \u00e9s a nyom\u00e1ban kialakult eur\u00f3\u00f6vezeti \u00e1llamad\u00f3ss\u00e1g-v\u00e1ls\u00e1g lek\u00fczd\u00e9s\u00e9hez.<br \/>\n    Angela Merkel hangs\u00falyozta: Mario Draghi hat\u00e1rozottan \u00e9s sikerrel vezette \u00e1t a k\u00f6z\u00f6s p\u00e9nzt haszn\u00e1l\u00f3 eur\u00f3pai uni\u00f3s tagorsz\u00e1gok k\u00f6zponti bankj\u00e1t az ut\u00f3bbi \u00e9vek viharain, \u00e9s nemcsak az EKB f\u00fcggetlens\u00e9g\u00e9nek \u00e9s az eur\u00f3\u00f6vezet egys\u00e9g\u00e9nek \u00e9s stabilit\u00e1s\u00e1nak meg\u0151rz\u00e9s\u00e9ben szerzett \u00e9rdemeket, hanem a valutauni\u00f3 tov\u00e1bbfejleszt\u00e9s\u00e9ben is, amit a k\u00f6z\u00f6s bankfel\u00fcgyeleti rendszer kialak\u00edt\u00e1sa is jelez.<br \/>\n    Christine Lagarde a Nemzetk\u00f6zi Valutaalapt\u00f3l (IMF) \u00e9rkezik az EKB-hez. Az ut\u00f3bbi nyolc \u00e9vben vez\u00e9rigazgat\u00f3 volt a nemzetk\u00f6zi p\u00e9nz\u00fcgyi szervezetn\u00e9l, el\u0151tte pedig p\u00e9nz\u00fcgyminiszter a haz\u00e1j\u00e1ban, Franciaorsz\u00e1gban. \u0150 lesz az els\u0151 n\u0151 az EKB eln\u00f6ki tiszts\u00e9g\u00e9ben.(MTI)<\/p>\n","protected":false},"excerpt":{"rendered":"<p>\u00dcnnep\u00e9lyes keretek k\u00f6z\u00f6tt \u00e1tadta hivatal\u00e1t h\u00e9tf\u0151n Frankfurtban Mario Draghi, az Eur\u00f3pai K\u00f6zponti Bank eln\u00f6ke ut\u00f3dj\u00e1nak, Christine Lagarde-nak.<\/p>\n","protected":false},"author":1001003,"featured_media":0,"comment_status":"closed","ping_status":"open","sticky":false,"template":"","format":"standard","meta":[],"categories":[12,246],"tags":[],"_links":{"self":[{"href":"https:\/\/gazdasagportal.hu\/index.php\/wp-json\/wp\/v2\/posts\/120817"}],"collection":[{"href":"https:\/\/gazdasagportal.hu\/index.php\/wp-json\/wp\/v2\/posts"}],"about":[{"href":"https:\/\/gazdasagportal.hu\/index.php\/wp-json\/wp\/v2\/types\/post"}],"author":[{"embeddable":true,"href":"https:\/\/gazdasagportal.hu\/index.php\/wp-json\/wp\/v2\/users\/1001003"}],"replies":[{"embeddable":true,"href":"https:\/\/gazdasagportal.hu\/index.php\/wp-json\/wp\/v2\/comments?post=120817"}],"version-history":[{"count":1,"href":"https:\/\/gazdasagportal.hu\/index.php\/wp-json\/wp\/v2\/posts\/120817\/revisions"}],"predecessor-version":[{"id":120818,"href":"https:\/\/gazdasagportal.hu\/index.php\/wp-json\/wp\/v2\/posts\/120817\/revisions\/120818"}],"wp:attachment":[{"href":"https:\/\/gazdasagportal.hu\/index.php\/wp-json\/wp\/v2\/media?parent=120817"}],"wp:term":[{"taxonomy":"category","embeddable":true,"href":"https:\/\/gazdasagportal.hu\/index.php\/wp-json\/wp\/v2\/categories?post=120817"},{"taxonomy":"post_tag","embeddable":true,"href":"https:\/\/gazdasagportal.hu\/index.php\/wp-json\/wp\/v2\/tags?post=120817"}],"curies":[{"name":"wp","href":"https:\/\/api.w.org\/{rel}","templated":true}]}}