{"id":120813,"date":"2019-10-29T13:34:34","date_gmt":"2019-10-29T11:34:34","guid":{"rendered":"http:\/\/gazdasagportal.hu\/?p=120813"},"modified":"2019-10-28T22:35:30","modified_gmt":"2019-10-28T20:35:30","slug":"oeconomus-alapitvany-a-gdp-emelkedese-mellett-a-lakossag-fogyasztasa-egyre-jobban-nott","status":"publish","type":"post","link":"https:\/\/gazdasagportal.hu\/index.php\/oeconomus-alapitvany-a-gdp-emelkedese-mellett-a-lakossag-fogyasztasa-egyre-jobban-nott\/","title":{"rendered":"Oeconomus Alap\u00edtv\u00e1ny: a GDP emelked\u00e9se mellett a lakoss\u00e1g fogyaszt\u00e1sa egyre jobban n\u0151tt"},"content":{"rendered":"<p><strong>Az elm\u00falt nyolc \u00e9vbent a korm\u00e1ny j\u00f3l teljes\u00edtett, a GDP n\u00f6veked\u00e9s\u00e9b\u0151l a lakoss\u00e1g egyre nagyobb ar\u00e1nyban r\u00e9szesedett, a fogyaszt\u00e1sa n\u0151tt &#8211; mondta Sebesty\u00e9n G\u00e9za, a Budapesti Corvinus Egyetem oktat\u00f3ja, az Oeconomus Gazdas\u00e1gkutat\u00f3 Alap\u00edtv\u00e1ny kutat\u00e1si igazgat\u00f3ja h\u00e9tf\u0151n Budapesten, az alap\u00edtv\u00e1ny gazdas\u00e1gpolitikai konferenci\u00e1j\u00e1n.<\/strong><!--more--><\/p>\n<div class=\"ads-in-post1\"><div id=\"gazdasagportal.hu_fullbanner_wideboard\"><\/div>\r\n<\/div>\n<p>    Sebesty\u00e9n G\u00e9za kifejtette: az elm\u00falt \u00e9vekben Magyarorsz\u00e1g nemcsak r\u00e9gi\u00f3s, hanem vil\u00e1gviszonylatban is kiugr\u00f3an magas n\u00f6veked\u00e9si r\u00e1t\u00e1kat tudott felmutatni. A gazdas\u00e1gi teljes\u00edtm\u00e9ny javul\u00e1sa r\u00e1ad\u00e1sul 2010 \u00f3ta a lakoss\u00e1gi fogyaszt\u00e1si adatokban is megmutatkozik, azaz az orsz\u00e1g siker\u00e9b\u0151l imm\u00e1r a magyar \u00e1llampolg\u00e1rok is r\u00e9szes\u00fclnek &#8211; mutatott r\u00e1.<br \/>\n    Jelezte: nemzetk\u00f6zi szinten is kiugr\u00f3an magas a hazai gazdas\u00e1gi n\u00f6veked\u00e9s, a brutt\u00f3 hazai term\u00e9k szezon\u00e1lisan \u00e9s napt\u00e1rhat\u00e1ssal kiigaz\u00edtott adatok szerint 5,1 sz\u00e1zal\u00e9kkal n\u0151tt 2019 m\u00e1sodik negyed\u00e9v\u00e9ben, \u00e9s 5,2 sz\u00e1zal\u00e9kkal az els\u0151 f\u00e9l \u00e9v eg\u00e9sz\u00e9ben 2018 azonos id\u0151szak\u00e1hoz k\u00e9pest.<br \/>\n    R\u00e1mutatott: Magyarorsz\u00e1g 2019 mindk\u00e9t negyed\u00e9v\u00e9ben vil\u00e1gszinten a harmadik leger\u0151sebb n\u00f6veked\u00e9st tudta felmutatni a jelenlegi OECD adatok szerint. &#8222;Ezek nem egyszeri fell\u00e1ngol\u00e1sok, Magyarorsz\u00e1g 2017 v\u00e9ge \u00f3ta folyamatosan 5 sz\u00e1zal\u00e9k k\u00f6r\u00fcli, vagy a feletti n\u00f6veked\u00e9ssel b\u00fcszk\u00e9lkedhet &#8211; emelte ki a Corvinus Egyetem oktat\u00f3ja.<br \/>\n<div class=\"ads-in-post2\"><script async src=\"https:\/\/pagead2.googlesyndication.com\/pagead\/js\/adsbygoogle.js\"><\/script>\r\n<ins class=\"adsbygoogle\"\r\n     style=\"display:block\"\r\n     data-ad-format=\"fluid\"\r\n     data-ad-layout-key=\"-6t+ed+2i-1n-4w\"\r\n     data-ad-client=\"ca-pub-1959107119989764\"\r\n     data-ad-slot=\"4008251320\"><\/ins>\r\n<script>\r\n     (adsbygoogle = window.adsbygoogle || []).push({});\r\n<\/script><\/div>\n    Sebesty\u00e9n G\u00e9za hangs\u00falyozta: a magyar fogyaszt\u00f3k is \u00f6r\u00fclhetnek az orsz\u00e1g gazdas\u00e1gi sikereinek, a lakoss\u00e1g r\u00e9szesed\u00e9se az orsz\u00e1g gazdas\u00e1gi sikereib\u0151l nemcsak kiemelked\u0151en magas, de egyben fenntarthat\u00f3 is. Elmondhat\u00f3, hogy m\u00edg a gazdas\u00e1gi siker a fogyaszt\u00f3kn\u00e1l igen alacsony m\u00e9rt\u00e9kben csap\u00f3dott le a 2002-2010-es \u00e9vekben Magyarorsz\u00e1gon, addig 2010 \u00f3ta a hazai fogyaszt\u00f3k l\u00e9nyeg\u00e9ben szinte teljes m\u00e9rt\u00e9kben r\u00e9szes\u00fclnek az orsz\u00e1g gazdas\u00e1gi eredm\u00e9nyeib\u0151l. R\u00e1mutatott: 1 sz\u00e1zal\u00e9kpontos gazdas\u00e1gi b\u0151v\u00fcl\u00e9sb\u0151l a magyar lakoss\u00e1g 0,92 sz\u00e1zal\u00e9kponttal r\u00e9szesedett.<br \/>\n    Banai \u00c1d\u00e1m, a Magyar Nemzeti Bank (MNB) igazgat\u00f3ja arr\u00f3l besz\u00e9lt, hogy 2013 \u00f3ta a kereskedelmi bankok hitelez\u00e9se folyamatosan n\u0151, ez nagyr\u00e9szt a n\u00f6veked\u00e9si hitelprogramnak, az nhp-nak volt k\u00f6sz\u00f6nhet\u0151.<br \/>\n    R\u00e1mutatott: a kis- \u00e9s k\u00f6z\u00e9pv\u00e1llalati (kkv) szektor fontos t\u00e1mogat\u00f3ja a magyar bankrendszer, a hitel-bet\u00e9t mutat\u00f3 szerint a bet\u00e9tek \u00f6sszege meghaladja a hitelek\u00e9t, vagyis a magyarorsz\u00e1gi bankok hazai forr\u00e1sb\u00f3l hiteleznek, \u00e9s van tere a finansz\u00edroz\u00e1s b\u0151v\u00fcl\u00e9s\u00e9nek.<br \/>\n    Jelezte: a kkv-szektor egyik nagy kock\u00e1zata, hogy alacsony a termel\u00e9kenys\u00e9g, mind az uni\u00f3s orsz\u00e1gok \u00e1tlag\u00e1hoz, mind az osztr\u00e1khoz k\u00e9pest jelent\u0151s a lemarad\u00e1s. A termel\u00e9kenys\u00e9gre negat\u00edvan hat a lakhat\u00e1s dr\u00e1ga k\u00f6lts\u00e9ge, r\u00e1ad\u00e1sul a hazai b\u00e9rez\u00e9s mellett ez is a k\u00fclf\u00f6ldi munkav\u00e1llal\u00e1st \u00f6szt\u00f6nzi.<br \/>\n    R\u00e1mutatott: tov\u00e1bbi nagy kih\u00edv\u00e1s a kkv-szektor sz\u00e1m\u00e1ra a gener\u00e1ci\u00f3v\u00e1lt\u00e1s. A rendszerv\u00e1lt\u00e1skor m\u00e9g a harmincas \u00e9veikben j\u00e1r\u00f3 v\u00e1llalkoz\u00f3k a k\u00f6vetkez\u0151 \u00e9vekben mennek nyugd\u00edjba, \u00e9s sok esetben a gyerekeik nem v\u00e1llalkoznak az ut\u00f3dl\u00e1sra, a c\u00e9gek \u00f6t\u00f6d\u00e9n\u00e9l ez nagy gond. A csal\u00e1di v\u00e1llalkoz\u00e1sok 30 sz\u00e1zal\u00e9ka \u00e9li t\u00fal az els\u0151 gener\u00e1ci\u00f3v\u00e1lt\u00e1st sikeresen az Egyes\u00fclt \u00c1llamokban, fele Olaszorsz\u00e1gban. A sikertelens\u00e9g oka, hogy a v\u00e1llalkoz\u00e1sok tulajdonosai nem nevelik ki a k\u00f6vetkez\u0151 menedzsmentet. Az egyszem\u00e9lyes d\u00f6nt\u00e9si mechanizmus jellemz\u0151, \u00edgy a vezet\u0151 nyugd\u00edjba menetele megb\u00e9n\u00edthatja a c\u00e9get &#8211; jelezte.<br \/>\n    Banai \u00c1d\u00e1m szerint nagyobb figyelmet kellene ford\u00edtani a kis c\u00e9gek digit\u00e1lis oktat\u00e1s\u00e1ra, \u00e1talak\u00edt\u00e1s\u00e1ra is.<br \/>\n    Az Oeconomus Gazdas\u00e1gkutat\u00f3 Alap\u00edtv\u00e1ny azzal a c\u00e9llal ind\u00edtotta el gazdas\u00e1gpolitikai konferenciasorozat\u00e1t, hogy az elm\u00falt id\u0151szak, a magyar gazdas\u00e1g eredm\u00e9nyeit a &#8222;realit\u00e1s talaj\u00e1n mutassa be&#8221;, \u00e9s r\u00e1vil\u00e1g\u00edtson arra, hogy a magyar modell j\u00f3l m\u0171k\u00f6dik.(MTI)<\/p>\n","protected":false},"excerpt":{"rendered":"<p>Az elm\u00falt nyolc \u00e9vbent a korm\u00e1ny j\u00f3l teljes\u00edtett, a GDP n\u00f6veked\u00e9s\u00e9b\u0151l a lakoss\u00e1g egyre nagyobb ar\u00e1nyban r\u00e9szesedett, a fogyaszt\u00e1sa n\u0151tt &#8211; mondta Sebesty\u00e9n G\u00e9za, a Budapesti Corvinus Egyetem oktat\u00f3ja, az Oeconomus Gazdas\u00e1gkutat\u00f3 Alap\u00edtv\u00e1ny kutat\u00e1si igazgat\u00f3ja h\u00e9tf\u0151n Budapesten, az alap\u00edtv\u00e1ny gazdas\u00e1gpolitikai konferenci\u00e1j\u00e1n.<\/p>\n","protected":false},"author":1001003,"featured_media":0,"comment_status":"closed","ping_status":"open","sticky":false,"template":"","format":"standard","meta":[],"categories":[19],"tags":[],"_links":{"self":[{"href":"https:\/\/gazdasagportal.hu\/index.php\/wp-json\/wp\/v2\/posts\/120813"}],"collection":[{"href":"https:\/\/gazdasagportal.hu\/index.php\/wp-json\/wp\/v2\/posts"}],"about":[{"href":"https:\/\/gazdasagportal.hu\/index.php\/wp-json\/wp\/v2\/types\/post"}],"author":[{"embeddable":true,"href":"https:\/\/gazdasagportal.hu\/index.php\/wp-json\/wp\/v2\/users\/1001003"}],"replies":[{"embeddable":true,"href":"https:\/\/gazdasagportal.hu\/index.php\/wp-json\/wp\/v2\/comments?post=120813"}],"version-history":[{"count":1,"href":"https:\/\/gazdasagportal.hu\/index.php\/wp-json\/wp\/v2\/posts\/120813\/revisions"}],"predecessor-version":[{"id":120814,"href":"https:\/\/gazdasagportal.hu\/index.php\/wp-json\/wp\/v2\/posts\/120813\/revisions\/120814"}],"wp:attachment":[{"href":"https:\/\/gazdasagportal.hu\/index.php\/wp-json\/wp\/v2\/media?parent=120813"}],"wp:term":[{"taxonomy":"category","embeddable":true,"href":"https:\/\/gazdasagportal.hu\/index.php\/wp-json\/wp\/v2\/categories?post=120813"},{"taxonomy":"post_tag","embeddable":true,"href":"https:\/\/gazdasagportal.hu\/index.php\/wp-json\/wp\/v2\/tags?post=120813"}],"curies":[{"name":"wp","href":"https:\/\/api.w.org\/{rel}","templated":true}]}}