{"id":120802,"date":"2019-10-28T17:14:41","date_gmt":"2019-10-28T15:14:41","guid":{"rendered":"http:\/\/gazdasagportal.hu\/?p=120802"},"modified":"2019-10-28T17:14:41","modified_gmt":"2019-10-28T15:14:41","slug":"2019-ben-mar-egyertelmuen-a-digitalizacio-hajtotta-a-flottapiacot","status":"publish","type":"post","link":"https:\/\/gazdasagportal.hu\/index.php\/2019-ben-mar-egyertelmuen-a-digitalizacio-hajtotta-a-flottapiacot\/","title":{"rendered":"2019-ben m\u00e1r egy\u00e9rtelm\u0171en a digitaliz\u00e1ci\u00f3 hajtotta a flottapiacot"},"content":{"rendered":"<p style=\"font-weight: 400;\"><strong>\u00d3ri\u00e1si lend\u00fcletet vett 2019-ben az adatalap\u00fa oper\u00e1ci\u00f3 az Arval tapasztalatai szerint. A hazai g\u00e9pj\u00e1rm\u0171 tart\u00f3s b\u00e9rleti \u00e9s j\u00e1rm\u0171park kezel\u00e9si piac meghat\u00e1roz\u00f3 szak\u00e9rt\u0151je r\u00e1ad\u00e1sul azt prognosztiz\u00e1lja, hogy a leg\u00fajabb okosmegold\u00e1sok t\u00e9rnyer\u00e9s\u00e9vel a trend a k\u00f6vetkez\u0151 \u00e9vekben egyre intenz\u00edvebb lesz. Az adatvez\u00e9relt m\u0171k\u00f6d\u00e9s azonban szolg\u00e1ltat\u00f3i r\u00e9szr\u0151l komoly informatikai befektet\u00e9st, \u00fcgyf\u00e9loldalon pedig t\u00f6bb nyitotts\u00e1got, vagyis a jelenlegin\u00e9l sz\u00e9lesebb k\u00f6r\u0171 adatszolg\u00e1ltat\u00e1st ig\u00e9nyelne.<\/strong><\/p>\n<p><!--more--><\/p>\n<div class=\"ads-in-post1\"><div id=\"gazdasagportal.hu_fullbanner_wideboard\"><\/div>\r\n<\/div>\n<p style=\"font-weight: 400;\"><strong>\u00a0<\/strong><\/p>\n<p style=\"font-weight: 400;\">Sz\u00e1mos ipar\u00e1gban m\u00e1r szinte k\u00f6zhely, hogy az adatk\u00f6zpont\u00fa megold\u00e1sok egyar\u00e1nt rendk\u00edv\u00fcli el\u0151ny\u00f6ket ny\u00fajtanak a mindennapi m\u0171k\u00f6d\u00e9s \u00e9s a hossz\u00fa t\u00e1v\u00fa eredm\u00e9nyess\u00e9g ter\u00e9n. Nincs ez m\u00e1sk\u00e9pp a flottakezel\u00e9sben sem: nem csak a j\u00e1rm\u0171park kezel\u00e9se egyszer\u0171s\u00f6dik, gyorsul, automatiz\u00e1l\u00f3dik, de a v\u00e1llalatok is \u00e1tfog\u00f3bb k\u00e9pet kaphatnak flott\u00e1jukr\u00f3l, vagy ak\u00e1r az abban megfigyelhet\u0151 haszn\u00e1lati szok\u00e1sokr\u00f3l, mikro- \u00e9s makroszint\u0171 mint\u00e1kr\u00f3l. Az intelligens rendszerek \u00e9s r\u00e9szletes adatok seg\u00edts\u00e9g\u00e9vel teh\u00e1t sokkal pontosabb, ak\u00e1r az egy\u00e9n szintj\u00e9ig kidolgozott c\u00e9gaut\u00f3 strat\u00e9gi\u00e1k is megval\u00f3s\u00edthat\u00f3k.<\/p>\n<p style=\"font-weight: 400;\"><strong>\u00a0<\/strong><\/p>\n<p style=\"font-weight: 400;\">Az Arval szerint mindez a flottakezel\u0151k sz\u00e1m\u00e1ra komoly kih\u00edv\u00e1s \u00e9s egy\u00fattal felel\u0151ss\u00e9g is, hiszen az informatikai h\u00e1tt\u00e9r megteremt\u00e9se jelent\u0151s befektet\u00e9st ig\u00e9nyel.\u00a0<em>\u201eNem is olyan r\u00e9gen m\u00e9g az adatalap\u00fa tervez\u00e9s a j\u00e1rm\u0171vek fut\u00e1steljes\u00edtm\u00e9ny\u00e9re \u00e9s a fogyaszt\u00e1sra korl\u00e1toz\u00f3dott. Ma m\u00e1r azonban a technika seg\u00edts\u00e9g\u00e9vel k\u00e9pesek vagyunk arra is, hogy a m\u0171szaki \u00e1llapot predikt\u00edv kezel\u00e9s\u00e9vel, sof\u0151r attit\u0171dj\u00e9vel vagy ak\u00e1r a gyakran haszn\u00e1lt \u00fatvonalak optimaliz\u00e1l\u00e1s\u00e1val, a megtervezett tankol\u00e1sokkal \u00e9s m\u00e1s t\u00e9nyez\u0151kkel kapcsolatban k\u00f6vetkeztet\u00e9seket vonjunk le, ak\u00e1r egy teljes flott\u00e1ra, ak\u00e1r annak egyetlen egys\u00e9g\u00e9re vonatkoz\u00f3an\u201d<\/em>\u00a0\u2013 mondja\u00a0<strong>Kov\u00e1ch Krist\u00f3f, az Arval Magyarorsz\u00e1g \u00e9rt\u00e9kes\u00edt\u00e9si igazgat\u00f3ja<\/strong>.<\/p><div id=\"gazda-3911828218\" class=\"gazda-tartalomban gazda-entity-placement\"><script async src=\"https:\/\/pagead2.googlesyndication.com\/pagead\/js\/adsbygoogle.js\"><\/script>\r\n<ins class=\"adsbygoogle\"\r\n     style=\"display:block\"\r\n     data-ad-format=\"fluid\"\r\n     data-ad-layout-key=\"-6t+ed+2i-1n-4w\"\r\n     data-ad-client=\"ca-pub-1959107119989764\"\r\n     data-ad-slot=\"4008251320\"><\/ins>\r\n<script>\r\n     (adsbygoogle = window.adsbygoogle || []).push({});\r\n<\/script><\/div>\n<p style=\"font-weight: 400;\"><em>\u201eEz persze sok fejleszt\u00e9st, k\u00f6vetkez\u00e9sk\u00e9ppen jelent\u0151s beruh\u00e1z\u00e1sokat k\u00edv\u00e1n a flottakezel\u0151k r\u00e9sz\u00e9r\u0151l. A glob\u00e1lis h\u00e1tt\u00e9rnek k\u00f6sz\u00f6nhet\u0151en az Arvaln\u00e1l ez \u00e9vekkel ezel\u0151tt megt\u00f6rt\u00e9nt, meg\u00faj\u00edtottuk bels\u0151 h\u00e1tt\u00e9rrendszereinket, valamint l\u00e9trehoztunk \u00fcgyfeleink sz\u00e1m\u00e1ra saj\u00e1t fejleszt\u00e9s\u0171 Arval Active Link telemetriai rendszer\u00fcnket \u00e9s a My Arval j\u00e1rm\u0171- \u00e9s flottakezel\u0151 applik\u00e1ci\u00f3nkat.\u201d<\/em><\/p>\n<p style=\"font-weight: 400;\">\n<p style=\"font-weight: 400;\">A technol\u00f3giai h\u00e1tt\u00e9r megalapoz\u00e1sa mellett legal\u00e1bb ugyanakkora kih\u00edv\u00e1s a megfelel\u0151 m\u00e9rt\u00e9k\u0171 \u00fcgyf\u00e9ltudatoss\u00e1g megteremt\u00e9se. A hazai v\u00e1llalatok sikeresen felismert\u00e9k az adatokban rejl\u0151 hatalmas \u00e9rt\u00e9ket, de a sz\u00e1mok azt mutatj\u00e1k, hogy a struktur\u00e1lt adatszolg\u00e1ltat\u00e1sra ma m\u00e9g viszonylag kevesen sz\u00e1nnak er\u0151forr\u00e1st.<\/p>\n<p style=\"font-weight: 400;\">\n<div class=\"ads-in-post2\"><script async src=\"https:\/\/pagead2.googlesyndication.com\/pagead\/js\/adsbygoogle.js\"><\/script>\r\n<ins class=\"adsbygoogle\"\r\n     style=\"display:block\"\r\n     data-ad-format=\"fluid\"\r\n     data-ad-layout-key=\"-6t+ed+2i-1n-4w\"\r\n     data-ad-client=\"ca-pub-1959107119989764\"\r\n     data-ad-slot=\"4008251320\"><\/ins>\r\n<script>\r\n     (adsbygoogle = window.adsbygoogle || []).push({});\r\n<\/script><\/div>\n<p style=\"font-weight: 400;\"><em>\u201eTapasztalataink szerint a hazai v\u00e1llalatok k\u00f6z\u00fcl kevesen j\u00e1rnak m\u00e9g a tudatoss\u00e1g ilyen szintj\u00e9n, pedig megfelel\u0151en kidolgozott, biztons\u00e1gos folyamatok eset\u00e9n \u00e9sszer\u0171, v\u00e9gs\u0151 soron pedig j\u00f6vedelmez\u0151 d\u00f6nt\u00e9s az adatok haszn\u00e1latba v\u00e9tele, hiszen a fejlett eszk\u00f6z\u00f6k seg\u00edts\u00e9g\u00e9vel m\u00e9g hat\u00e9konyabb, gyorsabb, ak\u00e1r szem\u00e9lyre szabott is lehet a szolg\u00e1ltat\u00e1s. Az Arval hazai portfoli\u00f3j\u00e1t tekintve ez azt jelenti, hogy ma mind\u00f6ssze az \u00fcgyfelek alig t\u00f6bb mint harmada, 35%-a biztos\u00edtja az \u00f6sszes olyan adatot, ami a fejlett informatikai rendszerek teljesk\u00f6r\u0171 kihaszn\u00e1l\u00e1s\u00e1hoz sz\u00fcks\u00e9ges. Ez a kezelt flotta m\u00e9ret\u00e9re vet\u00edtve azt jelenti, hogy csak minden kilencedik aut\u00f3 eset\u00e9n \u00e1ll rendelkez\u00e9sre elegend\u0151 inform\u00e1ci\u00f3 ahhoz, hogy a szolg\u00e1ltat\u00e1sainkb\u00f3l kihozhassuk a maximumot.\u201d<\/em><\/p>\n<p style=\"font-weight: 400;\">Az Arval Magyarorsz\u00e1g kiemelt c\u00e9lja, hogy \u00fcgyfeleinek adatszolg\u00e1ltat\u00e1si ar\u00e1nya 2020 v\u00e9g\u00e9re 75%-ra emelkedjen. Mindez nemcsak az IoT megold\u00e1sok hat\u00e9kony alkalmaz\u00e1s\u00e1nak alapja, hanem annak is el\u0151felt\u00e9tele, hogy a c\u00e9g felk\u00e9sz\u00fclhessen az \u00fajabb intelligens mobilit\u00e1si megold\u00e1sok fogad\u00e1s\u00e1ra, legyen sz\u00f3 \u00f6nvezet\u0151 vagy automatikusan vez\u00e9relt j\u00e1rm\u0171vekr\u0151l, vagy rendszerszinten kapcsolt k\u00f6zleked\u00e9si eszk\u00f6z\u00f6kr\u0151l.<\/p>\n","protected":false},"excerpt":{"rendered":"<p>\u00d3ri\u00e1si lend\u00fcletet vett 2019-ben az adatalap\u00fa oper\u00e1ci\u00f3 az Arval tapasztalatai szerint. A hazai g\u00e9pj\u00e1rm\u0171 tart\u00f3s b\u00e9rleti \u00e9s j\u00e1rm\u0171park kezel\u00e9si piac meghat\u00e1roz\u00f3 szak\u00e9rt\u0151je r\u00e1ad\u00e1sul azt prognosztiz\u00e1lja, hogy a leg\u00fajabb okosmegold\u00e1sok t\u00e9rnyer\u00e9s\u00e9vel a trend a k\u00f6vetkez\u0151 \u00e9vekben egyre intenz\u00edvebb lesz. Az adatvez\u00e9relt m\u0171k\u00f6d\u00e9s azonban szolg\u00e1ltat\u00f3i r\u00e9szr\u0151l komoly informatikai befektet\u00e9st, \u00fcgyf\u00e9loldalon pedig t\u00f6bb nyitotts\u00e1got, vagyis a jelenlegin\u00e9l sz\u00e9lesebb &#8230;<\/p>\n","protected":false},"author":1,"featured_media":0,"comment_status":"closed","ping_status":"open","sticky":false,"template":"","format":"standard","meta":[],"categories":[19],"tags":[],"_links":{"self":[{"href":"https:\/\/gazdasagportal.hu\/index.php\/wp-json\/wp\/v2\/posts\/120802"}],"collection":[{"href":"https:\/\/gazdasagportal.hu\/index.php\/wp-json\/wp\/v2\/posts"}],"about":[{"href":"https:\/\/gazdasagportal.hu\/index.php\/wp-json\/wp\/v2\/types\/post"}],"author":[{"embeddable":true,"href":"https:\/\/gazdasagportal.hu\/index.php\/wp-json\/wp\/v2\/users\/1"}],"replies":[{"embeddable":true,"href":"https:\/\/gazdasagportal.hu\/index.php\/wp-json\/wp\/v2\/comments?post=120802"}],"version-history":[{"count":1,"href":"https:\/\/gazdasagportal.hu\/index.php\/wp-json\/wp\/v2\/posts\/120802\/revisions"}],"predecessor-version":[{"id":120803,"href":"https:\/\/gazdasagportal.hu\/index.php\/wp-json\/wp\/v2\/posts\/120802\/revisions\/120803"}],"wp:attachment":[{"href":"https:\/\/gazdasagportal.hu\/index.php\/wp-json\/wp\/v2\/media?parent=120802"}],"wp:term":[{"taxonomy":"category","embeddable":true,"href":"https:\/\/gazdasagportal.hu\/index.php\/wp-json\/wp\/v2\/categories?post=120802"},{"taxonomy":"post_tag","embeddable":true,"href":"https:\/\/gazdasagportal.hu\/index.php\/wp-json\/wp\/v2\/tags?post=120802"}],"curies":[{"name":"wp","href":"https:\/\/api.w.org\/{rel}","templated":true}]}}