{"id":120800,"date":"2019-10-28T16:36:50","date_gmt":"2019-10-28T14:36:50","guid":{"rendered":"http:\/\/gazdasagportal.hu\/?p=120800"},"modified":"2019-10-28T16:36:50","modified_gmt":"2019-10-28T14:36:50","slug":"a-kicsik-profitalhatnak-a-budapesti-coworking-piac-atalakulasabol","status":"publish","type":"post","link":"https:\/\/gazdasagportal.hu\/index.php\/a-kicsik-profitalhatnak-a-budapesti-coworking-piac-atalakulasabol\/","title":{"rendered":"A kicsik profit\u00e1lhatnak a budapesti coworking piac \u00e1talakul\u00e1s\u00e1b\u00f3l"},"content":{"rendered":"<p><strong>A magyar f\u0151v\u00e1rosban is egyre t\u00f6bb nagy alapter\u00fclet\u0171 k\u00f6z\u00f6ss\u00e9gi iroda l\u00e9tes\u00fcl, \u00f6sszhangban a glob\u00e1lis trendekkel. Ugyanakkor ez a kisebb, n\u00e9h\u00e1ny tucat f\u0151nek otthont ad\u00f3 k\u00f6z\u00f6ss\u00e9geknek is j\u00f3t tehet \u2013 v\u00e9lekedik Mekis D\u00e1niel, a Muse coworking alap\u00edt\u00f3ja.<\/strong><!--more--><\/p>\n<div class=\"ads-in-post1\"><div id=\"gazdasagportal.hu_fullbanner_wideboard\"><\/div>\r\n<\/div>\n<p>D\u00f6bbenetes iramban n\u00f6vekszik a k\u00f6z\u00f6ss\u00e9gi irod\u00e1k sz\u00e1ma a vil\u00e1gon. A piac lend\u00fclet\u00e9t j\u00f3l mutatja, hogy a coworking szolg\u00e1ltat\u00e1st ny\u00fajt\u00f3 v\u00e1llalatok sz\u00e1ma t\u00edz \u00e9v alatt <a href=\"https:\/\/www.statista.com\/chart\/19028\/coworking-spaces-worldwide\/\" target=\"_blank\" rel=\"noopener\"><strong>1000 (!) sz\u00e1zal\u00e9kkal n\u0151tt<\/strong><\/a>. Az el\u0151rejelz\u00e9sek szerint pedig j\u00f6v\u0151re m\u00e1r t\u00f6bb mint 26 ezer ilyen helysz\u00edn v\u00e1rja a dolgozni v\u00e1gy\u00f3kat. A n\u00f6veked\u00e9s \u00fcteme pedig a k\u00f6zelj\u00f6v\u0151ben sem fog megt\u00f6rni, hiszen a GCUC sz\u00e1mai szerint a vil\u00e1gon jelenleg 3,1 milli\u00f3an v\u00e1lasztj\u00e1k a \u201erugalmas munkahelyeket\u201d, m\u00edg 2022-re ez a sz\u00e1m meg fog dupl\u00e1z\u00f3dni.<\/p>\n<p>N\u00f6veked\u00e9s \u00e9s \u00e1talakul\u00e1s a k\u00f6z\u00f6ss\u00e9gi irod\u00e1kban<\/p><div id=\"gazda-605910190\" class=\"gazda-tartalomban gazda-entity-placement\"><script async src=\"https:\/\/pagead2.googlesyndication.com\/pagead\/js\/adsbygoogle.js\"><\/script>\r\n<ins class=\"adsbygoogle\"\r\n     style=\"display:block\"\r\n     data-ad-format=\"fluid\"\r\n     data-ad-layout-key=\"-6t+ed+2i-1n-4w\"\r\n     data-ad-client=\"ca-pub-1959107119989764\"\r\n     data-ad-slot=\"4008251320\"><\/ins>\r\n<script>\r\n     (adsbygoogle = window.adsbygoogle || []).push({});\r\n<\/script><\/div>\n<p>A coworking piac a k\u00f6zelm\u00faltban a <a href=\"https:\/\/www.bbc.com\/news\/business-50138354\" target=\"_blank\" rel=\"noopener\"><strong>WeWork k\u00f6r\u00fcli balh\u00e9val<\/strong><\/a> ker\u00fclt be a h\u00edrekbe, ami r\u00e1mutat a szegmens \u00e1talakul\u00e1s\u00e1ra is, hiszen egyre t\u00f6bb a helyi \u00e9s nemzetk\u00f6zi c\u00e9g, melyek nagyv\u00e1llalatok sz\u00e1m\u00e1ra biztos\u00edtanak irod\u00e1kat. A K\u00f6z\u00e9p-Eur\u00f3p\u00e1ban is akt\u00edv amerikai c\u00e9g\u00f3ri\u00e1s, melynek olyan b\u00e9rl\u0151i vannak, mint a Microsoft vagy a Puma, ugyanakkor az esem\u00e9nyek ellen\u00e9re sem \u00e1llt le a terjeszked\u00e9ssel, \u00e9s a hamarosan k\u00f6zel sz\u00e1z \u00faj helysz\u00ednt fog \u00e1tadni.<\/p>\n<div class=\"ads-in-post2\"><script async src=\"https:\/\/pagead2.googlesyndication.com\/pagead\/js\/adsbygoogle.js\"><\/script>\r\n<ins class=\"adsbygoogle\"\r\n     style=\"display:block\"\r\n     data-ad-format=\"fluid\"\r\n     data-ad-layout-key=\"-6t+ed+2i-1n-4w\"\r\n     data-ad-client=\"ca-pub-1959107119989764\"\r\n     data-ad-slot=\"4008251320\"><\/ins>\r\n<script>\r\n     (adsbygoogle = window.adsbygoogle || []).push({});\r\n<\/script><\/div>\nMindezek a beruh\u00e1z\u00e1sok pedig a projektalap\u00fa munkav\u00e9gz\u00e9s t\u00e9rnyer\u00e9s\u00e9hez vezethet\u0151k vissza, melynek \u201eaz egyik alapja a rugalmas munkahely\u201d. Erre a munkaer\u0151piacon v\u00e9gbemen\u0151 paradigmav\u00e1lt\u00e1sra h\u00edvt\u00e1k fel a figyelmet a k\u00f6zelm\u00faltban tartott Workspaces Day konferenci\u00e1n, ahol al\u00e1h\u00fazt\u00e1k, hogy a folyamat egyel\u0151re meg\u00e1ll\u00edthatatlannak t\u0171nik \u00e9s a tud\u00e1salap\u00fa gazdas\u00e1gban \u00e9rdekelt nagyv\u00e1llalatok egyre ink\u00e1bb fel fogj\u00e1k ismerni ezt. \u00c9ppen ez\u00e9rt nem meglep\u0151, hogy a nagyv\u00e1rosokban, ahol a vil\u00e1gm\u00e1rk\u00e1k m\u00e1r am\u00fagy is k\u00f6zponttal rendelkeznek, sorra ny\u00edlnak az ilyen irod\u00e1k.<\/p>\n<p>Budapest egy\u00e9rtelm\u0171en k\u00f6veti a coworking vil\u00e1gpiaci trendjeit<\/p>\n<p>Egyre adj\u00e1k \u00e1t f\u0151v\u00e1rosunkban a nagym\u00e9ret\u0171 k\u00f6z\u00f6ss\u00e9gi irod\u00e1kat a hazai \u00e9s k\u00fclf\u00f6ldi szerepl\u0151k, el\u00e9g csak a Millen\u00e1risra, vagy a luxemburgi sz\u00e9khely\u0171 Regus projektjeire gondolni \u2013 h\u00edvta fel a figyelmet Mekis D\u00e1niel. A Muse coworking alap\u00edt\u00f3ja ugyanakkor kifejtette, hogy ezek a gigaprojektek nem vesz\u00e9lyeztetik a kisebb k\u00f6z\u00f6ss\u00e9geket, hiszen el\u0151bbiek nagyobb csapatokra lettek tervezve.<\/p>\n<p>A k\u00f6z\u00f6ss\u00e9g ki\u00e9p\u00fcl\u00e9se \u00fczleti lehet\u0151s\u00e9gekhez vezet<\/p>\n<p>\u201eA nagyobb projektek m\u00e1r megjelen\u00e9s\u00fckben is ink\u00e1bb hagyom\u00e1nyos irod\u00e1ra hasonl\u00edtanak. A mi k\u00f6z\u00f6ss\u00e9gi irod\u00e1nkban minden hely egyedi, \u00edgy b\u00e1rki megtal\u00e1lhatja a szem\u00e9lyis\u00e9g\u00e9hez legink\u00e1bb ill\u0151 kis sarkot. Tov\u00e1bb\u00e1 azt mondt\u00e1k el coworkereim, hogy egy nagyobb helyen nem is tudj\u00e1k elk\u00e9pzelni, hogyan j\u00f6het l\u00e9tre olyan csal\u00e1dias hangulat, aminek a velej\u00e1r\u00f3ja a k\u00f6z\u00f6s gondolkod\u00e1s \u00e9s \u00fczletek tet\u0151 al\u00e1 hoz\u00e1sa\u201d \u2013 mondta el Mekis D\u00e1niel. A Muse <a href=\"http:\/\/musebudapest.com\/\" target=\"_blank\" rel=\"noopener\"><strong>coworking<\/strong><\/a> alap\u00edt\u00f3ja hozz\u00e1tette, hogy az ilyen extr\u00e1k miatt, mint a k\u00f6nnyebb kapcsolat\u00e9p\u00edt\u00e9si lehet\u0151s\u00e9gek \u00e9s az ir\u00e1ny\u00edtott k\u00f6z\u00f6ss\u00e9gi foglalkoz\u00e1sok, fel fognak \u00e9rt\u00e9kel\u0151dni a szem\u00e9lyesebb irod\u00e1k.<\/p>\n","protected":false},"excerpt":{"rendered":"<p>A magyar f\u0151v\u00e1rosban is egyre t\u00f6bb nagy alapter\u00fclet\u0171 k\u00f6z\u00f6ss\u00e9gi iroda l\u00e9tes\u00fcl, \u00f6sszhangban a glob\u00e1lis trendekkel. Ugyanakkor ez a kisebb, n\u00e9h\u00e1ny tucat f\u0151nek otthont ad\u00f3 k\u00f6z\u00f6ss\u00e9geknek is j\u00f3t tehet \u2013 v\u00e9lekedik Mekis D\u00e1niel, a Muse coworking alap\u00edt\u00f3ja.<\/p>\n","protected":false},"author":1,"featured_media":0,"comment_status":"closed","ping_status":"open","sticky":false,"template":"","format":"standard","meta":[],"categories":[19],"tags":[],"_links":{"self":[{"href":"https:\/\/gazdasagportal.hu\/index.php\/wp-json\/wp\/v2\/posts\/120800"}],"collection":[{"href":"https:\/\/gazdasagportal.hu\/index.php\/wp-json\/wp\/v2\/posts"}],"about":[{"href":"https:\/\/gazdasagportal.hu\/index.php\/wp-json\/wp\/v2\/types\/post"}],"author":[{"embeddable":true,"href":"https:\/\/gazdasagportal.hu\/index.php\/wp-json\/wp\/v2\/users\/1"}],"replies":[{"embeddable":true,"href":"https:\/\/gazdasagportal.hu\/index.php\/wp-json\/wp\/v2\/comments?post=120800"}],"version-history":[{"count":1,"href":"https:\/\/gazdasagportal.hu\/index.php\/wp-json\/wp\/v2\/posts\/120800\/revisions"}],"predecessor-version":[{"id":120801,"href":"https:\/\/gazdasagportal.hu\/index.php\/wp-json\/wp\/v2\/posts\/120800\/revisions\/120801"}],"wp:attachment":[{"href":"https:\/\/gazdasagportal.hu\/index.php\/wp-json\/wp\/v2\/media?parent=120800"}],"wp:term":[{"taxonomy":"category","embeddable":true,"href":"https:\/\/gazdasagportal.hu\/index.php\/wp-json\/wp\/v2\/categories?post=120800"},{"taxonomy":"post_tag","embeddable":true,"href":"https:\/\/gazdasagportal.hu\/index.php\/wp-json\/wp\/v2\/tags?post=120800"}],"curies":[{"name":"wp","href":"https:\/\/api.w.org\/{rel}","templated":true}]}}