{"id":120794,"date":"2019-10-28T15:07:48","date_gmt":"2019-10-28T13:07:48","guid":{"rendered":"http:\/\/gazdasagportal.hu\/?p=120794"},"modified":"2019-10-28T15:07:48","modified_gmt":"2019-10-28T13:07:48","slug":"nott-a-fundamenta-szerzodeses-allomanya","status":"publish","type":"post","link":"https:\/\/gazdasagportal.hu\/index.php\/nott-a-fundamenta-szerzodeses-allomanya\/","title":{"rendered":"N\u0151tt a Fundamenta szerz\u0151d\u00e9ses \u00e1llom\u00e1nya"},"content":{"rendered":"<p><strong>A lak\u00e1stakar\u00e9kok \u00e1llami t\u00e1mogat\u00e1s\u00e1nak tavalyi megsz\u00fcntet\u00e9se ellen\u00e9re a Fundamenta Lak\u00e1skassza szerz\u0151d\u00e9ses \u00e1llom\u00e1nya 12 sz\u00e1zal\u00e9kkal n\u0151tt egy \u00e9v alatt, a lak\u00e1shitelez\u00e9sben pedig 15 sz\u00e1zal\u00e9kos piaci r\u00e9szesed\u00e9st \u00e9rt el.<\/strong><!--more--><\/p>\n<div class=\"ads-in-post1\"><div id=\"gazdasagportal.hu_fullbanner_wideboard\"><\/div>\r\n<\/div>\n<p>    Morafcsik L\u00e1szl\u00f3, a Fundamenta-Lak\u00e1skassza Zrt. vez\u00e9rigazgat\u00f3-helyettese sajt\u00f3t\u00e1j\u00e9koztat\u00f3n h\u00e9tf\u0151n Budapesten elmondta, hogy az id\u00e9n szeptember v\u00e9g\u00e9n 3724 milli\u00e1rd forint volt a szerz\u0151d\u00e9ses \u00e1llom\u00e1ny az egy \u00e9vvel kor\u00e1bbi 3329 milli\u00e1rd forinttal szemben.<br \/>\n    Eml\u00e9keztetett r\u00e1, hogy a f\u0151 tev\u00e9kenys\u00e9g mellett \u00faj piacok fel\u00e9 nyitott a c\u00e9g,   Morafcsik L\u00e1szl\u00f3 a lak\u00e1skassza egyik idei legjelent\u0151sebb innov\u00e1ci\u00f3j\u00e1nak nevezte a &#8222;lakhat\u00e1si \u00f6kosziszt\u00e9ma&#8221; ki\u00e9p\u00edt\u00e9s\u00e9t. A Fundamenta elind\u00edtotta solar \u00fczlet\u00e1g\u00e1t, amelynek f\u00f3kusz\u00e1ban a napelem-rendszerek telep\u00edt\u00e9s\u00e9nek k\u00f6zvet\u00edt\u00e9se, illetve finansz\u00edroz\u00e1sa \u00e1ll. Az \u00e9v m\u00e1sik \u00fajdons\u00e1ga, hogy a Fundamenta okt\u00f3berben bel\u00e9pett az ingatlank\u00f6zvet\u00edt\u00e9s piac\u00e1ra is &#8211; tette hozz\u00e1.<br \/>\n<div class=\"ads-in-post2\"><script async src=\"https:\/\/pagead2.googlesyndication.com\/pagead\/js\/adsbygoogle.js\"><\/script>\r\n<ins class=\"adsbygoogle\"\r\n     style=\"display:block\"\r\n     data-ad-format=\"fluid\"\r\n     data-ad-layout-key=\"-6t+ed+2i-1n-4w\"\r\n     data-ad-client=\"ca-pub-1959107119989764\"\r\n     data-ad-slot=\"4008251320\"><\/ins>\r\n<script>\r\n     (adsbygoogle = window.adsbygoogle || []).push({});\r\n<\/script><\/div>\n    Morafcsik L\u00e1szl\u00f3 elmondta: a Fundamenta 1997-es elindul\u00e1sa \u00f3ta t\u00f6bb, mint 1 milli\u00f3 \u00fcgyf\u00e9l lak\u00e1shoz jut\u00e1s\u00e1t seg\u00edtette el\u0151.  Mostani mintegy 900 ezer \u00fcgyfel\u00e9vel \u00e9s az orsz\u00e1gos lefedetts\u00e9get biztos\u00edt\u00f3 \u00e9rt\u00e9kes\u00edt\u00e9si h\u00e1l\u00f3zat\u00e1val tov\u00e1bbra is piacvezet\u0151 a lak\u00e1s-takar\u00e9kp\u00e9nzt\u00e1rak piac\u00e1n. A lak\u00e1skassza brutt\u00f3 bet\u00e9t\u00e1llom\u00e1nya 2018 v\u00e9g\u00e9n meghaladta az 500 milli\u00e1rd forintot \u00e9s 400 milli\u00e1rd forintot meghalad\u00f3 hitel\u00e1llom\u00e1nnyal rendelkezett.(MTI)<\/p>\n","protected":false},"excerpt":{"rendered":"<p>A lak\u00e1stakar\u00e9kok \u00e1llami t\u00e1mogat\u00e1s\u00e1nak tavalyi megsz\u00fcntet\u00e9se ellen\u00e9re a Fundamenta Lak\u00e1skassza szerz\u0151d\u00e9ses \u00e1llom\u00e1nya 12 sz\u00e1zal\u00e9kkal n\u0151tt egy \u00e9v alatt, a lak\u00e1shitelez\u00e9sben pedig 15 sz\u00e1zal\u00e9kos piaci r\u00e9szesed\u00e9st \u00e9rt el.<\/p>\n","protected":false},"author":1,"featured_media":0,"comment_status":"closed","ping_status":"open","sticky":false,"template":"","format":"standard","meta":[],"categories":[19],"tags":[],"_links":{"self":[{"href":"https:\/\/gazdasagportal.hu\/index.php\/wp-json\/wp\/v2\/posts\/120794"}],"collection":[{"href":"https:\/\/gazdasagportal.hu\/index.php\/wp-json\/wp\/v2\/posts"}],"about":[{"href":"https:\/\/gazdasagportal.hu\/index.php\/wp-json\/wp\/v2\/types\/post"}],"author":[{"embeddable":true,"href":"https:\/\/gazdasagportal.hu\/index.php\/wp-json\/wp\/v2\/users\/1"}],"replies":[{"embeddable":true,"href":"https:\/\/gazdasagportal.hu\/index.php\/wp-json\/wp\/v2\/comments?post=120794"}],"version-history":[{"count":1,"href":"https:\/\/gazdasagportal.hu\/index.php\/wp-json\/wp\/v2\/posts\/120794\/revisions"}],"predecessor-version":[{"id":120795,"href":"https:\/\/gazdasagportal.hu\/index.php\/wp-json\/wp\/v2\/posts\/120794\/revisions\/120795"}],"wp:attachment":[{"href":"https:\/\/gazdasagportal.hu\/index.php\/wp-json\/wp\/v2\/media?parent=120794"}],"wp:term":[{"taxonomy":"category","embeddable":true,"href":"https:\/\/gazdasagportal.hu\/index.php\/wp-json\/wp\/v2\/categories?post=120794"},{"taxonomy":"post_tag","embeddable":true,"href":"https:\/\/gazdasagportal.hu\/index.php\/wp-json\/wp\/v2\/tags?post=120794"}],"curies":[{"name":"wp","href":"https:\/\/api.w.org\/{rel}","templated":true}]}}