{"id":120745,"date":"2019-10-25T15:18:20","date_gmt":"2019-10-25T13:18:20","guid":{"rendered":"http:\/\/gazdasagportal.hu\/?p=120745"},"modified":"2019-10-25T15:18:20","modified_gmt":"2019-10-25T13:18:20","slug":"a-fopolgarmester-lemondasat-koveteltek-tuntetok-romaban","status":"publish","type":"post","link":"https:\/\/gazdasagportal.hu\/index.php\/a-fopolgarmester-lemondasat-koveteltek-tuntetok-romaban\/","title":{"rendered":"A f\u0151polg\u00e1rmester lemond\u00e1s\u00e1t k\u00f6vetelt\u00e9k t\u00fcntet\u0151k R\u00f3m\u00e1ban"},"content":{"rendered":"<p><strong>Megb\u00e9n\u00edtotta az olasz f\u0151v\u00e1rost p\u00e9nteken a szakszervezetek \u00e1ltal meghirdetett \u00e1ltal\u00e1nos sztr\u00e1jk, amelyen Virginia Raggi f\u0151polg\u00e1rmester, az \u00d6t Csillag Mozgalom (M5S) korm\u00e1nyp\u00e1rt politikus\u00e1nak azonnali t\u00e1voz\u00e1s\u00e1t s\u00fcrgett\u00e9k a t\u00fcntet\u0151k.<\/strong><!--more--><\/p>\n<div class=\"ads-in-post1\"><div id=\"gazdasagportal.hu_fullbanner_wideboard\"><\/div>\r\n<\/div>\n<p>    A Capitolium-dombon tal\u00e1lhat\u00f3 v\u00e1rosh\u00e1z\u00e1n gy\u00fclekez\u0151k Raggi lemond\u00e1s\u00e1t k\u00f6vetelt\u00e9k. A 2016-ban megv\u00e1lasztott f\u0151polg\u00e1rmester Twitter-fi\u00f3kj\u00e1n reag\u00e1lt kijelentve, hogy szakszervezeti kisebbs\u00e9g ejtette t\u00faszul R\u00f3m\u00e1t. Raggi a t\u00fcntet\u00e9st szem\u00e9lye elleni politikai t\u00e1mad\u00e1sk\u00e9nt \u00e9rt\u00e9kelte. \u00dagy v\u00e9lte, hogy a r\u00f3maiaknak nem bel\u0151le, hanem az \u00e1lland\u00f3 sztr\u00e1jkokb\u00f3l van eleg\u00fck.<br \/>\n    A f\u0151v\u00e1ros t\u00f6rt\u00e9net\u00e9ben els\u0151 alkalommal rendezett \u00e1ltal\u00e1nos sztr\u00e1jkhoz a k\u00f6z- \u00e9s mag\u00e1nszf\u00e9ra dolgoz\u00f3i is csatlakoztak,  szakszervezeti adatok szerint t\u00f6bb mint 75 sz\u00e1zal\u00e9kos r\u00e9szv\u00e9tellel. A munkabesz\u00fcntet\u00e9sben r\u00e9szt vett a f\u0151v\u00e1ros r\u00e9sztulajdon\u00e1ban lev\u0151 szolg\u00e1ltat\u00e1si v\u00e1llalatok t\u00f6bb mint 30 ezer dolgoz\u00f3ja, valamint a r\u00f3mai pedag\u00f3gusok \u00e9s orvosok is. Z\u00e1rva tartott a r\u00f3mai v\u00e1rosi m\u00fazeumok egy r\u00e9sze, nem nyitottak ki az \u00f3vod\u00e1k, le\u00e1llt a r\u00f3mai b\u00edr\u00f3s\u00e1gok munk\u00e1ja. A sztr\u00e1jkol\u00f3 k\u00f6ztisztas\u00e1gi hivatal dolgoz\u00f3i arra k\u00e9rt\u00e9k a lakoss\u00e1got, ne dobj\u00e1k ki a szemetet az utcai t\u00e1rol\u00f3kba, mivel szombatig nem sz\u00e1ll\u00edtj\u00e1k el a hullad\u00e9kot. A sztr\u00e1jkokhoz hozz\u00e1szokott r\u00f3maiak alkalmazkodtak a szolg\u00e1ltat\u00e1si k\u00e1oszhoz.<br \/>\n<div class=\"ads-in-post2\"><script async src=\"https:\/\/pagead2.googlesyndication.com\/pagead\/js\/adsbygoogle.js\"><\/script>\r\n<ins class=\"adsbygoogle\"\r\n     style=\"display:block\"\r\n     data-ad-format=\"fluid\"\r\n     data-ad-layout-key=\"-6t+ed+2i-1n-4w\"\r\n     data-ad-client=\"ca-pub-1959107119989764\"\r\n     data-ad-slot=\"4008251320\"><\/ins>\r\n<script>\r\n     (adsbygoogle = window.adsbygoogle || []).push({});\r\n<\/script><\/div>\n    Virginia Raggi 2016-os megv\u00e1laszt\u00e1sa rendk\u00edv\u00fcli politikai sikernek sz\u00e1m\u00edtott a f\u0151v\u00e1rost megszerz\u0151 M5S sz\u00e1m\u00e1ra, de az\u00f3ta R\u00f3ma probl\u00e9m\u00e1i sokak szerint csak s\u00falyosbodtak. A f\u0151v\u00e1rosi metr\u00f3v\u00e1llalatot \u00e9ppen p\u00e9nteken sz\u00e1molt\u00e1k fel, a k\u00f6ztisztas\u00e1gi v\u00e1llalat h\u00e1rom \u00e9ve nem k\u00e9sz\u00edt m\u00e9rleget t\u00f6bb mint 300 milli\u00f3 eur\u00f3s tartoz\u00e1sa miatt, mik\u00f6zben az utc\u00e1kat szem\u00e9t lepi el. A lakosok belef\u00e1radtak a f\u0151polg\u00e1rmesteri hivatal korrupci\u00f3s \u00fcgyeibe, a k\u00e1ty\u00fas aszfalt miatt sok helyen j\u00e1rhatatlann\u00e1 v\u00e1lt r\u00f3mai utc\u00e1kba, a leszakadt mozg\u00f3l\u00e9pcs\u0151k miatt h\u00f3napokig lez\u00e1rt metr\u00f3meg\u00e1ll\u00f3kba.<br \/>\n    A lakoss\u00e1gi felh\u00e1borod\u00e1ssal szemben az M5S  \u00e9s a balk\u00f6z\u00e9p Demokrata P\u00e1rt (PD) nem szeretn\u00e9, ha Raggit mand\u00e1tuma lej\u00e1rta el\u0151tt t\u00e1vozna a v\u00e1ros \u00e9l\u00e9r\u0151l, mert egy esetleges \u00faj f\u0151polg\u00e1rmester-v\u00e1laszt\u00e1son a Liga vezette jobbk\u00f6z\u00e9p k\u00f6nny\u0171szerrel megszerezheti a f\u0151v\u00e1ros vezet\u00e9s\u00e9t. Matteo Salvini, a Liga vezet\u0151je a t\u00fcntet\u00e9ssel egy id\u0151ben tehetetlennek nevezte Raggit \u00e9s a lev\u00e1lt\u00e1s\u00e1t s\u00fcrgette.<br \/>\n    Ezzel egy id\u0151ben a k\u00f6zleked\u00e9si szakszervezetek orsz\u00e1gos sztr\u00e1jkot tartottak. A vasutasok munkabesz\u00fcntet\u00e9se p\u00e9ntek este 9 \u00f3rakor \u00e9r v\u00e9get, a v\u00e1rosi t\u00f6megk\u00f6zleked\u00e9s csak a d\u00e9lut\u00e1ni-esti cs\u00facsforgalomban biztos\u00edtott. A l\u00e9giforgalomban is jelent\u0151s fennakad\u00e1st okozott a majdnem minden olaszorsz\u00e1gi rep\u00fcl\u0151teret \u00e9rint\u0151 sztr\u00e1jk.(MTI)<\/p>\n","protected":false},"excerpt":{"rendered":"<p>Megb\u00e9n\u00edtotta az olasz f\u0151v\u00e1rost p\u00e9nteken a szakszervezetek \u00e1ltal meghirdetett \u00e1ltal\u00e1nos sztr\u00e1jk, amelyen Virginia Raggi f\u0151polg\u00e1rmester, az \u00d6t Csillag Mozgalom (M5S) korm\u00e1nyp\u00e1rt politikus\u00e1nak azonnali t\u00e1voz\u00e1s\u00e1t s\u00fcrgett\u00e9k a t\u00fcntet\u0151k.<\/p>\n","protected":false},"author":1,"featured_media":0,"comment_status":"closed","ping_status":"open","sticky":false,"template":"","format":"standard","meta":[],"categories":[12],"tags":[],"_links":{"self":[{"href":"https:\/\/gazdasagportal.hu\/index.php\/wp-json\/wp\/v2\/posts\/120745"}],"collection":[{"href":"https:\/\/gazdasagportal.hu\/index.php\/wp-json\/wp\/v2\/posts"}],"about":[{"href":"https:\/\/gazdasagportal.hu\/index.php\/wp-json\/wp\/v2\/types\/post"}],"author":[{"embeddable":true,"href":"https:\/\/gazdasagportal.hu\/index.php\/wp-json\/wp\/v2\/users\/1"}],"replies":[{"embeddable":true,"href":"https:\/\/gazdasagportal.hu\/index.php\/wp-json\/wp\/v2\/comments?post=120745"}],"version-history":[{"count":1,"href":"https:\/\/gazdasagportal.hu\/index.php\/wp-json\/wp\/v2\/posts\/120745\/revisions"}],"predecessor-version":[{"id":120746,"href":"https:\/\/gazdasagportal.hu\/index.php\/wp-json\/wp\/v2\/posts\/120745\/revisions\/120746"}],"wp:attachment":[{"href":"https:\/\/gazdasagportal.hu\/index.php\/wp-json\/wp\/v2\/media?parent=120745"}],"wp:term":[{"taxonomy":"category","embeddable":true,"href":"https:\/\/gazdasagportal.hu\/index.php\/wp-json\/wp\/v2\/categories?post=120745"},{"taxonomy":"post_tag","embeddable":true,"href":"https:\/\/gazdasagportal.hu\/index.php\/wp-json\/wp\/v2\/tags?post=120745"}],"curies":[{"name":"wp","href":"https:\/\/api.w.org\/{rel}","templated":true}]}}