{"id":120743,"date":"2019-10-25T14:44:09","date_gmt":"2019-10-25T12:44:09","guid":{"rendered":"http:\/\/gazdasagportal.hu\/?p=120743"},"modified":"2019-10-25T14:44:09","modified_gmt":"2019-10-25T12:44:09","slug":"brexit-brit-penzugyminiszter-az-egyesult-kiralysag-nem-tud-jovo-csutortokon-kilepni-az-eu-bol","status":"publish","type":"post","link":"https:\/\/gazdasagportal.hu\/index.php\/brexit-brit-penzugyminiszter-az-egyesult-kiralysag-nem-tud-jovo-csutortokon-kilepni-az-eu-bol\/","title":{"rendered":"Brexit &#8211; Brit p\u00e9nz\u00fcgyminiszter: az Egyes\u00fclt Kir\u00e1lys\u00e1g nem tud j\u00f6v\u0151 cs\u00fct\u00f6rt\u00f6k\u00f6n kil\u00e9pni az EU-b\u00f3l"},"content":{"rendered":"<p><strong>Az Egyes\u00fclt Kir\u00e1lys\u00e1g nem tud a brit EU-tags\u00e1g megsz\u0171n\u00e9s\u00e9nek (Brexit) j\u00f6v\u0151 cs\u00fct\u00f6rt\u00f6ki hat\u00e1rnapj\u00e1n kil\u00e9pni az Eur\u00f3pai Uni\u00f3b\u00f3l &#8211; mondta p\u00e9nteken Sajid Javid brit p\u00e9nz\u00fcgyminiszter. Boris Johnson minisztereln\u00f6k szerint ugyanakkor m\u00e9g van lehet\u0151s\u00e9g az okt\u00f3ber 31-i kil\u00e9p\u00e9sre, de ez most m\u00e1r az EU-t\u00f3l f\u00fcgg.<\/strong><!--more--><\/p>\n<div class=\"ads-in-post1\"><div id=\"gazdasagportal.hu_fullbanner_wideboard\"><\/div>\r\n<\/div>\n<p>    Sajid Javid a BBC telev\u00edzi\u00f3nak nyilatkozva kijelentette: a konzervat\u00edv p\u00e1rti korm\u00e1ny minden lehets\u00e9ges l\u00e9p\u00e9st megtett annak \u00e9rdek\u00e9ben, hogy tartani tudja az okt\u00f3ber 31-i Brexit-hat\u00e1rid\u0151t, &#8222;el\u00e9rte azt a Brexit-meg\u00e1llapod\u00e1st, amelyr\u0151l mindenki azt mondta, hogy el\u00e9rhetetlen&#8221;, \u00e9s sz\u00fcks\u00e9g eset\u00e9re megtette az el\u0151k\u00e9sz\u00fcleteket a meg\u00e1llapod\u00e1s n\u00e9lk\u00fcli Brexitre is.<br \/>\n    Javid szerint azonban a parlament \u00e9s k\u00fcl\u00f6n\u00f6sen Jeremy Corbyn &#8211; a legnagyobb ellenz\u00e9ki er\u0151, a Munk\u00e1sp\u00e1rt vezet\u0151je &#8211; miatt &#8222;tov\u00e1bbi bizonytalans\u00e1g \u00e9s k\u00e9sleked\u00e9s v\u00e1rhat\u00f3&#8221;.<br \/>\n    &#8222;El kell fogadnunk, hogy nem tudunk kil\u00e9pni (az EU-b\u00f3l) okt\u00f3ber 31-\u00e9n, mivel a parlament (a hat\u00e1rid\u0151) hosszabb\u00edt\u00e1s\u00e1t k\u00e9rte, \u00e9s az EU &#8211; b\u00e1r m\u00e9g nem kaptuk meg v\u00e1lasz\u00e1t &#8211; val\u00f3sz\u00edn\u0171leg eleget tesz ennek a k\u00e9r\u00e9snek&#8221; &#8211; mondta a brit p\u00e9nz\u00fcgyminiszter.<br \/>\n    Sajid Javid az els\u0151 kabinettag, aki nyilv\u00e1nosan \u00e9s egy\u00e9rtelm\u0171en kijelentette, hogy nem tarthat\u00f3 a j\u00f6v\u0151 cs\u00fct\u00f6rt\u00f6ki Brexit-hat\u00e1rid\u0151.<br \/>\n    Boris Johnson m\u00falt szombaton kezdem\u00e9nyezte az uni\u00f3s \u00e1llam- \u00e9s korm\u00e1nyf\u0151k alkotta Eur\u00f3pai Tan\u00e1csn\u00e1l a Brexit halaszt\u00e1s\u00e1t a jelenleg m\u00e9g \u00e9rv\u00e9nyes j\u00f6v\u0151 cs\u00fct\u00f6rt\u00f6ki hat\u00e1rnapr\u00f3l 2020. janu\u00e1r 31-ig, annak a t\u00f6rv\u00e9nynek megfelel\u0151en, amely megtiltja a meg\u00e1llapod\u00e1s n\u00e9lk\u00fcli kil\u00e9p\u00e9st, hacsak az als\u00f3h\u00e1z ezt k\u00fcl\u00f6n hat\u00e1rozatban nem enged\u00e9lyezi.<br \/>\n<div class=\"ads-in-post2\"><script async src=\"https:\/\/pagead2.googlesyndication.com\/pagead\/js\/adsbygoogle.js\"><\/script>\r\n<ins class=\"adsbygoogle\"\r\n     style=\"display:block\"\r\n     data-ad-format=\"fluid\"\r\n     data-ad-layout-key=\"-6t+ed+2i-1n-4w\"\r\n     data-ad-client=\"ca-pub-1959107119989764\"\r\n     data-ad-slot=\"4008251320\"><\/ins>\r\n<script>\r\n     (adsbygoogle = window.adsbygoogle || []).push({});\r\n<\/script><\/div>\n    Az Eur\u00f3pai Tan\u00e1cs eln\u00f6k\u00e9nek, Donald Tusknak k\u00fcld\u00f6tt level\u00e9t a brit korm\u00e1nyf\u0151 nem \u00edrta al\u00e1, mell\u00e9kelt viszont m\u00e9g egy levelet \u00e9s egy magyar\u00e1z\u00f3 k\u00eds\u00e9r\u0151dokumentumot is, amelyben kifejtette, hogy csak a parlament \u00e1ltal alkotott t\u00f6rv\u00e9nyt teljes\u00edti a halaszt\u00e1s k\u00e9r\u00e9s\u00e9vel, de val\u00f3j\u00e1ban k\u00e1rosnak tartan\u00e1, ha az EU teljes\u00edten\u00e9 ezt az ind\u00edtv\u00e1nyt.<br \/>\n    Johnson p\u00e9nteken, egy vid\u00e9ki l\u00e1togat\u00e1son a BBC-nek nyilatkozva \u00fagy fogalmazott, hogy &#8222;a dolgok jelenlegi \u00e1ll\u00e1sa szerint&#8221; az Egyes\u00fclt Kir\u00e1lys\u00e1g m\u00e9g mindig ki tud l\u00e9pni az EU-b\u00f3l j\u00f6v\u0151 cs\u00fct\u00f6rt\u00f6k\u00f6n, \u00e9s &#8222;ki is kellene l\u00e9pnie&#8221;.<br \/>\n    Hozz\u00e1tette ugyanakkor: ez most m\u00e1r azon m\u00falik, hogy az Eur\u00f3pai Uni\u00f3 beleegyezik-e a hat\u00e1rid\u0151 halaszt\u00e1s\u00e1ba.<br \/>\n    Az okt\u00f3ber 31-i kil\u00e9p\u00e9st jelenleg t\u00f6rv\u00e9ny r\u00f6gz\u00edti, de a Downing Street sz\u00f3viv\u0151je p\u00e9nteki t\u00e1j\u00e9koztat\u00e1s\u00e1ban k\u00f6z\u00f6lte, hogy ha az EU enged\u00e9lyezi a halaszt\u00e1st, a brit korm\u00e1ny az uni\u00f3 \u00e1ltal meghat\u00e1rozott \u00faj hat\u00e1rnapnak megfelel\u0151en m\u00f3dos\u00edtja a Brexit id\u0151pontj\u00e1r\u00f3l sz\u00f3l\u00f3 jogszab\u00e1lyt.<br \/>\n    Az Eur\u00f3pai Bizotts\u00e1g sz\u00f3viv\u0151je p\u00e9nteken bejelentette, hogy az uni\u00f3ban marad\u00f3 orsz\u00e1gok korm\u00e1nyai meg\u00e1llapodtak a Brexit halaszt\u00e1s\u00e1t c\u00e9lz\u00f3 brit k\u00e9relem j\u00f3v\u00e1hagy\u00e1s\u00e1r\u00f3l, a halaszt\u00e1s hossz\u00e1r\u00f3l azonban k\u00e9s\u0151bb d\u00f6ntenek.<br \/>\n    Boris Johnson a h\u00e9ten k\u00f6z\u00f6lte, hogy a patthelyzet felold\u00e1sa v\u00e9gett el\u0151rehozott v\u00e1laszt\u00e1sok ki\u00edr\u00e1s\u00e1t kezdem\u00e9nyezi december 12-\u00e9re. A korm\u00e1ny az ind\u00edtv\u00e1nyt h\u00e9tf\u0151n terjeszti a londoni als\u00f3h\u00e1z el\u00e9 vit\u00e1ra \u00e9s szavaz\u00e1sra.<br \/>\n    Az el\u0151rehozott v\u00e1laszt\u00e1sokhoz a parlamenti mand\u00e1tum id\u0151tartam\u00e1t \u00f6t \u00e9vben r\u00f6gz\u00edt\u0151 brit v\u00e1laszt\u00e1si t\u00f6rv\u00e9ny alapj\u00e1n a k\u00e9pvisel\u0151k k\u00e9tharmados t\u00f6bbs\u00e9g\u00e9nek t\u00e1mogat\u00e1sa kell. A korm\u00e1nyz\u00f3 Konzervat\u00edv P\u00e1rtnak azonban egyszer\u0171 t\u00f6bbs\u00e9ge sincs az als\u00f3h\u00e1zban, \u00edgy az el\u0151rehozott v\u00e1laszt\u00e1sok ki\u00edr\u00e1s\u00e1hoz az ellenz\u00e9k, mindenekel\u0151tt a Munk\u00e1sp\u00e1rt t\u00e1mogat\u00e1s\u00e1ra van sz\u00fcks\u00e9ge.<br \/>\n    Jeremy Corbyn k\u00f6z\u00f6lte, hogy a Munk\u00e1sp\u00e1rt akkor hajland\u00f3 hozz\u00e1j\u00e1rulni a v\u00e1laszt\u00e1sok ki\u00edr\u00e1s\u00e1hoz, ha v\u00e9gk\u00e9pp leker\u00fclt a napirendr\u0151l a meg\u00e1llapod\u00e1s n\u00e9lk\u00fcli Brexit lehet\u0151s\u00e9ge, vagyis ha az EU el\u0151bb hozz\u00e1j\u00e1rul az okt\u00f3ber 31-i Brexit-hat\u00e1rid\u0151 halaszt\u00e1s\u00e1hoz.<br \/>\n    Brit m\u00e9dia\u00e9rtes\u00fcl\u00e9sek szerint ugyanakkor az EU a halaszt\u00e1sr\u00f3l sz\u00f3l\u00f3 hivatalos d\u00f6nt\u00e9ssel \u00e9ppen arra v\u00e1r, hogy mi lesz a v\u00e1laszt\u00e1sokr\u00f3l sz\u00f3l\u00f3 h\u00e9tf\u0151i londoni parlamenti szavaz\u00e1s eredm\u00e9nye.(MTI)<\/p>\n","protected":false},"excerpt":{"rendered":"<p>Az Egyes\u00fclt Kir\u00e1lys\u00e1g nem tud a brit EU-tags\u00e1g megsz\u0171n\u00e9s\u00e9nek (Brexit) j\u00f6v\u0151 cs\u00fct\u00f6rt\u00f6ki hat\u00e1rnapj\u00e1n kil\u00e9pni az Eur\u00f3pai Uni\u00f3b\u00f3l &#8211; mondta p\u00e9nteken Sajid Javid brit p\u00e9nz\u00fcgyminiszter. Boris Johnson minisztereln\u00f6k szerint ugyanakkor m\u00e9g van lehet\u0151s\u00e9g az okt\u00f3ber 31-i kil\u00e9p\u00e9sre, de ez most m\u00e1r az EU-t\u00f3l f\u00fcgg.<\/p>\n","protected":false},"author":1,"featured_media":0,"comment_status":"closed","ping_status":"open","sticky":false,"template":"","format":"standard","meta":[],"categories":[12],"tags":[],"_links":{"self":[{"href":"https:\/\/gazdasagportal.hu\/index.php\/wp-json\/wp\/v2\/posts\/120743"}],"collection":[{"href":"https:\/\/gazdasagportal.hu\/index.php\/wp-json\/wp\/v2\/posts"}],"about":[{"href":"https:\/\/gazdasagportal.hu\/index.php\/wp-json\/wp\/v2\/types\/post"}],"author":[{"embeddable":true,"href":"https:\/\/gazdasagportal.hu\/index.php\/wp-json\/wp\/v2\/users\/1"}],"replies":[{"embeddable":true,"href":"https:\/\/gazdasagportal.hu\/index.php\/wp-json\/wp\/v2\/comments?post=120743"}],"version-history":[{"count":1,"href":"https:\/\/gazdasagportal.hu\/index.php\/wp-json\/wp\/v2\/posts\/120743\/revisions"}],"predecessor-version":[{"id":120744,"href":"https:\/\/gazdasagportal.hu\/index.php\/wp-json\/wp\/v2\/posts\/120743\/revisions\/120744"}],"wp:attachment":[{"href":"https:\/\/gazdasagportal.hu\/index.php\/wp-json\/wp\/v2\/media?parent=120743"}],"wp:term":[{"taxonomy":"category","embeddable":true,"href":"https:\/\/gazdasagportal.hu\/index.php\/wp-json\/wp\/v2\/categories?post=120743"},{"taxonomy":"post_tag","embeddable":true,"href":"https:\/\/gazdasagportal.hu\/index.php\/wp-json\/wp\/v2\/tags?post=120743"}],"curies":[{"name":"wp","href":"https:\/\/api.w.org\/{rel}","templated":true}]}}