{"id":120741,"date":"2019-10-25T14:10:16","date_gmt":"2019-10-25T12:10:16","guid":{"rendered":"http:\/\/gazdasagportal.hu\/?p=120741"},"modified":"2019-10-25T14:10:16","modified_gmt":"2019-10-25T12:10:16","slug":"brexit-megallapodtak-a-huszonhetek-a-halasztasi-kerelem-jovahagyasarol","status":"publish","type":"post","link":"https:\/\/gazdasagportal.hu\/index.php\/brexit-megallapodtak-a-huszonhetek-a-halasztasi-kerelem-jovahagyasarol\/","title":{"rendered":"Brexit &#8211; Meg\u00e1llapodtak a huszonhetek a halaszt\u00e1si k\u00e9relem j\u00f3v\u00e1hagy\u00e1s\u00e1r\u00f3l"},"content":{"rendered":"<p><strong>Meg\u00e1llapodtak az Egyes\u00fclt Kir\u00e1lys\u00e1g eur\u00f3pai uni\u00f3s kiv\u00e1l\u00e1si hat\u00e1ridej\u00e9nek \u00fajabb halaszt\u00e1s\u00e1t c\u00e9lz\u00f3 brit k\u00e9relem j\u00f3v\u00e1hagy\u00e1s\u00e1r\u00f3l a bennmarad\u00f3 tag\u00e1llamok korm\u00e1nyai, annak hossz\u00e1r\u00f3l azonban csak k\u00e9s\u0151bb sz\u00fcletik d\u00f6nt\u00e9s &#8211; k\u00f6z\u00f6lte az Eur\u00f3pai Bizotts\u00e1g sz\u00f3viv\u0151je p\u00e9nteken.<\/strong><!--more--><\/p>\n<div class=\"ads-in-post1\"><div id=\"gazdasagportal.hu_fullbanner_wideboard\"><\/div>\r\n<\/div>\n<p>    Mina Andreeva \u00fajs\u00e1g\u00edr\u00f3i k\u00e9rd\u00e9sre v\u00e1laszolva meger\u0151s\u00edtette, hogy d\u00e9lel\u0151tti \u00fcl\u00e9s\u00fck\u00f6n elvi megegyez\u00e9sre jutottak a huszonhetek br\u00fcsszeli uni\u00f3s nagyk\u00f6vetei, egyel\u0151re pedig nincs terv soron k\u00edv\u00fcli EU-cs\u00facstal\u00e1lkoz\u00f3 \u00f6sszeh\u00edv\u00e1s\u00e1ra, \u00edr\u00e1sbeli elj\u00e1r\u00e1ssal t\u00f6rt\u00e9nhet meg a j\u00f3v\u00e1hagy\u00e1s.<br \/>\n    Michel Barnier, az EU Brexit-\u00fcgyi f\u0151t\u00e1rgyal\u00f3ja kiv\u00e1l\u00f3nak nevezte a tal\u00e1lkoz\u00f3t, \u00e9s elmondta, hogy a munka a k\u00f6vetkez\u0151 napokban folytat\u00f3dni fog.<br \/>\n    N\u00e9vtelens\u00e9get k\u00e9r\u0151 tiszts\u00e9gvisel\u0151k arr\u00f3l sz\u00e1moltak be, hogy a tervek szerint j\u00f6v\u0151 h\u00e9t elej\u00e9n hat\u00e1roznak a hosszabb\u00edt\u00e1s id\u0151tartam\u00e1r\u00f3l, miut\u00e1n a brit t\u00f6rv\u00e9nyhoz\u00e1s szavaz az el\u0151rehozott parlamenti v\u00e1laszt\u00e1s ki\u00edr\u00e1s\u00e1t c\u00e9lz\u00f3 ind\u00edtv\u00e1nyr\u00f3l.<br \/>\n<div class=\"ads-in-post2\"><script async src=\"https:\/\/pagead2.googlesyndication.com\/pagead\/js\/adsbygoogle.js\"><\/script>\r\n<ins class=\"adsbygoogle\"\r\n     style=\"display:block\"\r\n     data-ad-format=\"fluid\"\r\n     data-ad-layout-key=\"-6t+ed+2i-1n-4w\"\r\n     data-ad-client=\"ca-pub-1959107119989764\"\r\n     data-ad-slot=\"4008251320\"><\/ins>\r\n<script>\r\n     (adsbygoogle = window.adsbygoogle || []).push({});\r\n<\/script><\/div>\n    Boris Johnson brit minisztereln\u00f6k kedd este bejelentette, korm\u00e1nya sz\u00fcnetelteti a kiv\u00e1l\u00e1s felt\u00e9telrendszer\u00e9t r\u00f6gz\u00edt\u0151 meg\u00e1llapod\u00e1s ratifik\u00e1ci\u00f3s folyamat\u00e1t, miut\u00e1n a londoni parlament als\u00f3h\u00e1za elfogadta a szerz\u0151d\u00e9s \u00e1ltal\u00e1nos alapelveit, de leszavazta az annak j\u00f3v\u00e1hagy\u00e1s\u00e1ra kidolgozott rendk\u00edv\u00fcl feszes menetrendet.<br \/>\n    Johnsont t\u00f6rv\u00e9ny k\u00f6telezte arra, hogy a most \u00e9rv\u00e9nyes, j\u00f6v\u0151 cs\u00fct\u00f6rt\u00f6ki hat\u00e1rid\u0151 kiterjeszt\u00e9s\u00e9t k\u00e9relmezze 2020. janu\u00e1r 31-ig. T\u00f6bb tag\u00e1llam, k\u00f6zt\u00fck Franciaorsz\u00e1g r\u00f6videbb halaszt\u00e1st tartana megfelel\u0151nek.<br \/>\n    B\u00e1rmilyen d\u00f6nt\u00e9st egyhang\u00falag kell meghozniuk a huszonhetek \u00e1llam- illetve korm\u00e1nyf\u0151inek.(MTI)<\/p>\n","protected":false},"excerpt":{"rendered":"<p>Meg\u00e1llapodtak az Egyes\u00fclt Kir\u00e1lys\u00e1g eur\u00f3pai uni\u00f3s kiv\u00e1l\u00e1si hat\u00e1ridej\u00e9nek \u00fajabb halaszt\u00e1s\u00e1t c\u00e9lz\u00f3 brit k\u00e9relem j\u00f3v\u00e1hagy\u00e1s\u00e1r\u00f3l a bennmarad\u00f3 tag\u00e1llamok korm\u00e1nyai, annak hossz\u00e1r\u00f3l azonban csak k\u00e9s\u0151bb sz\u00fcletik d\u00f6nt\u00e9s &#8211; k\u00f6z\u00f6lte az Eur\u00f3pai Bizotts\u00e1g sz\u00f3viv\u0151je p\u00e9nteken.<\/p>\n","protected":false},"author":1,"featured_media":0,"comment_status":"closed","ping_status":"open","sticky":false,"template":"","format":"standard","meta":[],"categories":[12],"tags":[],"_links":{"self":[{"href":"https:\/\/gazdasagportal.hu\/index.php\/wp-json\/wp\/v2\/posts\/120741"}],"collection":[{"href":"https:\/\/gazdasagportal.hu\/index.php\/wp-json\/wp\/v2\/posts"}],"about":[{"href":"https:\/\/gazdasagportal.hu\/index.php\/wp-json\/wp\/v2\/types\/post"}],"author":[{"embeddable":true,"href":"https:\/\/gazdasagportal.hu\/index.php\/wp-json\/wp\/v2\/users\/1"}],"replies":[{"embeddable":true,"href":"https:\/\/gazdasagportal.hu\/index.php\/wp-json\/wp\/v2\/comments?post=120741"}],"version-history":[{"count":1,"href":"https:\/\/gazdasagportal.hu\/index.php\/wp-json\/wp\/v2\/posts\/120741\/revisions"}],"predecessor-version":[{"id":120742,"href":"https:\/\/gazdasagportal.hu\/index.php\/wp-json\/wp\/v2\/posts\/120741\/revisions\/120742"}],"wp:attachment":[{"href":"https:\/\/gazdasagportal.hu\/index.php\/wp-json\/wp\/v2\/media?parent=120741"}],"wp:term":[{"taxonomy":"category","embeddable":true,"href":"https:\/\/gazdasagportal.hu\/index.php\/wp-json\/wp\/v2\/categories?post=120741"},{"taxonomy":"post_tag","embeddable":true,"href":"https:\/\/gazdasagportal.hu\/index.php\/wp-json\/wp\/v2\/tags?post=120741"}],"curies":[{"name":"wp","href":"https:\/\/api.w.org\/{rel}","templated":true}]}}