{"id":120701,"date":"2019-10-24T14:34:13","date_gmt":"2019-10-24T12:34:13","guid":{"rendered":"http:\/\/gazdasagportal.hu\/?p=120701"},"modified":"2019-10-24T14:34:13","modified_gmt":"2019-10-24T12:34:13","slug":"bolgar-kamion-rendorseg-valoszinuleg-kinaiak-az-aldozatok","status":"publish","type":"post","link":"https:\/\/gazdasagportal.hu\/index.php\/bolgar-kamion-rendorseg-valoszinuleg-kinaiak-az-aldozatok\/","title":{"rendered":"Bolg\u00e1r kamion &#8211; Rend\u0151rs\u00e9g: val\u00f3sz\u00edn\u0171leg k\u00ednaiak az \u00e1ldozatok"},"content":{"rendered":"<p><strong>Val\u00f3sz\u00edn\u0171leg k\u00ednai \u00e1llampolg\u00e1r volt az a 39 ember, akit szerda hajnalban holtan tal\u00e1ltak egy bolg\u00e1r rendsz\u00e1m\u00fa kamion h\u0171t\u0151kocsij\u00e1ban Anglia d\u00e9lkeleti r\u00e9sz\u00e9n &#8211; k\u00f6z\u00f6lte cs\u00fct\u00f6rt\u00f6ki t\u00e1j\u00e9koztat\u00e1s\u00e1ban a ter\u00fcletileg illet\u00e9kes Essex megyei rend\u0151rs\u00e9g.<\/strong><!--more--><\/p>\n<div class=\"ads-in-post1\"><div id=\"gazdasagportal.hu_fullbanner_wideboard\"><\/div>\r\n<\/div>\n<p>    A k\u00f6zlem\u00e9ny meger\u0151s\u00edtette a BBC telev\u00edzi\u00f3 \u00e9s a Sky News kereskedelmi h\u00edrtelev\u00edzi\u00f3, valamint a The Daily Telegraph c\u00edm\u0171 konzervat\u00edv brit napilap online kiad\u00e1s\u00e1n nem sokkal kor\u00e1bban megjelent egybehangz\u00f3 cs\u00fct\u00f6rt\u00f6ki \u00e9rtes\u00fcl\u00e9st arr\u00f3l, hogy az \u00e1ldozatok mindegyike k\u00ednai.<br \/>\n    A rend\u0151rs\u00e9g k\u00f6z\u00f6lte, hogy 31 f\u00e9rfi \u00e9s 8 n\u0151 holttest\u00e9t tal\u00e1lt\u00e1k meg a p\u00f3tkocsiban.<br \/>\n    A kamion sof\u0151rj\u00e9t szerd\u00e1n \u0151rizetbe vett\u00e9k, kihallgat\u00e1sa cs\u00fct\u00f6rt\u00f6k\u00f6n is tartott.<br \/>\n    Az essexi rend\u0151rs\u00e9g cs\u00fct\u00f6rt\u00f6ki k\u00f6zlem\u00e9ny\u00e9ben meger\u0151s\u00edti azt is, hogy egy 25 \u00e9ves \u00e9szak-\u00edrorsz\u00e1gi illet\u0151s\u00e9g\u0171 f\u00e9rfir\u0151l van sz\u00f3, de lesz\u00f6gezi, hogy nem k\u00edv\u00e1n &#8222;tal\u00e1lgat\u00e1sokba bocs\u00e1tkozni&#8221; a g\u00e9pkocsivezet\u0151 kil\u00e9t\u00e9r\u0151l.<br \/>\n    A brit sajt\u00f3 egy\u00f6ntet\u0171 \u00e9rtes\u00fcl\u00e9sei az \u0151rizetbe vett g\u00e9pkocsivezet\u0151 neve Mo Robinson.<br \/>\n    A cs\u00fct\u00f6rt\u00f6ki rend\u0151rs\u00e9gi t\u00e1j\u00e9koztat\u00e1s szerint a nyomoz\u00f3k h\u00e1rom \u00e9szak-\u00edrorsz\u00e1gi lakc\u00edmen h\u00e1zkutat\u00e1st tartottak a vizsg\u00e1lat r\u00e9szek\u00e9nt.<br \/>\n<div class=\"ads-in-post2\"><script async src=\"https:\/\/pagead2.googlesyndication.com\/pagead\/js\/adsbygoogle.js\"><\/script>\r\n<ins class=\"adsbygoogle\"\r\n     style=\"display:block\"\r\n     data-ad-format=\"fluid\"\r\n     data-ad-layout-key=\"-6t+ed+2i-1n-4w\"\r\n     data-ad-client=\"ca-pub-1959107119989764\"\r\n     data-ad-slot=\"4008251320\"><\/ins>\r\n<script>\r\n     (adsbygoogle = window.adsbygoogle || []).push({});\r\n<\/script><\/div>\n    Az Essex megyei rend\u0151rs\u00e9g k\u00f6z\u00f6lte: a kamionszerelv\u00e9ny vontat\u00f3ja vas\u00e1rnap l\u00e9pett be Nagy-Britanni\u00e1ba az \u00e9szak-walesi Holyhead kompkik\u00f6t\u0151j\u00e9ben, ahov\u00e1 az \u00edr f\u0151v\u00e1rosb\u00f3l, Dublinb\u00f3l \u00e9rkezett.<br \/>\n    Holyhead kik\u00f6t\u0151je Nagy-Britannia nyugati partvid\u00e9k\u00e9n, csaknem 500 kilom\u00e9terre \u00e9szaknyugatra van a d\u00e9lkelet-angliai Thurrock ipari parkj\u00e1t\u00f3l, ahol a teheraut\u00f3ra szerda hajnalban r\u00e1bukkantak.<br \/>\n    Holyhead az \u00cdrorsz\u00e1g \u00e9s Nagy-Britannia k\u00f6z\u00f6tti kompforgalom legnagyobb fogad\u00f3 \u00e9s ind\u00edt\u00f3 kik\u00f6t\u0151je.<br \/>\n    A cs\u00fct\u00f6rt\u00f6ki rend\u0151rs\u00e9gi t\u00e1j\u00e9koztat\u00e1s szerint a vontat\u00f3 szerda hajnalban, a Temze torkolat\u00e1ban fekv\u0151 Purfleet kisv\u00e1ros komptermin\u00e1lj\u00e1ban vette fel a p\u00f3tkocsit, amely a belgiumi Zeebrugge kik\u00f6t\u0151j\u00e9b\u0151l \u00e9rkezett.<br \/>\n    A szerelv\u00e9ny nem sokkal hajnali 1 \u00f3ra ut\u00e1n hagyta el Purfleet kik\u00f6t\u0151j\u00e9t, a rend\u0151rs\u00e9get pedig f\u00e9l \u00f3r\u00e1val k\u00e9s\u0151bb h\u00edvt\u00e1k a ment\u0151k a k\u00f6zeli Waterglade ipari parkba, ahol a kamionban megtal\u00e1lt\u00e1k a 39 holttestet.<br \/>\n    A rend\u0151rs\u00e9g k\u00f6zlem\u00e9nye nem t\u00e9r ki arra, hogy a ment\u0151szolg\u00e1latot ki \u00e9rtes\u00edtette.<br \/>\n    A t\u00e1j\u00e9koztat\u00e1s szerint a kamiont elvitt\u00e9k az ipari parkb\u00f3l, annak \u00e9rdek\u00e9ben, hogy a vizsg\u00e1lat tov\u00e1bbi szakasz\u00e1t nyugodt k\u00f6r\u00fclm\u00e9nyek k\u00f6z\u00f6tt, az elhunytak emberi m\u00e9lt\u00f3s\u00e1g\u00e1nak tiszteletben tart\u00e1s\u00e1val lehessen elkezdeni.<br \/>\n    A 39 \u00e1ldozatot azonos\u00edt\u00e1suk el\u0151tt teljes k\u00f6r\u0171 halottk\u00e9mi vizsg\u00e1latnak kell al\u00e1vetni hal\u00e1luk ok\u00e1nak kider\u00edt\u00e9se v\u00e9gett. A hal\u00e1lesetek ok\u00e1nak meg\u00e1llap\u00edt\u00e1sa \u00e9s az azonos\u00edt\u00e1s \u00f6sszetett \u00e9s hosszadalmas folyamat lesz, a rend\u0151rs\u00e9g m\u00e9g csak becsl\u00e9st sem tud adni a v\u00e1rhat\u00f3 id\u0151tartamr\u00f3l &#8211; \u00e1ll a cs\u00fct\u00f6rt\u00f6ki t\u00e1j\u00e9koztat\u00e1sban.<br \/>\n    Richard Burnett, a brit k\u00f6z\u00fati fuvaroz\u00f3k sz\u00f6vets\u00e9g\u00e9nek (Road Haulage Association) vez\u00e9rigazgat\u00f3ja szerda este a BBC telev\u00edzi\u00f3nak elmondta, hogy a kamion vontatm\u00e1nya h\u0171t\u0151kont\u00e9nernek l\u00e1tszik a szerelv\u00e9nyr\u0151l k\u00f6zz\u00e9tett felv\u00e9teleken. Burnett szerint az ilyen h\u0171t\u0151kamionok rakter\u00e9t m\u00ednusz 25 fokig is le lehet h\u0171teni.<br \/>\n    Priti Patel brit bel\u00fcgyminiszter t\u00e1j\u00e9koztat\u00e1sa szerint a vizsg\u00e1latba bekapcsol\u00f3dott a brit hat\u00e1r\u0151rs\u00e9g, az Orsz\u00e1gos B\u0171n\u00fcld\u00f6z\u00e9si \u00dcgyn\u00f6ks\u00e9g (National Crime Agency, NCA) \u00e9s a bev\u00e1ndorl\u00e1ssal kapcsolatos b\u0171ncselekm\u00e9nyek felder\u00edt\u00e9s\u00e9re szakosodott bel\u00fcgyminiszt\u00e9riumi szervezet (Immigration Enforcement).<br \/>\n    Az NCA k\u00f6z\u00f6lte: vizsg\u00e1lata els\u0151sorban arra \u00f6sszpontos\u00edt, hogy szervezett b\u0171n\u00f6z\u0151i csoportok \u00e1llnak-e az eset m\u00f6g\u00f6tt.<br \/>\n    Nagy-Britanni\u00e1ban legut\u00f3bb 2000-ben volt a mostanihoz m\u00e9rhet\u0151 trag\u00e9dia: akkor 58 holttestet tal\u00e1ltak a d\u00e9lkelet-angliai Dover kik\u00f6t\u0151j\u00e9ben egy holland rendsz\u00e1m\u00fa, ugyancsak Zeebrugge kik\u00f6t\u0151j\u00e9b\u0151l \u00e9rkezett kamion rakter\u00e9ben. Az \u00e1ldozatok szint\u00e9n k\u00ednaiak voltak.(MTI)<\/p>\n","protected":false},"excerpt":{"rendered":"<p>Val\u00f3sz\u00edn\u0171leg k\u00ednai \u00e1llampolg\u00e1r volt az a 39 ember, akit szerda hajnalban holtan tal\u00e1ltak egy bolg\u00e1r rendsz\u00e1m\u00fa kamion h\u0171t\u0151kocsij\u00e1ban Anglia d\u00e9lkeleti r\u00e9sz\u00e9n &#8211; k\u00f6z\u00f6lte cs\u00fct\u00f6rt\u00f6ki t\u00e1j\u00e9koztat\u00e1s\u00e1ban a ter\u00fcletileg illet\u00e9kes Essex megyei rend\u0151rs\u00e9g.<\/p>\n","protected":false},"author":1,"featured_media":0,"comment_status":"closed","ping_status":"open","sticky":false,"template":"","format":"standard","meta":[],"categories":[12],"tags":[],"_links":{"self":[{"href":"https:\/\/gazdasagportal.hu\/index.php\/wp-json\/wp\/v2\/posts\/120701"}],"collection":[{"href":"https:\/\/gazdasagportal.hu\/index.php\/wp-json\/wp\/v2\/posts"}],"about":[{"href":"https:\/\/gazdasagportal.hu\/index.php\/wp-json\/wp\/v2\/types\/post"}],"author":[{"embeddable":true,"href":"https:\/\/gazdasagportal.hu\/index.php\/wp-json\/wp\/v2\/users\/1"}],"replies":[{"embeddable":true,"href":"https:\/\/gazdasagportal.hu\/index.php\/wp-json\/wp\/v2\/comments?post=120701"}],"version-history":[{"count":1,"href":"https:\/\/gazdasagportal.hu\/index.php\/wp-json\/wp\/v2\/posts\/120701\/revisions"}],"predecessor-version":[{"id":120702,"href":"https:\/\/gazdasagportal.hu\/index.php\/wp-json\/wp\/v2\/posts\/120701\/revisions\/120702"}],"wp:attachment":[{"href":"https:\/\/gazdasagportal.hu\/index.php\/wp-json\/wp\/v2\/media?parent=120701"}],"wp:term":[{"taxonomy":"category","embeddable":true,"href":"https:\/\/gazdasagportal.hu\/index.php\/wp-json\/wp\/v2\/categories?post=120701"},{"taxonomy":"post_tag","embeddable":true,"href":"https:\/\/gazdasagportal.hu\/index.php\/wp-json\/wp\/v2\/tags?post=120701"}],"curies":[{"name":"wp","href":"https:\/\/api.w.org\/{rel}","templated":true}]}}