{"id":120671,"date":"2019-10-23T17:30:20","date_gmt":"2019-10-23T15:30:20","guid":{"rendered":"http:\/\/gazdasagportal.hu\/?p=120671"},"modified":"2019-10-23T14:31:12","modified_gmt":"2019-10-23T12:31:12","slug":"a-framatome-sas-siemens-ag-francia-nemet-konzorcium-szallitja-a-paks-ii-atomeromu-blokkvezerlo-berendezeset","status":"publish","type":"post","link":"https:\/\/gazdasagportal.hu\/index.php\/a-framatome-sas-siemens-ag-francia-nemet-konzorcium-szallitja-a-paks-ii-atomeromu-blokkvezerlo-berendezeset\/","title":{"rendered":"A Framatome SAS \u2013 Siemens AG francia-n\u00e9met konzorcium sz\u00e1ll\u00edtja a Paks II. Atomer\u0151m\u0171 blokkvez\u00e9rl\u0151 berendez\u00e9s\u00e9t"},"content":{"rendered":"<p><strong>A Framatome SAS \u2013 Siemens AG francia-n\u00e9met konzorcium sz\u00e1ll\u00edtja a Paks II. Atomer\u0151m\u0171 blokkvez\u00e9rl\u0151 berendez\u00e9s\u00e9t, miut\u00e1n 2019. okt\u00f3ber 22-\u00e9n Moszkv\u00e1ban a Rusatom Automatiz\u00e1lt Ir\u00e1ny\u00edt\u00e1si Rendszerek (RASU, a Roszatom le\u00e1nyv\u00e1llalata) \u00e9s a Framatome SAS \u2013 Siemens AG francia-n\u00e9met konzorcium ny\u00edlt versenyelj\u00e1r\u00e1si folyamat eredm\u00e9nyek\u00e9nt al\u00e1\u00edrta a Paksi Atomer\u0151m\u0171 5. \u00e9s 6. blokkja sz\u00e1m\u00e1ra k\u00e9sz\u00fcl\u0151 blokkvez\u00e9rl\u0151 berendez\u00e9s gy\u00e1rt\u00e1s\u00e1r\u00f3l, lesz\u00e1ll\u00edt\u00e1s\u00e1r\u00f3l \u00e9s \u00fczembe helyez\u00e9s\u00e9r\u0151l sz\u00f3l\u00f3 szerz\u0151d\u00e9st.<\/strong><!--more--><\/p>\n<div class=\"ads-in-post1\"><div id=\"gazdasagportal.hu_fullbanner_wideboard\"><\/div>\r\n<\/div>\n<p>A dokumentumot Andrej Butko, a RASU vez\u00e9rigazgat\u00f3ja, Carsten Haferkamp, a Framatome SAS \u00fcgyvezet\u0151 igazgat\u00f3ja \u00e9s Jens Koenig, a Siemens AG nukle\u00e1ris automatiz\u00e1lt ir\u00e1ny\u00edt\u00e1si rendszerek \u00fczlet\u00e1g \u00e9rt\u00e9kes\u00edt\u00e9si aleln\u00f6ke valamint Jens Bostelmann, a Siemens AG nukle\u00e1ris automatiz\u00e1lt ir\u00e1ny\u00edt\u00e1si rendszerek glob\u00e1lis \u00e9rt\u00e9kes\u00edt\u00e9si igazgat\u00f3ja l\u00e1tta el k\u00e9zjegy\u00e9vel.<\/p>\n<p>Az al\u00e1\u00edrt szerz\u0151d\u00e9s \u00e9rtelm\u00e9ben a Framatome SAS \u00e9s a Siemens AG konzorciuma k\u00e9sz\u00edti el a blokkvez\u00e9rl\u0151 berendez\u00e9st, illetve elv\u00e9gzi egyebek k\u00f6z\u00f6tt a berendez\u00e9s inform\u00e1ci\u00f3biztons\u00e1gi k\u00f6vetelm\u00e9nyeknek t\u00f6rt\u00e9n\u0151 megfelel\u00e9s\u00e9t tan\u00fas\u00edt\u00f3 iratok \u00e9s min\u0151s\u00edt\u00e9sek beszerz\u00e9s\u00e9t is.<\/p><div id=\"gazda-3924413634\" class=\"gazda-tartalomban gazda-entity-placement\"><script async src=\"https:\/\/pagead2.googlesyndication.com\/pagead\/js\/adsbygoogle.js\"><\/script>\r\n<ins class=\"adsbygoogle\"\r\n     style=\"display:block\"\r\n     data-ad-format=\"fluid\"\r\n     data-ad-layout-key=\"-6t+ed+2i-1n-4w\"\r\n     data-ad-client=\"ca-pub-1959107119989764\"\r\n     data-ad-slot=\"4008251320\"><\/ins>\r\n<script>\r\n     (adsbygoogle = window.adsbygoogle || []).push({});\r\n<\/script><\/div>\n<div class=\"ads-in-post2\"><script async src=\"https:\/\/pagead2.googlesyndication.com\/pagead\/js\/adsbygoogle.js\"><\/script>\r\n<ins class=\"adsbygoogle\"\r\n     style=\"display:block\"\r\n     data-ad-format=\"fluid\"\r\n     data-ad-layout-key=\"-6t+ed+2i-1n-4w\"\r\n     data-ad-client=\"ca-pub-1959107119989764\"\r\n     data-ad-slot=\"4008251320\"><\/ins>\r\n<script>\r\n     (adsbygoogle = window.adsbygoogle || []).push({});\r\n<\/script><\/div>\n\u201eA Framatome-ot b\u00fcszkes\u00e9ggel t\u00f6lti el, hogy partner\u00e9vel, a Siemens AG-val egy\u00fcttm\u0171k\u00f6d\u00e9sben sz\u00e1ll\u00edthatja a Paks II. Atomer\u0151m\u0171 blokkvez\u00e9rl\u0151 berendez\u00e9s\u00e9t\u201d \u2013 k\u00f6z\u00f6lte Fr\u00e9d\u00e9ric Leli\u00e8vre, a Framatome automatiz\u00e1lt Ir\u00e1ny\u00edt\u00e1si rendszerek region\u00e1lis \u00e9rt\u00e9kes\u00edt\u00e9si senior aleln\u00f6ke. Hangs\u00falyozta, hogy a Framatome j\u00f3l felk\u00e9sz\u00fclt szakemberei hossz\u00fa \u00e9vek \u00f3ta sz\u00e1ll\u00edtanak oroszorsz\u00e1gi atomer\u0151m\u0171vek sz\u00e1m\u00e1ra automatiz\u00e1lt ir\u00e1ny\u00edt\u00e1si rendszereket. \u201eA Paks II. projekt sz\u00e1m\u00e1ra k\u00e9sz\u00fcl\u0151 blokkvez\u00e9rl\u0151 berendez\u00e9s gy\u00e1rt\u00e1sa sor\u00e1n t\u00e1maszkodunk arra a szak\u00e9rtelemre, amelyet az erur\u00f3pai VVER t\u00edpus\u00fa reaktorok sz\u00e1m\u00e1ra k\u00e9sz\u00fclt automatiz\u00e1lt ir\u00e1ny\u00edt\u00e1si rendszerekkel szerezt\u00fcnk, gyarap\u00edtva ezzel a Roszatommal k\u00f6z\u00f6s sikeres projektek hossz\u00fa sor\u00e1t\u201d \u2013 hangs\u00falyozta Fr\u00e9d\u00e9ric Leli\u00e8vre.<\/p>\n<p>A RASU a projekt minden szakasz\u00e1ra kiterjed\u0151en integr\u00e1tork\u00e9nt felel a munk\u00e1latok m\u0171szaki ir\u00e1ny\u00edt\u00e1s\u00e1\u00e9rt ide \u00e9rtve a berendez\u00e9s be\u00fczemel\u00e9s\u00e9t is.<\/p>\n<p>\u201eMinden, a Framatome-mal \u00e9s a Siemensszel egy\u00fctt a blokkvez\u00e9rl\u0151 berendez\u00e9s kapcs\u00e1n v\u00e9gzett k\u00f6z\u00f6s munk\u00e1nk arra ir\u00e1nyul, hogy megfelelj\u00fcnk az eur\u00f3pai megrendel\u0151k magas elv\u00e1r\u00e1sainak. Nagyra \u00e9rt\u00e9kelj\u00fck a szervezeteink k\u00f6z\u00f6tti bizalom szintj\u00e9t, \u00e9s b\u00edzunk benne, hogy az egy\u00fcttm\u0171k\u00f6d\u00e9s tov\u00e1bb b\u0151v\u00fcl majd k\u00f6z\u00f6tt\u00fcnk\u201d \u2013 mondta Andrej Butko.<\/p>\n<p>&nbsp;<\/p>\n<p>&nbsp;<\/p>\n<p><strong>H\u00e1tt\u00e9r:<\/strong><\/p>\n<p>A Paksi Atomer\u0151m\u0171 Magyarorsz\u00e1g egyetlen m\u0171k\u00f6d\u0151 atomer\u0151m\u0171ve, amelyben n\u00e9gy VVER-440 t\u00edpus\u00fa blokk \u00fczemel. Az atomer\u0151m\u0171 az orsz\u00e1gban megtermelt villamos energia t\u00f6bb mint 50 sz\u00e1zal\u00e9k\u00e1t \u00e1ll\u00edtja el\u0151. 2014 v\u00e9g\u00e9n \u00edrta al\u00e1 Oroszorsz\u00e1g \u00e9s Magyarorsz\u00e1g azt a szerz\u0151d\u00e9st, amelynek \u00e9rtelm\u00e9ben fel\u00e9p\u00fcl a VVER-1200 t\u00edpus\u00fa, 3+ gener\u00e1ci\u00f3s paksi 5. \u00e9s a 6. blokk, amelyek megfelelnek a legmagasabb szint\u0171 biztons\u00e1gi k\u00f6vetelm\u00e9nyeknek. A Paks-II. Atomer\u0151m\u0171 \u00e9p\u00edt\u00e9s\u00e9t f\u0151v\u00e1llalkoz\u00f3k\u00e9nt a Roszatom tagv\u00e1llalata, az ASZE M\u00e9rn\u00f6ki V\u00e1llalat v\u00e9gzi. A RASU a blokkvez\u00e9rl\u0151 berendez\u00e9s tervez\u00e9s\u00e9vel, lesz\u00e1ll\u00edt\u00e1s\u00e1val \u00e9s \u00fczembe helyez\u00e9s\u00e9vel komplex projektet val\u00f3s\u00edt meg. A Paks II. Atomer\u0151m\u0171 blokkvez\u00e9rl\u0151 berendez\u00e9s\u00e9nek referenci\u00e1ja a Leningr\u00e1di Atomer\u0151m\u0171 II. ki\u00e9p\u00edt\u00e9s blokkvez\u00e9rl\u0151 berendez\u00e9se.<\/p>\n<p>A Ruszatom Automatiz\u00e1lt Vez\u00e9rl\u0151rendszer Rt. (RASU Rt.) a Roszatom \u00e1llami konszern tagv\u00e1llalata, amely \u00a0kiz\u00e1r\u00f3lagos \u00a0\u00e1gazati integr\u00e1tor szerepet t\u00f6lt be a blokkvez\u00e9rl\u0151 berendez\u00e9sek \u00e9s az elektrotechnika ter\u00e9n a komplex m\u00e9rn\u00f6ki megold\u00e1sok tekintet\u00e9ben, amely tev\u00e9kenys\u00e9g sor\u00e1n \u00a0hasznos\u00edtja a Roszatom sok\u00e9ves tapasztalat\u00e1t a blokkvez\u00e9rl\u0151 berendez\u00e9sek \u00e9s az integr\u00e1lt m\u00e9rn\u00f6ki megold\u00e1sok fejleszt\u00e9s\u00e9ben az elektrotechnika ter\u00fclet\u00e9n.<br \/>\nA RASU tev\u00e9kenys\u00e9ge a tervez\u00e9st\u0151l \u00e9s a m\u00e9rn\u00f6ki munk\u00e1t\u00f3l a blokkvez\u00e9rl\u0151 berendez\u00e9sek sz\u00e1ll\u00edt\u00e1s\u00e1ig \u00e9s be\u00fczemel\u00e9s\u00e9ig terjed Oroszorsz\u00e1gban \u00e9s m\u00e1s orsz\u00e1gokban.<\/p>\n","protected":false},"excerpt":{"rendered":"<p>A Framatome SAS \u2013 Siemens AG francia-n\u00e9met konzorcium sz\u00e1ll\u00edtja a Paks II. Atomer\u0151m\u0171 blokkvez\u00e9rl\u0151 berendez\u00e9s\u00e9t, miut\u00e1n 2019. okt\u00f3ber 22-\u00e9n Moszkv\u00e1ban a Rusatom Automatiz\u00e1lt Ir\u00e1ny\u00edt\u00e1si Rendszerek (RASU, a Roszatom le\u00e1nyv\u00e1llalata) \u00e9s a Framatome SAS \u2013 Siemens AG francia-n\u00e9met konzorcium ny\u00edlt versenyelj\u00e1r\u00e1si folyamat eredm\u00e9nyek\u00e9nt al\u00e1\u00edrta a Paksi Atomer\u0151m\u0171 5. \u00e9s 6. blokkja sz\u00e1m\u00e1ra k\u00e9sz\u00fcl\u0151 blokkvez\u00e9rl\u0151 berendez\u00e9s gy\u00e1rt\u00e1s\u00e1r\u00f3l, &#8230;<\/p>\n","protected":false},"author":1001003,"featured_media":0,"comment_status":"closed","ping_status":"open","sticky":false,"template":"","format":"standard","meta":[],"categories":[19],"tags":[],"_links":{"self":[{"href":"https:\/\/gazdasagportal.hu\/index.php\/wp-json\/wp\/v2\/posts\/120671"}],"collection":[{"href":"https:\/\/gazdasagportal.hu\/index.php\/wp-json\/wp\/v2\/posts"}],"about":[{"href":"https:\/\/gazdasagportal.hu\/index.php\/wp-json\/wp\/v2\/types\/post"}],"author":[{"embeddable":true,"href":"https:\/\/gazdasagportal.hu\/index.php\/wp-json\/wp\/v2\/users\/1001003"}],"replies":[{"embeddable":true,"href":"https:\/\/gazdasagportal.hu\/index.php\/wp-json\/wp\/v2\/comments?post=120671"}],"version-history":[{"count":1,"href":"https:\/\/gazdasagportal.hu\/index.php\/wp-json\/wp\/v2\/posts\/120671\/revisions"}],"predecessor-version":[{"id":120672,"href":"https:\/\/gazdasagportal.hu\/index.php\/wp-json\/wp\/v2\/posts\/120671\/revisions\/120672"}],"wp:attachment":[{"href":"https:\/\/gazdasagportal.hu\/index.php\/wp-json\/wp\/v2\/media?parent=120671"}],"wp:term":[{"taxonomy":"category","embeddable":true,"href":"https:\/\/gazdasagportal.hu\/index.php\/wp-json\/wp\/v2\/categories?post=120671"},{"taxonomy":"post_tag","embeddable":true,"href":"https:\/\/gazdasagportal.hu\/index.php\/wp-json\/wp\/v2\/tags?post=120671"}],"curies":[{"name":"wp","href":"https:\/\/api.w.org\/{rel}","templated":true}]}}