{"id":120669,"date":"2019-10-23T16:24:00","date_gmt":"2019-10-23T14:24:00","guid":{"rendered":"http:\/\/gazdasagportal.hu\/?p=120669"},"modified":"2019-10-23T14:25:24","modified_gmt":"2019-10-23T12:25:24","slug":"torok-offenziva-unios-biztos-a-katonai-beavatkozas-sulyosbitja-humanitarius-helyzetet","status":"publish","type":"post","link":"https:\/\/gazdasagportal.hu\/index.php\/torok-offenziva-unios-biztos-a-katonai-beavatkozas-sulyosbitja-humanitarius-helyzetet\/","title":{"rendered":"T\u00f6r\u00f6k offenz\u00edva &#8211; Uni\u00f3s biztos: a katonai beavatkoz\u00e1s s\u00falyosb\u00edtja humanit\u00e1rius helyzetet"},"content":{"rendered":"<p><strong>V\u00e9get kell vetni a sz\u00edriai konfliktus eg\u00e9sz\u00e9nek, a t\u00f6r\u00f6k katonai beavatkoz\u00e1st le kell \u00e1ll\u00edtani, az ugyanis az tov\u00e1bb s\u00falyosb\u00edtja a m\u00e1r eddig is traumatikus humanit\u00e1rius helyzetet &#8211; jelentette ki Hrisztosz Sztilianidisz humanit\u00e1rius seg\u00edts\u00e9gny\u00fajt\u00e1s\u00e9rt \u00e9s v\u00e1ls\u00e1gkezel\u00e9s\u00e9rt felel\u0151s eur\u00f3pai uni\u00f3s biztos Strasbourgban szerd\u00e1n.<\/strong><!--more--><\/p>\n<div class=\"ads-in-post1\"><div id=\"gazdasagportal.hu_fullbanner_wideboard\"><\/div>\r\n<\/div>\n<p>    Sztilianidisz az Eur\u00f3pai Parlament plen\u00e1ris \u00fcl\u00e9s\u00e9nek a t\u00f6r\u00f6k offenz\u00edv\u00e1val foglalkoz\u00f3 vit\u00e1j\u00e1n hangs\u00falyozta, alapvet\u0151 fontoss\u00e1g\u00fa a civil lakoss\u00e1g v\u00e9delme, a nemzetk\u00f6zi jog tiszteletben tart\u00e1sa. A humanit\u00e1rius dolgoz\u00f3k sz\u00e1m\u00e1ra felt\u00e9teleket kell biztos\u00edtani a r\u00e1szorul\u00f3k megseg\u00edt\u00e9se \u00e9rdek\u00e9ben kifejtett munk\u00e1j\u00e1hoz, ehhez meg kell tudni v\u00e9deni az eg\u00e9szs\u00e9g\u00fcgyi int\u00e9zm\u00e9nyeket, az azokban dolgoz\u00f3 orvosok \u00e9s humanit\u00e1rius konvojok biztons\u00e1g\u00e1t &#8211; mondta.<br \/>\n    Az uni\u00f3s biztos elismerte, hogy T\u00f6r\u00f6korsz\u00e1g \u00e9vek \u00f3ta biztons\u00e1gos mened\u00e9ket biztos\u00edt m\u00e1sok mellett sz\u00edriai menek\u00fclteknek, ugyanakkor al\u00e1h\u00fazta, a menek\u00fcltek hazatelep\u00edt\u00e9se nem lehet er\u0151szakos, annak biztons\u00e1gosnak, \u00f6nk\u00e9ntesnek \u00e9s m\u00e9lt\u00f3s\u00e1gteljesnek kell lennie.<br \/>\n    Az eur\u00f3pai parlamenti k\u00e9pvisel\u0151k t\u00f6bbs\u00e9ge a vita sor\u00e1n el\u00edt\u00e9lte a t\u00f6r\u00f6k katonai fell\u00e9p\u00e9st \u00c9szak-Sz\u00edri\u00e1ban. Hangs\u00falyozott v\u00e9lem\u00e9ny\u00fck szerint az Eur\u00f3pai Uni\u00f3nak megold\u00e1st kell tal\u00e1lnia az eg\u00e9sz vil\u00e1g biztons\u00e1g\u00e1t fenyeget\u0151 katonai fell\u00e9p\u00e9sre. Tudatos\u00edtani kell, hogy a konfliktus katonai \u00faton nem, kiz\u00e1r\u00f3lag t\u00e1rgyal\u00f3asztal mellett oldhat\u00f3 meg.<br \/>\n<div class=\"ads-in-post2\"><script async src=\"https:\/\/pagead2.googlesyndication.com\/pagead\/js\/adsbygoogle.js\"><\/script>\r\n<ins class=\"adsbygoogle\"\r\n     style=\"display:block\"\r\n     data-ad-format=\"fluid\"\r\n     data-ad-layout-key=\"-6t+ed+2i-1n-4w\"\r\n     data-ad-client=\"ca-pub-1959107119989764\"\r\n     data-ad-slot=\"4008251320\"><\/ins>\r\n<script>\r\n     (adsbygoogle = window.adsbygoogle || []).push({});\r\n<\/script><\/div>\n    A hozz\u00e1sz\u00f3l\u00f3 k\u00e9pvisel\u0151k k\u00f6z\u00fcl sokan elfogadhatatlannak nevezt\u00e9k, hogy T\u00f6r\u00f6korsz\u00e1g katonai fell\u00e9p\u00e9st vezessen egy szomsz\u00e9dos orsz\u00e1gban. Ahogy szerint\u00fck elfogadhatatlan az is, hogy Ankara a 2016 \u0151sz\u00e9n k\u00f6t\u00f6tt migr\u00e1ci\u00f3s EU-t\u00f6r\u00f6k meg\u00e1llapod\u00e1s felmond\u00e1s\u00e1val zsarolja az EU-t. Azonnali szankci\u00f3k elfogad\u00e1s\u00e1ra van sz\u00fcks\u00e9g, a T\u00f6r\u00f6korsz\u00e1gba ir\u00e1nyul\u00f3 fegyversz\u00e1ll\u00edt\u00e1st minden orsz\u00e1gnak le kell \u00e1ll\u00edtania &#8211; mondt\u00e1k.<br \/>\n    Kijelentett\u00e9k, hogy T\u00f6r\u00f6korsz\u00e1gnak mint a r\u00e9gi\u00f3 nagy \u00e9s er\u0151s orsz\u00e1g\u00e1nak felel\u0151ss\u00e9ge van a t\u00e9rs\u00e9g stabilit\u00e1s\u00e1ban. Arra figyelmeztettek, hogy kurdok t\u00e1mad\u00e1s\u00e1val \u00fajra er\u0151re kaphat az Iszl\u00e1m \u00c1llam terrorszervezet, \u00faj humanit\u00e1rius v\u00e1ls\u00e1g alakulhat ki, ezzel destabiliz\u00e1l\u00f3dva a r\u00e9gi\u00f3t.<br \/>\n    Az EU-nak el kell d\u00f6ntenie, milyen hat\u00e9kony \u00e9s hosszantart\u00f3 int\u00e9zked\u00e9seket tud foganatos\u00edtani, amelyek elrettentik Recep Tayyip Erdogan t\u00f6r\u00f6k eln\u00f6k\u00f6t az ilyen cselekedetekt\u0151l. Hat\u00e1rozott fell\u00e9p\u00e9sre, er\u0151s reakci\u00f3ra van sz\u00fcks\u00e9g. Nemet kell mondatni a t\u00f6r\u00f6k uni\u00f3s k\u00f6zeled\u00e9sre, meg kell szak\u00edtani, be kell fagyasztani a csatlakoz\u00e1si t\u00e1rgyal\u00e1sokat T\u00f6r\u00f6korsz\u00e1ggal &#8211; mondt\u00e1k t\u00f6bben. Erdogan T\u00f6r\u00f6korsz\u00e1g\u00e1nak nincs helye Eur\u00f3p\u00e1ban. Megveti mindazt, ami Eur\u00f3p\u00e1t jelenti, a demokr\u00e1ci\u00e1t, a jog\u00e1llamis\u00e1got, az emberi jogok tiszteletben tart\u00e1s\u00e1t &#8211; tett\u00e9k hozz\u00e1.<br \/>\n    &#8222;A t\u00f6r\u00f6k dikt\u00e1torral olyan nyelven kell besz\u00e9lni, amit meg\u00e9rt. Be kell fagyasztani az uni\u00f3s forr\u00e1sokat&#8221; &#8211; fogalmazott egy felsz\u00f3lal\u00f3.<br \/>\n    M\u00e1sok \u00fagy \u00e9rveltek, figyelembe kell venni T\u00f6r\u00f6korsz\u00e1g biztons\u00e1gi agg\u00e1lyait, k\u00f6zvetlen szomsz\u00e9ds\u00e1g\u00e1nak biztons\u00e1ga ugyanis rendk\u00edv\u00fcl instabil. V\u00e9lem\u00e9ny\u00fck szerint Eur\u00f3p\u00e1nak felel\u0151ss\u00e9ge van a kialakult helyzet\u00e9rt, ugyanis elengedte a r\u00e9gi\u00f3ban \u00e9l\u0151 emberek kez\u00e9t, k\u00f6zt\u00fck t\u00f6bb kisebbs\u00e9g sors\u00e1r\u00f3l feledkezett meg. Eur\u00f3pa \u00f6lbe tett k\u00e9zzel v\u00e1r, nem tesz eleget a konfliktus megold\u00e1sa \u00e9rdek\u00e9ben &#8211; tett\u00e9k hozz\u00e1.<br \/>\n    Az \u00e9szak-sz\u00edriai t\u00f6r\u00f6k katonai offenz\u00edv\u00e1val \u00f6sszef\u00fcgg\u00e9sben az EP plen\u00e1risa cs\u00fct\u00f6rt\u00f6k\u00f6n fogad el \u00e1ll\u00e1sfoglal\u00e1st.(MTI)<\/p>\n","protected":false},"excerpt":{"rendered":"<p>V\u00e9get kell vetni a sz\u00edriai konfliktus eg\u00e9sz\u00e9nek, a t\u00f6r\u00f6k katonai beavatkoz\u00e1st le kell \u00e1ll\u00edtani, az ugyanis az tov\u00e1bb s\u00falyosb\u00edtja a m\u00e1r eddig is traumatikus humanit\u00e1rius helyzetet &#8211; jelentette ki Hrisztosz Sztilianidisz humanit\u00e1rius seg\u00edts\u00e9gny\u00fajt\u00e1s\u00e9rt \u00e9s v\u00e1ls\u00e1gkezel\u00e9s\u00e9rt felel\u0151s eur\u00f3pai uni\u00f3s biztos Strasbourgban szerd\u00e1n.<\/p>\n","protected":false},"author":1001003,"featured_media":0,"comment_status":"closed","ping_status":"open","sticky":false,"template":"","format":"standard","meta":[],"categories":[12],"tags":[],"_links":{"self":[{"href":"https:\/\/gazdasagportal.hu\/index.php\/wp-json\/wp\/v2\/posts\/120669"}],"collection":[{"href":"https:\/\/gazdasagportal.hu\/index.php\/wp-json\/wp\/v2\/posts"}],"about":[{"href":"https:\/\/gazdasagportal.hu\/index.php\/wp-json\/wp\/v2\/types\/post"}],"author":[{"embeddable":true,"href":"https:\/\/gazdasagportal.hu\/index.php\/wp-json\/wp\/v2\/users\/1001003"}],"replies":[{"embeddable":true,"href":"https:\/\/gazdasagportal.hu\/index.php\/wp-json\/wp\/v2\/comments?post=120669"}],"version-history":[{"count":1,"href":"https:\/\/gazdasagportal.hu\/index.php\/wp-json\/wp\/v2\/posts\/120669\/revisions"}],"predecessor-version":[{"id":120670,"href":"https:\/\/gazdasagportal.hu\/index.php\/wp-json\/wp\/v2\/posts\/120669\/revisions\/120670"}],"wp:attachment":[{"href":"https:\/\/gazdasagportal.hu\/index.php\/wp-json\/wp\/v2\/media?parent=120669"}],"wp:term":[{"taxonomy":"category","embeddable":true,"href":"https:\/\/gazdasagportal.hu\/index.php\/wp-json\/wp\/v2\/categories?post=120669"},{"taxonomy":"post_tag","embeddable":true,"href":"https:\/\/gazdasagportal.hu\/index.php\/wp-json\/wp\/v2\/tags?post=120669"}],"curies":[{"name":"wp","href":"https:\/\/api.w.org\/{rel}","templated":true}]}}