{"id":120667,"date":"2019-10-23T13:16:45","date_gmt":"2019-10-23T11:16:45","guid":{"rendered":"http:\/\/gazdasagportal.hu\/?p=120667"},"modified":"2019-10-23T12:17:33","modified_gmt":"2019-10-23T10:17:33","slug":"harminckilenc-holttestet-talaltak-egy-teherautoban-angliaban","status":"publish","type":"post","link":"https:\/\/gazdasagportal.hu\/index.php\/harminckilenc-holttestet-talaltak-egy-teherautoban-angliaban\/","title":{"rendered":"Harminckilenc holttestet tal\u00e1ltak egy teheraut\u00f3ban Angli\u00e1ban"},"content":{"rendered":"<p><strong>Harminckilenc holttestet tal\u00e1ltak egy bolg\u00e1r kamionban a d\u00e9lkelet-angliai Essex megy\u00e9ben &#8211; k\u00f6z\u00f6lte szerd\u00e1n a helyi rend\u0151rs\u00e9g.<\/strong><!--more--><\/p>\n<div class=\"ads-in-post1\"><div id=\"gazdasagportal.hu_fullbanner_wideboard\"><\/div>\r\n<\/div>\n<p>    Andrew Mariner f\u0151fel\u00fcgyel\u0151 sajt\u00f3t\u00e1j\u00e9koztat\u00f3j\u00e1n elmondta: a kamion szombaton l\u00e9pett be Nagy-Britanni\u00e1ba az \u00e9szak-walesi Holyhead kik\u00f6t\u0151j\u00e9ben, csaknem 500 kilom\u00e9terre \u00e9szaknyugatra att\u00f3l a helyt\u0151l, ahol a teheraut\u00f3ra szerda hajnalban r\u00e1bukkantak.<br \/>\n    A rend\u0151rs\u00e9g a ment\u0151k \u00e9rtes\u00edt\u00e9se alapj\u00e1n vonult ki Thurrock v\u00e1ros\u00e1nak Waterglade nev\u0171 ipari parkj\u00e1ba, ahol a kamion parkolt.<br \/>\n    Holyhead Nagy-Britannia nyugati partvid\u00e9k\u00e9nek egyik legforgalmasabb kompkik\u00f6t\u0151je, amely els\u0151sorban a Nagy-Britannia \u00e9s \u00cdrorsz\u00e1g k\u00f6z\u00f6tti kompforgalmat szolg\u00e1lja ki.<br \/>\n    Az ipari park, ahol a kamiont megtal\u00e1lt\u00e1k, a d\u00e9lkelet-angliai Dover kik\u00f6t\u0151j\u00e9be, illetve a Csatorna-alag\u00fat termin\u00e1lj\u00e1hoz tart\u00f3 kamionok pihen\u0151helyek\u00e9nt is szolg\u00e1l.<br \/>\n    Az eddigi hat\u00f3s\u00e1gi t\u00e1j\u00e9koztat\u00e1sok nem t\u00e9rtek ki arra, hogy a kamion merre tartott.<br \/>\n    Az ipari parkot a rend\u0151rs\u00e9g lez\u00e1rta, a teheraut\u00f3 25 \u00e9ves \u00e9szak-\u00edrorsz\u00e1gi illet\u0151s\u00e9g\u0171 sof\u0151rj\u00e9t gyilkoss\u00e1g gyan\u00faj\u00e1val \u0151rizetbe vett\u00e9k.<br \/>\n<div class=\"ads-in-post2\"><script async src=\"https:\/\/pagead2.googlesyndication.com\/pagead\/js\/adsbygoogle.js\"><\/script>\r\n<ins class=\"adsbygoogle\"\r\n     style=\"display:block\"\r\n     data-ad-format=\"fluid\"\r\n     data-ad-layout-key=\"-6t+ed+2i-1n-4w\"\r\n     data-ad-client=\"ca-pub-1959107119989764\"\r\n     data-ad-slot=\"4008251320\"><\/ins>\r\n<script>\r\n     (adsbygoogle = window.adsbygoogle || []).push({});\r\n<\/script><\/div>\n    Andrew Mariner t\u00e1j\u00e9koztat\u00e1sa szerint az \u00e1ldozatok k\u00f6z\u00f6tt 38 feln\u0151tt \u00e9s egy tin\u00e9dzser van.<br \/>\n    A f\u0151fel\u00fcgyel\u0151 elmondta: megkezd\u0151d\u00f6tt az \u00e1ldozatok azonos\u00edt\u00e1sa, de ez v\u00e1rhat\u00f3an hossz\u00fa ideig eltart.<br \/>\n    Jackie Doyle-Price, Thurrock konzervat\u00edv p\u00e1rti als\u00f3h\u00e1zi k\u00e9pvisel\u0151je a Twitter port\u00e1lon k\u00f6zz\u00e9tett szerdai bejegyz\u00e9s\u00e9ben egyenes utal\u00e1st tett arra, hogy embercsemp\u00e9szettel \u00f6sszef\u00fcgg\u0151 b\u0171ncselekm\u00e9nyr\u0151l lehet sz\u00f3. Azt \u00edrta: az embercsemp\u00e9szet &#8222;elvetem\u00fclt \u00e9s vesz\u00e9lyes cselekm\u00e9ny&#8221;.<br \/>\n    Priti Patel brit bel\u00fcgyminiszter szerdai Twitter-\u00fczenet\u00e9ben megd\u00f6bben\u00e9s\u00e9nek adott kifejez\u00e9st a trag\u00e9dia miatt, de alig burkoltan \u00f3vatoss\u00e1gra intett mindenkit az eset k\u00f6r\u00fclm\u00e9nyeivel kapcsolatban. \u00dagy fogalmazott: hagyni kell, hogy a rend\u0151rs\u00e9g elv\u00e9gezhesse a vizsg\u00e1latot.(MTI)<\/p>\n","protected":false},"excerpt":{"rendered":"<p>Harminckilenc holttestet tal\u00e1ltak egy bolg\u00e1r kamionban a d\u00e9lkelet-angliai Essex megy\u00e9ben &#8211; k\u00f6z\u00f6lte szerd\u00e1n a helyi rend\u0151rs\u00e9g.<\/p>\n","protected":false},"author":1001003,"featured_media":0,"comment_status":"closed","ping_status":"open","sticky":false,"template":"","format":"standard","meta":[],"categories":[12],"tags":[],"_links":{"self":[{"href":"https:\/\/gazdasagportal.hu\/index.php\/wp-json\/wp\/v2\/posts\/120667"}],"collection":[{"href":"https:\/\/gazdasagportal.hu\/index.php\/wp-json\/wp\/v2\/posts"}],"about":[{"href":"https:\/\/gazdasagportal.hu\/index.php\/wp-json\/wp\/v2\/types\/post"}],"author":[{"embeddable":true,"href":"https:\/\/gazdasagportal.hu\/index.php\/wp-json\/wp\/v2\/users\/1001003"}],"replies":[{"embeddable":true,"href":"https:\/\/gazdasagportal.hu\/index.php\/wp-json\/wp\/v2\/comments?post=120667"}],"version-history":[{"count":1,"href":"https:\/\/gazdasagportal.hu\/index.php\/wp-json\/wp\/v2\/posts\/120667\/revisions"}],"predecessor-version":[{"id":120668,"href":"https:\/\/gazdasagportal.hu\/index.php\/wp-json\/wp\/v2\/posts\/120667\/revisions\/120668"}],"wp:attachment":[{"href":"https:\/\/gazdasagportal.hu\/index.php\/wp-json\/wp\/v2\/media?parent=120667"}],"wp:term":[{"taxonomy":"category","embeddable":true,"href":"https:\/\/gazdasagportal.hu\/index.php\/wp-json\/wp\/v2\/categories?post=120667"},{"taxonomy":"post_tag","embeddable":true,"href":"https:\/\/gazdasagportal.hu\/index.php\/wp-json\/wp\/v2\/tags?post=120667"}],"curies":[{"name":"wp","href":"https:\/\/api.w.org\/{rel}","templated":true}]}}