{"id":120655,"date":"2019-10-22T15:00:07","date_gmt":"2019-10-22T13:00:07","guid":{"rendered":"http:\/\/gazdasagportal.hu\/?p=120655"},"modified":"2019-10-22T15:00:07","modified_gmt":"2019-10-22T13:00:07","slug":"europai-bizottsag-a-juncker-terv-11-millio-munkahely-letrejottet-segitette","status":"publish","type":"post","link":"https:\/\/gazdasagportal.hu\/index.php\/europai-bizottsag-a-juncker-terv-11-millio-munkahely-letrejottet-segitette\/","title":{"rendered":"Eur\u00f3pai Bizotts\u00e1g: a Juncker-terv 1,1 milli\u00f3 munkahely l\u00e9trej\u00f6tt\u00e9t seg\u00edtette"},"content":{"rendered":"<p><strong>K\u00f6r\u00fclbel\u00fcl 1,1 milli\u00f3 munkahely l\u00e9trej\u00f6tt\u00e9t seg\u00edtette \u00e9s 0,9 sz\u00e1zal\u00e9kkal j\u00e1rult hozz\u00e1 az Eur\u00f3pai Uni\u00f3 brutt\u00f3 hazai term\u00e9k\u00e9nek (GDP) n\u00f6veked\u00e9s\u00e9hez az Eur\u00f3pai Strat\u00e9giai Beruh\u00e1z\u00e1si Alap (EFSI) &#8211; k\u00f6z\u00f6lte kedden Jean-Claude Juncker, az Eur\u00f3pai Bizotts\u00e1g eln\u00f6ke.<\/strong><!--more--><\/p>\n<div class=\"ads-in-post1\"><div id=\"gazdasagportal.hu_fullbanner_wideboard\"><\/div>\r\n<\/div>\n<p>    Becsl\u00e9sek szerint a 2015-ben elind\u00edtott, Juncker-tervnek is nevezett EFSI 2022-re 1,8 sz\u00e1zal\u00e9kos GDP-b\u0151v\u00fcl\u00e9st \u00e9s 1,7 milli\u00f3 \u00faj munkahely megteremt\u00e9s\u00e9t tudja majd felmutatni &#8211; ismertetett egy friss jelent\u00e9st a br\u00fcsszeli test\u00fclet eln\u00f6ke az Eur\u00f3pai Parlament plen\u00e1ris \u00fcl\u00e9s\u00e9n.<br \/>\n    Kiemelte, hogy a beruh\u00e1z\u00e1s\u00f6szt\u00f6nz\u0151 int\u00e9zked\u00e9scsomag keret\u00e9ben eddig mintegy 432 milli\u00e1rd eur\u00f3t mozg\u00f3s\u00edtottak, amelynek t\u00falnyom\u00f3 r\u00e9sze mag\u00e1nforr\u00e1sb\u00f3l sz\u00e1rmazik, s jelenleg is t\u00f6bb mint egymilli\u00f3 kis- \u00e9s k\u00f6z\u00e9pv\u00e1llalkoz\u00e1st t\u00e1mogatnak.<br \/>\n    &#8222;Mindig is mondtam, hogy az EFSI nem gy\u00f3gy\u00edr minden bajra, de b\u00fcszk\u00e9k lehet\u00fcnk az eredm\u00e9nyekre&#8221; &#8211; fogalmazott, hozz\u00e1t\u00e9ve, hogy 2000 \u00f3ta nem volt ilyen alacsony a munkan\u00e9lk\u00fclis\u00e9gi r\u00e1ta az EU-ban.<br \/>\n    A Juncker-terv l\u00e9nyege, hogy az uni\u00f3s b\u00fcdzs\u00e9b\u0151l rendelkez\u00e9sre bocs\u00e1tott \u00f6sszegek seg\u00edts\u00e9g\u00e9vel olyan beruh\u00e1z\u00e1sok megval\u00f3sul\u00e1s\u00e1t seg\u00edts\u00e9k el\u0151 a multiplik\u00e1torhat\u00e1st kihaszn\u00e1lva, amelyeket a mag\u00e1nszektor gazdas\u00e1gi alapon, ilyen \u00f6szt\u00f6nz\u0151k n\u00e9lk\u00fcl esetleg t\u00fal kock\u00e1zatosnak \u00edt\u00e9lne.<br \/>\n<div class=\"ads-in-post2\"><script async src=\"https:\/\/pagead2.googlesyndication.com\/pagead\/js\/adsbygoogle.js\"><\/script>\r\n<ins class=\"adsbygoogle\"\r\n     style=\"display:block\"\r\n     data-ad-format=\"fluid\"\r\n     data-ad-layout-key=\"-6t+ed+2i-1n-4w\"\r\n     data-ad-client=\"ca-pub-1959107119989764\"\r\n     data-ad-slot=\"4008251320\"><\/ins>\r\n<script>\r\n     (adsbygoogle = window.adsbygoogle || []).push({});\r\n<\/script><\/div>\n    Jean-Claude Juncker egyebek mellett kit\u00e9rt arra is, hogy az EU 2014 \u00f3ta tizen\u00f6t orsz\u00e1ggal k\u00f6t\u00f6tt kereskedelmi meg\u00e1llapod\u00e1st, az uni\u00f3s export 15 sz\u00e1zal\u00e9kkal n\u0151tt.<br \/>\n    A migr\u00e1ci\u00f3 kapcs\u00e1n al\u00e1h\u00fazta, hogy 2015 szeptember\u00e9hez k\u00e9pest t\u00f6bb mint 90 sz\u00e1zal\u00e9kkal cs\u00f6kkent az \u00e9rkez\u0151k sz\u00e1ma, s az \u00e9vek sor\u00e1n a tengeri m\u0171veletekben t\u00f6bb mint 760 ezer ember \u00e9let\u00e9t siker\u00fclt megmenteni.<br \/>\n    Hozz\u00e1tette, er\u0151s\u00edteni kell az Eur\u00f3pai Uni\u00f3 szerep\u00e9t a vil\u00e1gban, ehhez szerinte min\u0151s\u00edtett t\u00f6bbs\u00e9gi d\u00f6nt\u00e9shoz\u00e1sra kellene \u00e1tt\u00e9rni az uni\u00f3s tag\u00e1llamok tan\u00e1cs\u00e1ban a fontosabb ter\u00fcleteken.<br \/>\n    &#8222;B\u00fcszke vagyok r\u00e1, hogy az elm\u00falt \u00e9vekben kis r\u00e9sze voltam valaminek, ami sokkal nagyobb \u00e9s fontosabb b\u00e1rmelyik\u00fcnkn\u00e9l&#8221; &#8211; mondta a k\u00e9pvisel\u0151k el\u0151tt.<br \/>\n    &#8222;Tov\u00e1bbra is harcolni kell Eur\u00f3p\u00e1\u00e9rt, \u00e9s az ostoba nacionalizmusok ellen. \u00c9ljen sok\u00e1 Eur\u00f3pa! &#8211; z\u00e1rta a besz\u00e9d\u00e9t, amelyet hosszan tart\u00f3 taps k\u00f6vetett az egy\u00e9bk\u00e9nt csak f\u00e9lig teli \u00fcl\u00e9steremben.<br \/>\n    A strasbourgi vit\u00e1n Juncker \u00f6t\u00e9ves mand\u00e1tum\u00e1t \u00e9rt\u00e9kelt\u00e9k, mivel nagy r\u00e1 az es\u00e9ly, hogy a bizotts\u00e1g jelenlegi eln\u00f6ke most jelenik meg utolj\u00e1ra a k\u00e9pvisel\u0151test\u00fclet el\u0151tt.<br \/>\n    Juncker k\u00f6zel h\u00fasz \u00e9ven kereszt\u00fcl volt Luxemburg korm\u00e1nyf\u0151je, teljes politikai karrierje sor\u00e1n 147 EU-cs\u00facstal\u00e1lkoz\u00f3n vett r\u00e9szt, ami rekordnak sz\u00e1m\u00edt.(MTI)<\/p>\n","protected":false},"excerpt":{"rendered":"<p>K\u00f6r\u00fclbel\u00fcl 1,1 milli\u00f3 munkahely l\u00e9trej\u00f6tt\u00e9t seg\u00edtette \u00e9s 0,9 sz\u00e1zal\u00e9kkal j\u00e1rult hozz\u00e1 az Eur\u00f3pai Uni\u00f3 brutt\u00f3 hazai term\u00e9k\u00e9nek (GDP) n\u00f6veked\u00e9s\u00e9hez az Eur\u00f3pai Strat\u00e9giai Beruh\u00e1z\u00e1si Alap (EFSI) &#8211; k\u00f6z\u00f6lte kedden Jean-Claude Juncker, az Eur\u00f3pai Bizotts\u00e1g eln\u00f6ke.<\/p>\n","protected":false},"author":1,"featured_media":0,"comment_status":"closed","ping_status":"open","sticky":false,"template":"","format":"standard","meta":[],"categories":[12,246],"tags":[],"_links":{"self":[{"href":"https:\/\/gazdasagportal.hu\/index.php\/wp-json\/wp\/v2\/posts\/120655"}],"collection":[{"href":"https:\/\/gazdasagportal.hu\/index.php\/wp-json\/wp\/v2\/posts"}],"about":[{"href":"https:\/\/gazdasagportal.hu\/index.php\/wp-json\/wp\/v2\/types\/post"}],"author":[{"embeddable":true,"href":"https:\/\/gazdasagportal.hu\/index.php\/wp-json\/wp\/v2\/users\/1"}],"replies":[{"embeddable":true,"href":"https:\/\/gazdasagportal.hu\/index.php\/wp-json\/wp\/v2\/comments?post=120655"}],"version-history":[{"count":1,"href":"https:\/\/gazdasagportal.hu\/index.php\/wp-json\/wp\/v2\/posts\/120655\/revisions"}],"predecessor-version":[{"id":120656,"href":"https:\/\/gazdasagportal.hu\/index.php\/wp-json\/wp\/v2\/posts\/120655\/revisions\/120656"}],"wp:attachment":[{"href":"https:\/\/gazdasagportal.hu\/index.php\/wp-json\/wp\/v2\/media?parent=120655"}],"wp:term":[{"taxonomy":"category","embeddable":true,"href":"https:\/\/gazdasagportal.hu\/index.php\/wp-json\/wp\/v2\/categories?post=120655"},{"taxonomy":"post_tag","embeddable":true,"href":"https:\/\/gazdasagportal.hu\/index.php\/wp-json\/wp\/v2\/tags?post=120655"}],"curies":[{"name":"wp","href":"https:\/\/api.w.org\/{rel}","templated":true}]}}