{"id":120649,"date":"2019-10-22T13:19:30","date_gmt":"2019-10-22T11:19:30","guid":{"rendered":"http:\/\/gazdasagportal.hu\/?p=120649"},"modified":"2019-10-22T13:19:30","modified_gmt":"2019-10-22T11:19:30","slug":"az-europai-bizottsag-koltsegvetesi-tervezete-tisztazasara-kerte-franciaorszagot-es-olaszorszagot","status":"publish","type":"post","link":"https:\/\/gazdasagportal.hu\/index.php\/az-europai-bizottsag-koltsegvetesi-tervezete-tisztazasara-kerte-franciaorszagot-es-olaszorszagot\/","title":{"rendered":"Az Eur\u00f3pai Bizotts\u00e1g k\u00f6lts\u00e9gvet\u00e9si tervezete tiszt\u00e1z\u00e1s\u00e1ra k\u00e9rte Franciaorsz\u00e1got \u00e9s Olaszorsz\u00e1got"},"content":{"rendered":"<p><strong>A j\u00f6v\u0151 \u00e9vi k\u00f6lts\u00e9gvet\u00e9si tervezete tiszt\u00e1z\u00e1s\u00e1ra k\u00e9rte Franciaorsz\u00e1got \u00e9s Olaszorsz\u00e1got kedden az Eur\u00f3pai Bizotts\u00e1g.<\/strong><!--more--><\/p>\n<div class=\"ads-in-post1\"><div id=\"gazdasagportal.hu_fullbanner_wideboard\"><\/div>\r\n<\/div>\n<p>    A br\u00fcsszeli test\u00fclet aggodalm\u00e1t fejezte ki amiatt, hogy a c\u00e9lsz\u00e1mok jelent\u0151sen elt\u00e9rnek a kor\u00e1bbi v\u00e1llal\u00e1sokt\u00f3l.<br \/>\n    &#8222;Az olasz tervezet nem felel meg az \u00e1llamad\u00f3ss\u00e1g m\u00e9rs\u00e9kl\u00e9s\u00e9t szolg\u00e1l\u00f3 2020-as c\u00e9loknak&#8221; &#8211; \u00edrta level\u00e9ben Pierre Moscovici uni\u00f3s p\u00e9nz\u00fcgyi biztos, aki emellett arr\u00f3l sz\u00e1molt be, hogy tanulm\u00e1nyozni fogj\u00e1k R\u00f3ma k\u00e9r\u00e9s\u00e9t, hogy tan\u00fas\u00edtsanak bizonyos &#8222;rugalmass\u00e1got&#8221; a szab\u00e1lyokat illet\u0151en.<br \/>\n    A k\u00e9t orsz\u00e1g korm\u00e1ny\u00e1t\u00f3l szerd\u00e1ig v\u00e1rnak v\u00e1laszt. Ugyanakkor a b\u00fcdzs\u00e9tervek hi\u00e1nyoss\u00e1ga miatt k\u00fcl\u00f6nb\u00f6z\u0151 \u00fcgyekben megkerest\u00e9k Belgiumot, Finnorsz\u00e1got, illetve Spanyolorsz\u00e1got is.<br \/>\n    Az olasz korm\u00e1ny el\u0151z\u0151 h\u00e9ten k\u00fcldte meg az Eur\u00f3pai Bizotts\u00e1gnak a tervezet\u00e9t, amelyben 2,2 sz\u00e1zal\u00e9kos deficittel sz\u00e1molnak, \u00e9s ez a test\u00fclet szerint t\u00fal magas.<br \/>\n    A francia tervek pedig ad\u00f3cs\u00f6kkent\u00e9seket tartalmaznak mintegy kilencmilli\u00e1rd eur\u00f3 \u00e9rt\u00e9kben. Br\u00fcsszel arra figyelmeztetett, hogy ezek nem \u00e1llnak \u00f6sszhangban a k\u00f6telezetts\u00e9gv\u00e1llal\u00e1sokkal, \u00edgy jelent\u0151sen elt\u00e9rhetnek a k\u00f6z\u00f6ss\u00e9gi el\u0151\u00edr\u00e1sokt\u00f3l.<br \/>\n<div class=\"ads-in-post2\"><script async src=\"https:\/\/pagead2.googlesyndication.com\/pagead\/js\/adsbygoogle.js\"><\/script>\r\n<ins class=\"adsbygoogle\"\r\n     style=\"display:block\"\r\n     data-ad-format=\"fluid\"\r\n     data-ad-layout-key=\"-6t+ed+2i-1n-4w\"\r\n     data-ad-client=\"ca-pub-1959107119989764\"\r\n     data-ad-slot=\"4008251320\"><\/ins>\r\n<script>\r\n     (adsbygoogle = window.adsbygoogle || []).push({});\r\n<\/script><\/div>\n    Egyes uni\u00f3s szak\u00e9rt\u0151k szerint ez lehet az els\u0151 l\u00e9p\u00e9s a jelenlegi p\u00e1rizsi \u00e9s r\u00f3mai k\u00f6lts\u00e9gvet\u00e9si tervezet elutas\u00edt\u00e1sa fel\u00e9, m\u00e1sok azonban ezt val\u00f3sz\u00edn\u0171tlennek tartj\u00e1k.<br \/>\n    &#8222;Rendelkez\u00e9sre bocs\u00e1tjuk a pontos\u00edt\u00e1sokat, nem agg\u00f3dunk. Sz\u00fcks\u00e9ges a p\u00e1rbesz\u00e9d, nem fogunk kit\u00e9rni el\u0151le&#8221; &#8211; jelentette ki Giuseppe Conte olasz minisztereln\u00f6k.<br \/>\n    Az Eur\u00f3pai Bizotts\u00e1g tavaly m\u00e1r elutas\u00edtotta Olaszorsz\u00e1g k\u00f6lts\u00e9gvet\u00e9s\u00e9t, ez volt az els\u0151 ilyen alkalom az int\u00e9zm\u00e9ny t\u00f6rt\u00e9net\u00e9ben. R\u00f3ma a kezdeti tiltakoz\u00e1s ellen\u00e9re k\u00e9s\u0151bb beleegyezett a korrekci\u00f3ba.(MTI)<\/p>\n","protected":false},"excerpt":{"rendered":"<p>A j\u00f6v\u0151 \u00e9vi k\u00f6lts\u00e9gvet\u00e9si tervezete tiszt\u00e1z\u00e1s\u00e1ra k\u00e9rte Franciaorsz\u00e1got \u00e9s Olaszorsz\u00e1got kedden az Eur\u00f3pai Bizotts\u00e1g.<\/p>\n","protected":false},"author":1,"featured_media":0,"comment_status":"closed","ping_status":"open","sticky":false,"template":"","format":"standard","meta":[],"categories":[12,246],"tags":[],"_links":{"self":[{"href":"https:\/\/gazdasagportal.hu\/index.php\/wp-json\/wp\/v2\/posts\/120649"}],"collection":[{"href":"https:\/\/gazdasagportal.hu\/index.php\/wp-json\/wp\/v2\/posts"}],"about":[{"href":"https:\/\/gazdasagportal.hu\/index.php\/wp-json\/wp\/v2\/types\/post"}],"author":[{"embeddable":true,"href":"https:\/\/gazdasagportal.hu\/index.php\/wp-json\/wp\/v2\/users\/1"}],"replies":[{"embeddable":true,"href":"https:\/\/gazdasagportal.hu\/index.php\/wp-json\/wp\/v2\/comments?post=120649"}],"version-history":[{"count":1,"href":"https:\/\/gazdasagportal.hu\/index.php\/wp-json\/wp\/v2\/posts\/120649\/revisions"}],"predecessor-version":[{"id":120650,"href":"https:\/\/gazdasagportal.hu\/index.php\/wp-json\/wp\/v2\/posts\/120649\/revisions\/120650"}],"wp:attachment":[{"href":"https:\/\/gazdasagportal.hu\/index.php\/wp-json\/wp\/v2\/media?parent=120649"}],"wp:term":[{"taxonomy":"category","embeddable":true,"href":"https:\/\/gazdasagportal.hu\/index.php\/wp-json\/wp\/v2\/categories?post=120649"},{"taxonomy":"post_tag","embeddable":true,"href":"https:\/\/gazdasagportal.hu\/index.php\/wp-json\/wp\/v2\/tags?post=120649"}],"curies":[{"name":"wp","href":"https:\/\/api.w.org\/{rel}","templated":true}]}}