{"id":120647,"date":"2019-10-22T12:43:55","date_gmt":"2019-10-22T10:43:55","guid":{"rendered":"http:\/\/gazdasagportal.hu\/?p=120647"},"modified":"2019-10-22T12:43:55","modified_gmt":"2019-10-22T10:43:55","slug":"torok-offenziva-erdogan-a-tuzszunet-lejarta-elott-ismet-kilatasba-helyezte-a-sziriai-hadmuvelet-folytatasat","status":"publish","type":"post","link":"https:\/\/gazdasagportal.hu\/index.php\/torok-offenziva-erdogan-a-tuzszunet-lejarta-elott-ismet-kilatasba-helyezte-a-sziriai-hadmuvelet-folytatasat\/","title":{"rendered":"T\u00f6r\u00f6k offenz\u00edva &#8211; Erdogan a t\u0171zsz\u00fcnet lej\u00e1rta el\u0151tt ism\u00e9t kil\u00e1t\u00e1sba helyezte a sz\u00edriai hadm\u0171velet folytat\u00e1s\u00e1t"},"content":{"rendered":"<p><strong>Recep Tayyip Erdogan t\u00f6r\u00f6k eln\u00f6k kedden, az \u00f6tnapos \u00e9szakkelet-sz\u00edriai t\u0171zsz\u00fcneti meg\u00e1llapod\u00e1s lej\u00e1rt\u00e1nak napj\u00e1n ism\u00e9t kil\u00e1t\u00e1sba helyezte a t\u00f6r\u00f6k hadm\u0171velet folytat\u00e1s\u00e1t a kurd fegyveresek ellen az egyezm\u00e9ny sikertelens\u00e9ge eset\u00e9n.<\/strong><!--more--><\/p>\n<div class=\"ads-in-post1\"><div id=\"gazdasagportal.hu_fullbanner_wideboard\"><\/div>\r\n<\/div>\n<p>    A t\u00f6r\u00f6k \u00e1llamf\u0151 az ankarai Esenboga rep\u00fcl\u0151t\u00e9ren tartott sajt\u00f3t\u00e1j\u00e9koztat\u00f3t, miel\u0151tt Szocsiba indult, hogy Vlagyimir Putyin orosz eln\u00f6kkel t\u00e1rgyaljon Sz\u00edria \u00fcgy\u00e9ben.<br \/>\n    Erdogan \u00fagy fogalmazott: ha az Egyes\u00fclt \u00c1llamok nem tartja be \u00edg\u00e9reteit, abban az esetben T\u00f6r\u00f6korsz\u00e1g az offenz\u00edv\u00e1t onnan folytatja majd, ahol abbamaradt, de ez\u00fattal &#8222;sokkal hat\u00e1rozottabb form\u00e1ban&#8221;.<br \/>\n    A cs\u00fct\u00f6rt\u00f6ki t\u00f6r\u00f6k-amerikai t\u0171zsz\u00fcneti meg\u00e1llapod\u00e1s szerint a fegyvernyugv\u00e1s t\u00f6r\u00f6k id\u0151 szerint kedd este 22 \u00f3r\u00e1ig tart. Ankara \u00e9s Washington abban egyezett meg, hogy T\u00f6r\u00f6korsz\u00e1g 120 \u00f3r\u00e1ra felhagy a harci cselekm\u00e9nyekkel az \u00e1ltala terrorszervezetk\u00e9nt kezelt N\u00e9pv\u00e9delmi Egys\u00e9gek (YPG) nev\u0171 kurd mil\u00edci\u00e1val szemben, amennyiben a kurd harcosok ez id\u0151 alatt kivonulnak abb\u00f3l az Eufr\u00e1tesz foly\u00f3t\u00f3l az iraki hat\u00e1rig tart\u00f3, 440 kilom\u00e9ter sz\u00e9les \u00e9s 32 kilom\u00e9ter m\u00e9ly s\u00e1vb\u00f3l, ahol Ankara biztons\u00e1gi \u00f6vezetet akar l\u00e9trehozni.<br \/>\n<div class=\"ads-in-post2\"><script async src=\"https:\/\/pagead2.googlesyndication.com\/pagead\/js\/adsbygoogle.js\"><\/script>\r\n<ins class=\"adsbygoogle\"\r\n     style=\"display:block\"\r\n     data-ad-format=\"fluid\"\r\n     data-ad-layout-key=\"-6t+ed+2i-1n-4w\"\r\n     data-ad-client=\"ca-pub-1959107119989764\"\r\n     data-ad-slot=\"4008251320\"><\/ins>\r\n<script>\r\n     (adsbygoogle = window.adsbygoogle || []).push({});\r\n<\/script><\/div>\n    A t\u00f6r\u00f6k eln\u00f6k kedden k\u00f6z\u00f6lte: eddig 700-800 milicista hagyta el a kijel\u00f6lt ter\u00fcletet, de \u00e1ll\u00edt\u00f3lag a fennmarad\u00f3 1200-1300 is gyorsan ki fog vonulni onnan. Erdogan \u00fajs\u00e1g\u00edr\u00f3i k\u00e9rd\u00e9sre v\u00e1laszolva elmondta: azokat a fegyvereket, amelyeket a &#8222;terrorist\u00e1k&#8221; nem tudnak magukkal vinni \u00e9s a rakt\u00e1rakban hagynak, a t\u00f6r\u00f6k hadsereg \u00f6sszegy\u0171jti.<br \/>\n    Mindek\u00f6zben a t\u00f6r\u00f6k v\u00e9delmi miniszt\u00e9rium kedden arr\u00f3l sz\u00e1molt be, hogy a &#8222;terrorist\u00e1k&#8221; 42 alkalommal s\u00e9rtett\u00e9k meg a fegyvernyugv\u00e1st. Egy\u00fattal jelezt\u00e9k: azt a &#8222;terrorist\u00e1t&#8221;, akit 22 \u00f3ra ut\u00e1n a t\u00e9rs\u00e9gben tal\u00e1lnak, &#8222;harck\u00e9ptelenn\u00e9 teszik&#8221;.<br \/>\n    A t\u00f6r\u00f6k \u00e1llamf\u0151 keddi sajt\u00f3t\u00e1j\u00e9koztat\u00f3j\u00e1n azt is elmondta, hogy az \u00e9szakkelet-sz\u00edriai hadm\u0171velet keret\u00e9ben a t\u00f6r\u00f6k hadsereg mostan\u00e1ig, 160 telep\u00fcl\u00e9st bele\u00e9rtve, \u00f6sszesen 2200 n\u00e9gyzetkilom\u00e9tert &#8222;tiszt\u00edtott meg a terrorist\u00e1kt\u00f3l&#8221;. Kifejtette: a harcokban h\u00e9t katona, a sz\u00f6vets\u00e9ges Sz\u00edriai Nemzeti Hadsereg (SNA) nev\u0171 ellenz\u00e9ki csoport 79 fegyverese \u00e9s 20 civil vesztette \u00e9let\u00e9t a t\u00f6r\u00f6k oldalon, mik\u00f6zben Ankara 775 &#8222;terrorist\u00e1t tett harck\u00e9ptelenn\u00e9&#8221;.<br \/>\n    Erdogan kedden arr\u00f3l is besz\u00e9lt, hogy az offenz\u00edv\u00e1ra vonatkoz\u00f3 egyes ir\u00e1ni nyilatkozatok komolyan elszomor\u00edtott\u00e1k. A kijelent\u00e9sek nem Haszan R\u00f3h\u00e1ni ir\u00e1ni eln\u00f6kt\u0151l \u00e9rkeztek &#8211; mutatott r\u00e1 a t\u00f6r\u00f6k eln\u00f6k, \u00fagy v\u00e9lekedve, hogy ezeket a hangokat m\u00e9gis els\u0151sorban R\u00f3h\u00e1ninak el kellett volna hallgattatnia.<br \/>\n    Abb\u00e1sz Muszavi, az ir\u00e1ni k\u00fcl\u00fcgyminiszt\u00e9rium sz\u00f3viv\u0151je h\u00e9tf\u0151i sajt\u00f3\u00e9rtekezlet\u00e9n el\u00edt\u00e9lte, hogy T\u00f6r\u00f6korsz\u00e1g had\u00e1ll\u00e1sokat akar l\u00e9tes\u00edteni Sz\u00edri\u00e1ban, \u00e9s azt k\u00f6vetelte, hogy Ankara tartsa tiszteletben Teher\u00e1n legf\u0151bb region\u00e1lis sz\u00f6vets\u00e9ges\u00e9nek, Sz\u00edri\u00e1nak a ter\u00fcleti egys\u00e9g\u00e9t.<br \/>\n    Erdogan p\u00e9nteken Isztambulban k\u00fclf\u00f6ldi \u00fajs\u00e1g\u00edr\u00f3knak \u00fagy nyilatkozott, hogy orsz\u00e1ga 12 megfigyel\u0151pontot akar kialak\u00edtani a tervezett biztons\u00e1gi \u00f6vezeten bel\u00fcl.<br \/>\n    A t\u00f6r\u00f6k hadsereg \u00e9s az SNA okt\u00f3ber 9-\u00e9n ind\u00edtotta meg a B\u00e9ke Forr\u00e1sa fed\u0151nev\u0171 hadm\u0171veletet \u00c9szakkelet-Sz\u00edri\u00e1ban a T\u00f6r\u00f6korsz\u00e1g \u00e1ltal terrorszervezetk\u00e9nt \u00e9s nemzetbiztons\u00e1gi fenyeget\u00e9sk\u00e9nt kezelt YPG, valamint az Iszl\u00e1m \u00c1llam dzsihadista terrorszervezet tagjai ellen. Ugyanakkor az YPG, amelyet Ankara a t\u00f6r\u00f6korsz\u00e1gi kurd szakad\u00e1r fegyveresek sz\u00f6vets\u00e9ges\u00e9nek tart, az elm\u00falt \u00e9vekben \u00e9ppen az Iszl\u00e1m \u00c1llam elleni harcra hivatkozva kapott kik\u00e9pz\u00e9st \u00e9s modern fegyvereket p\u00e1rtfog\u00f3j\u00e1t\u00f3l, az Egyes\u00fclt \u00c1llamokt\u00f3l.(MTI)<\/p>\n","protected":false},"excerpt":{"rendered":"<p>Recep Tayyip Erdogan t\u00f6r\u00f6k eln\u00f6k kedden, az \u00f6tnapos \u00e9szakkelet-sz\u00edriai t\u0171zsz\u00fcneti meg\u00e1llapod\u00e1s lej\u00e1rt\u00e1nak napj\u00e1n ism\u00e9t kil\u00e1t\u00e1sba helyezte a t\u00f6r\u00f6k hadm\u0171velet folytat\u00e1s\u00e1t a kurd fegyveresek ellen az egyezm\u00e9ny sikertelens\u00e9ge eset\u00e9n.<\/p>\n","protected":false},"author":1,"featured_media":0,"comment_status":"closed","ping_status":"open","sticky":false,"template":"","format":"standard","meta":[],"categories":[12],"tags":[],"_links":{"self":[{"href":"https:\/\/gazdasagportal.hu\/index.php\/wp-json\/wp\/v2\/posts\/120647"}],"collection":[{"href":"https:\/\/gazdasagportal.hu\/index.php\/wp-json\/wp\/v2\/posts"}],"about":[{"href":"https:\/\/gazdasagportal.hu\/index.php\/wp-json\/wp\/v2\/types\/post"}],"author":[{"embeddable":true,"href":"https:\/\/gazdasagportal.hu\/index.php\/wp-json\/wp\/v2\/users\/1"}],"replies":[{"embeddable":true,"href":"https:\/\/gazdasagportal.hu\/index.php\/wp-json\/wp\/v2\/comments?post=120647"}],"version-history":[{"count":1,"href":"https:\/\/gazdasagportal.hu\/index.php\/wp-json\/wp\/v2\/posts\/120647\/revisions"}],"predecessor-version":[{"id":120648,"href":"https:\/\/gazdasagportal.hu\/index.php\/wp-json\/wp\/v2\/posts\/120647\/revisions\/120648"}],"wp:attachment":[{"href":"https:\/\/gazdasagportal.hu\/index.php\/wp-json\/wp\/v2\/media?parent=120647"}],"wp:term":[{"taxonomy":"category","embeddable":true,"href":"https:\/\/gazdasagportal.hu\/index.php\/wp-json\/wp\/v2\/categories?post=120647"},{"taxonomy":"post_tag","embeddable":true,"href":"https:\/\/gazdasagportal.hu\/index.php\/wp-json\/wp\/v2\/tags?post=120647"}],"curies":[{"name":"wp","href":"https:\/\/api.w.org\/{rel}","templated":true}]}}