{"id":120645,"date":"2019-10-22T11:36:06","date_gmt":"2019-10-22T09:36:06","guid":{"rendered":"http:\/\/gazdasagportal.hu\/?p=120645"},"modified":"2019-10-22T11:36:06","modified_gmt":"2019-10-22T09:36:06","slug":"budapestre-hozza-regionalis-kozpontjat-a-mastercard-tanacsado-uzletaga","status":"publish","type":"post","link":"https:\/\/gazdasagportal.hu\/index.php\/budapestre-hozza-regionalis-kozpontjat-a-mastercard-tanacsado-uzletaga\/","title":{"rendered":"Budapestre hozza region\u00e1lis k\u00f6zpontj\u00e1t a Mastercard tan\u00e1csad\u00f3 \u00fczlet\u00e1ga"},"content":{"rendered":"<p><strong>Budapestre hozza egyik eur\u00f3pai k\u00f6zpontj\u00e1t a Mastercard v\u00e1llalat strat\u00e9giai tan\u00e1csad\u00e1ssal foglalkoz\u00f3 \u00fczlet\u00e1ga, a Mastercard Advisors, sz\u00e1zra tervezik emelni a k\u00f6vetkez\u0151 n\u00e9h\u00e1ny \u00e9vben a tan\u00e1csad\u00f3i csapat l\u00e1tsz\u00e1m\u00e1t, akik toborz\u00e1sa m\u00e1r meg is kezd\u0151d\u00f6tt &#8211; k\u00f6z\u00f6lte a v\u00e1llalat kedden az MTI-vel.<\/strong><!--more--><\/p>\n<div class=\"ads-in-post1\"><div id=\"gazdasagportal.hu_fullbanner_wideboard\"><\/div>\r\n<\/div>\n<p>     E\u00f6ly\u00fcs Endre, a Mastercard Magyarorsz\u00e1g\u00e9rt \u00e9s Szlov\u00e9ni\u00e1\u00e9rt felel\u0151s igazgat\u00f3ja a k\u00f6zlem\u00e9nyben kiemeli: az elm\u00falt 5 \u00e9vben a Mastercard Advisors tan\u00e1csad\u00f3i tev\u00e9kenys\u00e9ge els\u0151sorban helyi szinten zajlott, t\u00falnyom\u00f3r\u00e9szt helyi projekten dolgozva. 2019 elej\u00e9n azonban strat\u00e9gi\u00e1t v\u00e1ltottak \u00e9s a Mastercard \u00fagy d\u00f6nt\u00f6tt, hogy eur\u00f3pai szinten egys\u00e9ges, region\u00e1lis k\u00f6zpontokat hoz l\u00e9tre, nagyobb tan\u00e1csad\u00f3i l\u00e9tsz\u00e1mmal. Az egyik ilyen k\u00f6zpont Lisszabon, Bukarest \u00e9s Isztambul mellett Budapest lett, ahol megkezd\u0151d\u00f6tt az \u00faj tan\u00e1csad\u00f3k toborz\u00e1sa is.<br \/>\n    Hozz\u00e1tette: c\u00e9l, hogy \u00f6tv\u00f6zve a Mastercard egyedi tud\u00e1s\u00e1t egy kiemelked\u0151 kompetenci\u00e1j\u00fa csapattal olyan tan\u00e1csad\u00f3i szolg\u00e1ltat\u00e1st hozzanak l\u00e9tre, ami felveszi a versenyt ezen a piacon.<br \/>\n<div class=\"ads-in-post2\"><script async src=\"https:\/\/pagead2.googlesyndication.com\/pagead\/js\/adsbygoogle.js\"><\/script>\r\n<ins class=\"adsbygoogle\"\r\n     style=\"display:block\"\r\n     data-ad-format=\"fluid\"\r\n     data-ad-layout-key=\"-6t+ed+2i-1n-4w\"\r\n     data-ad-client=\"ca-pub-1959107119989764\"\r\n     data-ad-slot=\"4008251320\"><\/ins>\r\n<script>\r\n     (adsbygoogle = window.adsbygoogle || []).push({});\r\n<\/script><\/div>\n    A Mastercard Advisors tan\u00e1csad\u00f3i tev\u00e9kenys\u00e9ge ezent\u00fal nem szor\u00edtkozik a p\u00e9nz\u00fcgyi ter\u00fcletre, ez\u00e9rt \u00fcgyfelei k\u00f6z\u00f6tt nem kiz\u00e1r\u00f3lag p\u00e9nz\u00fcgyi szervezetek tal\u00e1lhat\u00f3k. Emellett p\u00e9nz\u00fcgyi-, kereskedelmi- \u00e9s az \u00e1llami szf\u00e9ra legsz\u00e9lesebb spektrum\u00e1ban tev\u00e9kenykedik &#8211; jegyezte meg.<br \/>\n     Makl\u00e1ri Istv\u00e1n, a Mastercard region\u00e1lis tan\u00e1csad\u00f3 \u00fczlet\u00e1g\u00e1nak vezet\u0151je, a budapesti csapat b\u0151v\u00edt\u00e9s\u00e9vel megb\u00edzott szakember k\u00f6z\u00f6lte, hogy olyan csapatot hoznak l\u00e9tre, akik nemcsak helyi szinten, de a region\u00e1lis \u00e9s eur\u00f3pai piacokon is bevethet\u0151k, deleg\u00e1lhat\u00f3k a legk\u00fcl\u00f6nb\u00f6z\u0151bb tan\u00e1csad\u00f3i projektekre. A budapesti k\u00f6zpont munk\u00e1ja ugyanis csak kis r\u00e9szben \u00e1ll helyi, \u00e9s nagyobb r\u00e9szt region\u00e1lis, valamint eur\u00f3pai megb\u00edz\u00e1sokb\u00f3l.(MTI)<\/p>\n","protected":false},"excerpt":{"rendered":"<p>Budapestre hozza egyik eur\u00f3pai k\u00f6zpontj\u00e1t a Mastercard v\u00e1llalat strat\u00e9giai tan\u00e1csad\u00e1ssal foglalkoz\u00f3 \u00fczlet\u00e1ga, a Mastercard Advisors, sz\u00e1zra tervezik emelni a k\u00f6vetkez\u0151 n\u00e9h\u00e1ny \u00e9vben a tan\u00e1csad\u00f3i csapat l\u00e1tsz\u00e1m\u00e1t, akik toborz\u00e1sa m\u00e1r meg is kezd\u0151d\u00f6tt &#8211; k\u00f6z\u00f6lte a v\u00e1llalat kedden az MTI-vel.<\/p>\n","protected":false},"author":1,"featured_media":0,"comment_status":"closed","ping_status":"open","sticky":false,"template":"","format":"standard","meta":[],"categories":[19],"tags":[],"_links":{"self":[{"href":"https:\/\/gazdasagportal.hu\/index.php\/wp-json\/wp\/v2\/posts\/120645"}],"collection":[{"href":"https:\/\/gazdasagportal.hu\/index.php\/wp-json\/wp\/v2\/posts"}],"about":[{"href":"https:\/\/gazdasagportal.hu\/index.php\/wp-json\/wp\/v2\/types\/post"}],"author":[{"embeddable":true,"href":"https:\/\/gazdasagportal.hu\/index.php\/wp-json\/wp\/v2\/users\/1"}],"replies":[{"embeddable":true,"href":"https:\/\/gazdasagportal.hu\/index.php\/wp-json\/wp\/v2\/comments?post=120645"}],"version-history":[{"count":1,"href":"https:\/\/gazdasagportal.hu\/index.php\/wp-json\/wp\/v2\/posts\/120645\/revisions"}],"predecessor-version":[{"id":120646,"href":"https:\/\/gazdasagportal.hu\/index.php\/wp-json\/wp\/v2\/posts\/120645\/revisions\/120646"}],"wp:attachment":[{"href":"https:\/\/gazdasagportal.hu\/index.php\/wp-json\/wp\/v2\/media?parent=120645"}],"wp:term":[{"taxonomy":"category","embeddable":true,"href":"https:\/\/gazdasagportal.hu\/index.php\/wp-json\/wp\/v2\/categories?post=120645"},{"taxonomy":"post_tag","embeddable":true,"href":"https:\/\/gazdasagportal.hu\/index.php\/wp-json\/wp\/v2\/tags?post=120645"}],"curies":[{"name":"wp","href":"https:\/\/api.w.org\/{rel}","templated":true}]}}