{"id":120638,"date":"2019-10-22T11:11:33","date_gmt":"2019-10-22T09:11:33","guid":{"rendered":"http:\/\/gazdasagportal.hu\/?p=120638"},"modified":"2019-10-22T11:03:04","modified_gmt":"2019-10-22T09:03:04","slug":"meg-csak-korvonalazodik-mit-is-jelentenek-a-nav-uj-informatorai","status":"publish","type":"post","link":"https:\/\/gazdasagportal.hu\/index.php\/meg-csak-korvonalazodik-mit-is-jelentenek-a-nav-uj-informatorai\/","title":{"rendered":"M\u00e9g csak k\u00f6rvonalaz\u00f3dik, mit is jelentenek a NAV \u00faj inform\u00e1torai"},"content":{"rendered":"<p><strong>Nem csak ad\u00f3tan\u00e1csad\u00f3kra, hanem bankokra, k\u00f6nyvel\u0151kre \u00e9s egy\u00e9b tan\u00e1csad\u00f3kra is kiterjed az ad\u00f3strukt\u00far\u00e1k bejelent\u00e9s\u00e9nek k\u00f6telezetts\u00e9ge \u2013 der\u00fclt ki a Magyar-Francia Kereskedelmi \u00e9s Iparkamara \u00e9s a Jalsovszky \u00dcgyv\u00e9di Iroda okt\u00f3ber 10-i, k\u00f6z\u00f6s szervez\u00e9s\u0171 konferenci\u00e1j\u00e1n. \u00c9s b\u00e1r a bejelent\u00e9seket csak j\u00f6v\u0151 \u00e9vt\u0151l kell megtenni, az m\u00e1r tavaly ny\u00e1r \u00f3ta megkezdett \u00fcgyletekre is kiterjed. Ez pedig lehet, hogy okoz majd v\u00e1ratlan szitu\u00e1ci\u00f3kat a tan\u00e1csad\u00f3k \u00fcgyfelekkel val\u00f3 kapcsolat\u00e1ban.<\/strong><!--more--><\/p>\n<div class=\"ads-in-post1\"><div id=\"gazdasagportal.hu_fullbanner_wideboard\"><\/div>\r\n<\/div>\n<p>Mint m\u00e1r egyre sz\u00e9lesebb k\u00f6rben ismert, j\u00f6v\u0151 \u00e9vt\u0151l a tan\u00e1csad\u00f3knak jelenteni\u00fck kell mindazon, agressz\u00edvnek min\u0151s\u00edtett, hat\u00e1ron \u00e1tny\u00fal\u00f3 ad\u00f3strukt\u00far\u00e1kat, amelyek megtervez\u00e9s\u00e9ben vagy megval\u00f3s\u00edt\u00e1s\u00e1ban r\u00e9szt vesznek. Ez a k\u00f6telezetts\u00e9g teh\u00e1t nem csak a strukt\u00far\u00e1t megtervez\u0151 ad\u00f3tan\u00e1csad\u00f3t, hanem az annak megval\u00f3s\u00edt\u00e1s\u00e1ban r\u00e9szt vev\u0151 valamennyi k\u00f6zrem\u0171k\u00f6d\u0151t is \u00e9rinti \u2013 \u00edgy azt az \u00fcgyv\u00e9det, aki a dokument\u00e1ci\u00f3t elk\u00e9sz\u00edti, azt a k\u00f6nyvel\u0151t, aki az \u00fcgyletet sz\u00e1mvitelileg elsz\u00e1molja \u00e9s azt a bankot is, amely az \u00fcgylet megval\u00f3s\u00edt\u00e1s\u00e1hoz banksz\u00e1ml\u00e1t nyit. A bejelent\u00e9si k\u00f6telezetts\u00e9g akkor \u00e1ll fenn, ha az adott r\u00e9sztvev\u0151 tudta, vagy neki tudnia kellett volna, hogy egy agressz\u00edvnek min\u0151s\u00fcl\u0151 ad\u00f3tervez\u00e9si strukt\u00fara megval\u00f3s\u00edt\u00e1s\u00e1ban vesz r\u00e9szt. Az \u00faj bejelent\u00e9si k\u00f6telezetts\u00e9gr\u0151l, annak r\u00e9szletszab\u00e1lyair\u00f3l \u00e9s hat\u00e1sair\u00f3l besz\u00e9lgettek minap egy konferenci\u00e1n a <strong>P\u00e9nz\u00fcgyminiszt\u00e9rium<\/strong>, az <strong>OTP Bank<\/strong>, a <strong>Process Solutions Kft.<\/strong> \u00e9s a <strong>Jalsovszky \u00dcgyv\u00e9di Iroda<\/strong> k\u00e9pvisel\u0151i.<\/p>\n<p><strong>\u00dcgyv\u00e9di titok vagy m\u00e9gsem? <\/strong><\/p><div id=\"gazda-2767490716\" class=\"gazda-tartalomban gazda-entity-placement\"><script async src=\"https:\/\/pagead2.googlesyndication.com\/pagead\/js\/adsbygoogle.js\"><\/script>\r\n<ins class=\"adsbygoogle\"\r\n     style=\"display:block\"\r\n     data-ad-format=\"fluid\"\r\n     data-ad-layout-key=\"-6t+ed+2i-1n-4w\"\r\n     data-ad-client=\"ca-pub-1959107119989764\"\r\n     data-ad-slot=\"4008251320\"><\/ins>\r\n<script>\r\n     (adsbygoogle = window.adsbygoogle || []).push({});\r\n<\/script><\/div>\n<p>A bejelent\u00e9si k\u00f6telezetts\u00e9g k\u00f6zvetlen\u00fcl nem terjed ki az \u00fcgyv\u00e9dekre. Dr. Feh\u00e9r Tam\u00e1s, a Jalsovszky \u00dcgyv\u00e9di Iroda partnere szerint azonban ez nem jelenti azt, hogy az \u00fcgyv\u00e9dek teljesen mentes\u00fcln\u00e9nek az \u00faj jogszab\u00e1lyb\u00f3l ered\u0151 k\u00f6telezetts\u00e9gek al\u00f3l. Nekik ugyanis az \u00fcgyfeleik figyelm\u00e9t kell felh\u00edvniuk a bejelent\u00e9si k\u00f6telezetts\u00e9gre \u2013 m\u00e9g ha a v\u00e9gs\u0151 bejelent\u00e9st az \u00fcgyf\u00e9lnek is kell majd megtennie. Az \u00fcgyv\u00e9dnek teh\u00e1t a t\u00f6bbi szerepl\u0151h\u00f6z hasonl\u00f3an m\u00e9rlegelnie kell, hogy az adott strukt\u00fara bejelent\u00e9si k\u00f6telezetts\u00e9g al\u00e1 esik-e \u00e9s az err\u0151l val\u00f3 t\u00e1j\u00e9koztat\u00e1s az \u00fcgyv\u00e9di felel\u0151ss\u00e9g k\u00f6r\u00e9be fog tartozni.<\/p>\n<p><strong>Intenz\u00edvebb\u00e9 v\u00e1lik a tan\u00e1csad\u00f3-\u00fcgyf\u00e9l kommunik\u00e1ci\u00f3<\/strong><\/p>\n<p>Az \u00faj szab\u00e1lyoknak val\u00f3 megfelel\u00e9s komolyabb kommunik\u00e1ci\u00f3t ig\u00e9nyel az \u00fcgyf\u00e9l \u00e9s k\u00f6nyvel\u0151je k\u00f6z\u00f6tt \u2013 emelte ki Urb\u00e1n Bal\u00e1zs, a Process Solutions partnere. Ez k\u00f6vetkezik abb\u00f3l is, hogy a jogszab\u00e1ly visszahat\u00f3 hat\u00e1ly\u00e1n\u00e1l fogva olyan \u00fcgyleteket is be kell majd 2020-ban jelenteni, amelyeket az \u00fcgyfelek ezen \u00e9v sor\u00e1n vagy ak\u00e1r a m\u00falt \u00e9v v\u00e9g\u00e9n val\u00f3s\u00edtottak meg. Az akt\u00edv kommunik\u00e1ci\u00f3 az\u00e9rt is fontos, mert egy k\u00f6zrem\u0171k\u00f6d\u0151 mentes\u00fclni tud a bejelent\u00e9si k\u00f6telezetts\u00e9g al\u00f3l akkor, ha bizony\u00edtja, hogy m\u00e1s tan\u00e1csad\u00f3 m\u00e1r tett bejelent\u00e9st ugyanarr\u00f3l az \u00fcgyletr\u0151l \u2013 itt azonban felmer\u00fcl annak a k\u00e9rd\u00e9se, hogy az inform\u00e1ci\u00f3 milyen m\u00f3don jut el egyik f\u00e9lt\u0151l a m\u00e1sikig.<\/p>\n<div class=\"ads-in-post2\"><script async src=\"https:\/\/pagead2.googlesyndication.com\/pagead\/js\/adsbygoogle.js\"><\/script>\r\n<ins class=\"adsbygoogle\"\r\n     style=\"display:block\"\r\n     data-ad-format=\"fluid\"\r\n     data-ad-layout-key=\"-6t+ed+2i-1n-4w\"\r\n     data-ad-client=\"ca-pub-1959107119989764\"\r\n     data-ad-slot=\"4008251320\"><\/ins>\r\n<script>\r\n     (adsbygoogle = window.adsbygoogle || []).push({});\r\n<\/script><\/div>\n<strong>\u00dajabb k\u00f6r a banki adminisztr\u00e1ci\u00f3ban<\/strong><\/p>\n<p>A p\u00e9nz\u00fcgyi int\u00e9zetek a Magyar Banksz\u00f6vets\u00e9g keretein bel\u00fcl m\u00e1r jelenleg is egyeztetik, hogy milyen tov\u00e1bbi int\u00e9zked\u00e9st \u00e9s adminisztr\u00e1ci\u00f3t jelent r\u00e9sz\u00fckr\u0151l az \u00faj rendelkez\u00e9seknek val\u00f3 megfelel\u00e9s, t\u00e1j\u00e9koztatott H\u0151gye Krisztina, az OTP Bank igazgat\u00f3ja. A p\u00e9nz\u00fcgyi int\u00e9zetek bejelent\u00e9si k\u00f6telezetts\u00e9g\u00e9t nagyban befoly\u00e1solni fogja, hogy elv\u00e1rhat\u00f3-e t\u0151l\u00fck, hogy egy-egy bankm\u0171velet eset\u00e9n tiszt\u00e1ban legyenek azok ad\u00f3z\u00e1si motiv\u00e1ci\u00f3ival. Tov\u00e1bbi k\u00e9rd\u00e9sk\u00e9nt mer\u00fcl fel ebben a k\u00f6rben, hogy a banktitokra vonatkoz\u00f3 szab\u00e1lyok mennyiben mentes\u00edtik majd ezen int\u00e9zeteket a bejelent\u00e9si k\u00f6telezetts\u00e9gek al\u00f3l.<\/p>\n<p><strong>A finomhangol\u00e1s m\u00e9g h\u00e1tra van<\/strong><\/p>\n<p>Mint azt Csabai R\u00f3bert, a P\u00e9nz\u00fcgyminiszt\u00e9rium oszt\u00e1lyvezet\u0151je hangs\u00falyozta, a bejelent\u00e9si k\u00f6telezetts\u00e9ggel kapcsolatos egyes k\u00e9rd\u00e9sek kimunk\u00e1l\u00e1sa m\u00e9g folyamatban van. A Miniszt\u00e9rium c\u00e9lja, hogy a szab\u00e1lyok a lehet\u0151 legk\u00f6nnyebben alkalmazhat\u00f3ak legyenek az \u00fczleti \u00e9let sz\u00e1m\u00e1ra. Nyitottan \u00e1ll ez\u00e9rt a Miniszt\u00e9rium a tan\u00e1csad\u00f3k \u00e9s a versenyszf\u00e9ra gyakorlati k\u00e9rd\u00e9seihez, amelyek esetlegesen tov\u00e1bbi ir\u00e1nymutat\u00e1sok kiad\u00e1s\u00e1t is sz\u00fcks\u00e9gess\u00e9 tehetik.<\/p>\n<p><strong>Hol \u00e1llunk most?<\/strong><\/p>\n<p>A konferencia r\u00e9sztvev\u0151i egyet\u00e9rtettek: a bejelent\u00e9si k\u00f6telezetts\u00e9gt\u0151l f\u00e9lni ugyan nem kell, de arra j\u00f3l felk\u00e9sz\u00fclni mindenk\u00e9ppen. Jelenleg mind a szakma, mind a Miniszt\u00e9rium a gondolkoz\u00e1s egyik k\u00f6zbens\u0151 f\u00e1zis\u00e1n\u00e1l, de semmi esetre sem a v\u00e9g\u00e9n\u00e9l tart. Nem k\u00e9ts\u00e9ges, hogy sokan csak j\u00f6v\u0151 ny\u00e1ron szembes\u00fclnek majd azzal, hogy milyen terhet r\u00f3 a bejelent\u00e9si k\u00f6telezetts\u00e9g szervezet\u00fckre. Biztosan el\u0151nyt \u00e9lveznek ez\u00e9rt azok, akik nem az utols\u00f3 pillanatra hagyj\u00e1k a felk\u00e9sz\u00fcl\u00e9st.<\/p>\n","protected":false},"excerpt":{"rendered":"<p>Nem csak ad\u00f3tan\u00e1csad\u00f3kra, hanem bankokra, k\u00f6nyvel\u0151kre \u00e9s egy\u00e9b tan\u00e1csad\u00f3kra is kiterjed az ad\u00f3strukt\u00far\u00e1k bejelent\u00e9s\u00e9nek k\u00f6telezetts\u00e9ge \u2013 der\u00fclt ki a Magyar-Francia Kereskedelmi \u00e9s Iparkamara \u00e9s a Jalsovszky \u00dcgyv\u00e9di Iroda okt\u00f3ber 10-i, k\u00f6z\u00f6s szervez\u00e9s\u0171 konferenci\u00e1j\u00e1n. \u00c9s b\u00e1r a bejelent\u00e9seket csak j\u00f6v\u0151 \u00e9vt\u0151l kell megtenni, az m\u00e1r tavaly ny\u00e1r \u00f3ta megkezdett \u00fcgyletekre is kiterjed. Ez pedig lehet, hogy &#8230;<\/p>\n","protected":false},"author":1,"featured_media":0,"comment_status":"closed","ping_status":"open","sticky":false,"template":"","format":"standard","meta":[],"categories":[20,19],"tags":[],"_links":{"self":[{"href":"https:\/\/gazdasagportal.hu\/index.php\/wp-json\/wp\/v2\/posts\/120638"}],"collection":[{"href":"https:\/\/gazdasagportal.hu\/index.php\/wp-json\/wp\/v2\/posts"}],"about":[{"href":"https:\/\/gazdasagportal.hu\/index.php\/wp-json\/wp\/v2\/types\/post"}],"author":[{"embeddable":true,"href":"https:\/\/gazdasagportal.hu\/index.php\/wp-json\/wp\/v2\/users\/1"}],"replies":[{"embeddable":true,"href":"https:\/\/gazdasagportal.hu\/index.php\/wp-json\/wp\/v2\/comments?post=120638"}],"version-history":[{"count":1,"href":"https:\/\/gazdasagportal.hu\/index.php\/wp-json\/wp\/v2\/posts\/120638\/revisions"}],"predecessor-version":[{"id":120639,"href":"https:\/\/gazdasagportal.hu\/index.php\/wp-json\/wp\/v2\/posts\/120638\/revisions\/120639"}],"wp:attachment":[{"href":"https:\/\/gazdasagportal.hu\/index.php\/wp-json\/wp\/v2\/media?parent=120638"}],"wp:term":[{"taxonomy":"category","embeddable":true,"href":"https:\/\/gazdasagportal.hu\/index.php\/wp-json\/wp\/v2\/categories?post=120638"},{"taxonomy":"post_tag","embeddable":true,"href":"https:\/\/gazdasagportal.hu\/index.php\/wp-json\/wp\/v2\/tags?post=120638"}],"curies":[{"name":"wp","href":"https:\/\/api.w.org\/{rel}","templated":true}]}}