{"id":120616,"date":"2019-10-21T16:53:59","date_gmt":"2019-10-21T14:53:59","guid":{"rendered":"http:\/\/gazdasagportal.hu\/?p=120616"},"modified":"2019-10-21T16:53:59","modified_gmt":"2019-10-21T14:53:59","slug":"palkovics-vallalkozobarat-szabalyozasi-es-adozasi-kornyezetet-alakitunk-ki-a-magyar-kkv-k-szamara","status":"publish","type":"post","link":"https:\/\/gazdasagportal.hu\/index.php\/palkovics-vallalkozobarat-szabalyozasi-es-adozasi-kornyezetet-alakitunk-ki-a-magyar-kkv-k-szamara\/","title":{"rendered":"Palkovics: v\u00e1llalkoz\u00f3bar\u00e1t szab\u00e1lyoz\u00e1si \u00e9s ad\u00f3z\u00e1si k\u00f6rnyezetet alak\u00edtunk ki a magyar kkv-k sz\u00e1m\u00e1ra"},"content":{"rendered":"<p><strong>V\u00e1llalkoz\u00f3bar\u00e1t szab\u00e1lyoz\u00e1si \u00e9s ad\u00f3z\u00e1si k\u00f6rnyezetet alak\u00edtunk ki a magyar kis- \u00e9s k\u00f6zepes v\u00e1llalkoz\u00e1sok (kkv-k) sz\u00e1m\u00e1ra &#8211; hangs\u00falyozta Palkovics L\u00e1szl\u00f3 innov\u00e1ci\u00f3s \u00e9s technol\u00f3giai miniszter h\u00e9tf\u0151n Budapesten, a K\u00e1rp\u00e1t EXPOrt elnevez\u00e9s\u0171 K\u00e1rp\u00e1t-medencei Gazdas\u00e1gi Konferenci\u00e1n \u00e9s Ki\u00e1ll\u00edt\u00e1son.<\/strong><!--more--><\/p>\n<div class=\"ads-in-post1\"><div id=\"gazdasagportal.hu_fullbanner_wideboard\"><\/div>\r\n<\/div>\n<p>    Kiemelte: er\u0151s\u00edteni kell a magyar kis- \u00e9s k\u00f6zepes c\u00e9gek innov\u00e1ci\u00f3s tev\u00e9kenys\u00e9g\u00e9t \u00e9s a digitaliz\u00e1ci\u00f3hoz kapcsol\u00f3d\u00f3 teljes\u00edtm\u00e9ny\u00e9t, ehhez a korm\u00e1ny m\u00e9g ink\u00e1bb jav\u00edtja a v\u00e1llalkoz\u00e1sok \u00fczleti k\u00f6rnyezet\u00e9t.<br \/>\n    Nagyon fontos, hogy a hazai \u00e9s hat\u00e1ron t\u00fali, K\u00e1rp\u00e1t-medencei, els\u0151sorban magyarok lakta t\u00e9rs\u00e9gekben m\u0171k\u00f6d\u0151 c\u00e9gek \u00e9s egyetemek, oktat\u00e1si int\u00e9zm\u00e9nyek egy\u00fcttm\u0171k\u00f6d\u00e9se tov\u00e1bb er\u0151s\u00f6dj\u00f6n a j\u00f6v\u0151ben &#8211; mondta Palkovics L\u00e1szl\u00f3 \u00fajs\u00e1g\u00edr\u00f3knak a konferenci\u00e1n elmondott besz\u00e9d\u00e9t k\u00f6vet\u0151en.<br \/>\n    Az innov\u00e1ci\u00f3s \u00e9s technol\u00f3giai miniszter el\u0151ad\u00e1s\u00e1ban elmondta: a magyar gazdas\u00e1g \u00f6sszess\u00e9g\u00e9ben nagyon j\u00f3l teltes\u00edt, ezt a GDP idei els\u0151 f\u00e9l\u00e9ves b\u0151v\u00fcl\u00e9se is bizony\u00edtja, az eg\u00e9sz \u00e9ves gazdas\u00e1gi n\u00f6veked\u00e9sre vonatkoz\u00f3 v\u00e1rakoz\u00e1sok is biztat\u00f3ak, a kkv-k teljes\u00edtm\u00e9ny\u00e9t azonban jav\u00edtani kell.<br \/>\n    Megjegyezte, hogy mik\u00f6zben a hazai kkv-kn\u00e1l dolgozik a magyarorsz\u00e1gi foglalkoztatottak k\u00e9tharmada, addig a Magyarorsz\u00e1gon megtermelt hozz\u00e1adott \u00e9rt\u00e9knek alig t\u00f6bb mint fel\u00e9t \u00e1ll\u00edtj\u00e1k el\u0151 a kis- \u00e9s k\u00f6zepes c\u00e9gek.<br \/>\n<div class=\"ads-in-post2\"><script async src=\"https:\/\/pagead2.googlesyndication.com\/pagead\/js\/adsbygoogle.js\"><\/script>\r\n<ins class=\"adsbygoogle\"\r\n     style=\"display:block\"\r\n     data-ad-format=\"fluid\"\r\n     data-ad-layout-key=\"-6t+ed+2i-1n-4w\"\r\n     data-ad-client=\"ca-pub-1959107119989764\"\r\n     data-ad-slot=\"4008251320\"><\/ins>\r\n<script>\r\n     (adsbygoogle = window.adsbygoogle || []).push({});\r\n<\/script><\/div>\n    A hazai v\u00e1llalkoz\u00e1sok sz\u00e1m\u00e1ra 2010 \u00f3ta nagym\u00e9rt\u00e9ben javult az \u00fczleti k\u00f6rnyezet, jelent\u0151sen cs\u00f6kkent p\u00e9ld\u00e1ul a kkv-k ad\u00f3terhel\u00e9se &#8211; mutatott r\u00e1 a  miniszter. Jelezte: 2010 \u00f3ta a magyar GDP mintegy 24 sz\u00e1zal\u00e9kkal b\u0151v\u00fclt, a kkv-k exportja 45 sz\u00e1zal\u00e9kkal emelkedett.<br \/>\n    A magyarorsz\u00e1gi kis- \u00e9s k\u00f6zepes c\u00e9gek \u00e1ru- \u00e9s szolg\u00e1ltat\u00e1s-kivitel\u00e9t tov\u00e1bb kell jav\u00edtani, b\u0151v\u00edteni, \u00f6szt\u00f6n\u00f6zni kell \u0151ket, hogy a nemzetk\u00f6zi piacra is kil\u00e9pjenek. Ebben seg\u00edtheti ezeket a v\u00e1llalkoz\u00e1sokat a korm\u00e1ny magyar multikat t\u00e1mogat\u00f3 programja, mert a kkv-k egy-egy nagyobb magyar v\u00e1llalat besz\u00e1ll\u00edt\u00f3 h\u00e1l\u00f3zat\u00e1hoz kapcsol\u00f3dva kil\u00e9phetnek a nemzetk\u00f6zi sz\u00ednt\u00e9rre &#8211; fejtette ki.<br \/>\n    Hozz\u00e1tette: a hazai kkv-k tev\u00e9kenys\u00e9g\u00e9nek er\u0151s\u00edt\u00e9s\u00e9re jelent\u0151s forr\u00e1sok \u00e1llnak rendelkez\u00e9sre 2019-ben, \u00f6sszesen 175,15 milli\u00e1rd forint, amib\u0151l 98,45 milli\u00e1rd forint vissza nem t\u00e9r\u00edtend\u0151 p\u00e9nz\u00f6sszeg.<br \/>\n    A miniszter arr\u00f3l is sz\u00f3lt, hogy az is nagym\u00e9rt\u00e9kben jav\u00edtan\u00e1, n\u00f6velhetn\u00e9 a kis c\u00e9gek eredm\u00e9nyess\u00e9g\u00e9t, versenyk\u00e9pess\u00e9g\u00e9t, ha a mostanin\u00e1l jobban bekapcsol\u00f3dn\u00e1nak a szakk\u00e9pz\u00e9s folyamat\u00e1ba \u00e9s a feln\u0151ttk\u00e9pz\u00e9sbe. Er\u0151s\u00edteni kell a j\u00f6v\u0151ben a hazai kkv-k \u00e9s egyetemek egy\u00fcttm\u0171k\u00f6d\u00e9s\u00e9t, esetleg k\u00f6z\u00f6s gazdas\u00e1gi programokat is ki lehetne dolgozni.<br \/>\n    Palkovics L\u00e1szl\u00f3 az MTI-nek elmondta: a hat\u00e1ron t\u00fali egy\u00fcttm\u0171k\u00f6d\u00e9st jav\u00edthatja a j\u00f6v\u0151ben, ha az orsz\u00e1g nagyv\u00e1rosaiban, p\u00e9ld\u00e1ul Gy\u0151rben, Miskolcon, Debrecenben, Zalaegerszegen, P\u00e9csen vagy Szegeden m\u0171k\u00f6d\u0151 egyetemek, illetve fels\u0151 oktat\u00e1si int\u00e9zm\u00e9nyek kiterjeszten\u00e9k tudom\u00e1nyos, oktat\u00e1si illetve innov\u00e1ci\u00f3s tev\u00e9kenys\u00e9g\u00fcket a hat\u00e1ron t\u00fali magyarok lakta ter\u00fcletekre is.<br \/>\n    A CED K\u00f6z\u00e9p-Eur\u00f3pai Gazdas\u00e1gfejleszt\u00e9si H\u00e1l\u00f3zat Nonprofit Kft. \u00e9s a HEPA Magyar Exportfejleszt\u00e9si \u00dcgyn\u00f6ks\u00e9g a K\u00fclgazdas\u00e1gi \u00e9s K\u00fcl\u00fcgyminiszt\u00e9rium szakmai t\u00e1mogat\u00e1s\u00e1val harmadik alkalommal rendezte meg a K\u00e1rp\u00e1t-medencei gazdas\u00e1gi konferenci\u00e1t \u00e9s ki\u00e1ll\u00edt\u00e1st, ahol mintegy 300 magyarorsz\u00e1gi \u00e9s hat\u00e1ron t\u00fali v\u00e1llalkoz\u00e1s mutatkozik be a megh\u00edvott region\u00e1lis \u00e9s nemzetk\u00f6zi disztrib\u00fatorok, nagykeresked\u0151k, viszontelad\u00f3k el\u0151tt. A mintegy 2000 l\u00e1togat\u00f3nak lehet\u0151s\u00e9ge ny\u00edlik a k\u00f6zvetlen kapcsolatfelv\u00e9telre, \u00fczleti t\u00e1rgyal\u00e1sok lefolytat\u00e1s\u00e1ra az \u00e1llami \u00e9s szakmai szervezetekkel, \u00e9s a region\u00e1lis gazdas\u00e1gi \u00e9let szerepl\u0151ivel.(MTI)<\/p>\n","protected":false},"excerpt":{"rendered":"<p>V\u00e1llalkoz\u00f3bar\u00e1t szab\u00e1lyoz\u00e1si \u00e9s ad\u00f3z\u00e1si k\u00f6rnyezetet alak\u00edtunk ki a magyar kis- \u00e9s k\u00f6zepes v\u00e1llalkoz\u00e1sok (kkv-k) sz\u00e1m\u00e1ra &#8211; hangs\u00falyozta Palkovics L\u00e1szl\u00f3 innov\u00e1ci\u00f3s \u00e9s technol\u00f3giai miniszter h\u00e9tf\u0151n Budapesten, a K\u00e1rp\u00e1t EXPOrt elnevez\u00e9s\u0171 K\u00e1rp\u00e1t-medencei Gazdas\u00e1gi Konferenci\u00e1n \u00e9s Ki\u00e1ll\u00edt\u00e1son.<\/p>\n","protected":false},"author":1,"featured_media":0,"comment_status":"closed","ping_status":"open","sticky":false,"template":"","format":"standard","meta":[],"categories":[19],"tags":[],"_links":{"self":[{"href":"https:\/\/gazdasagportal.hu\/index.php\/wp-json\/wp\/v2\/posts\/120616"}],"collection":[{"href":"https:\/\/gazdasagportal.hu\/index.php\/wp-json\/wp\/v2\/posts"}],"about":[{"href":"https:\/\/gazdasagportal.hu\/index.php\/wp-json\/wp\/v2\/types\/post"}],"author":[{"embeddable":true,"href":"https:\/\/gazdasagportal.hu\/index.php\/wp-json\/wp\/v2\/users\/1"}],"replies":[{"embeddable":true,"href":"https:\/\/gazdasagportal.hu\/index.php\/wp-json\/wp\/v2\/comments?post=120616"}],"version-history":[{"count":1,"href":"https:\/\/gazdasagportal.hu\/index.php\/wp-json\/wp\/v2\/posts\/120616\/revisions"}],"predecessor-version":[{"id":120617,"href":"https:\/\/gazdasagportal.hu\/index.php\/wp-json\/wp\/v2\/posts\/120616\/revisions\/120617"}],"wp:attachment":[{"href":"https:\/\/gazdasagportal.hu\/index.php\/wp-json\/wp\/v2\/media?parent=120616"}],"wp:term":[{"taxonomy":"category","embeddable":true,"href":"https:\/\/gazdasagportal.hu\/index.php\/wp-json\/wp\/v2\/categories?post=120616"},{"taxonomy":"post_tag","embeddable":true,"href":"https:\/\/gazdasagportal.hu\/index.php\/wp-json\/wp\/v2\/tags?post=120616"}],"curies":[{"name":"wp","href":"https:\/\/api.w.org\/{rel}","templated":true}]}}