{"id":120610,"date":"2019-10-21T14:49:05","date_gmt":"2019-10-21T12:49:05","guid":{"rendered":"http:\/\/gazdasagportal.hu\/?p=120610"},"modified":"2019-10-21T14:49:05","modified_gmt":"2019-10-21T12:49:05","slug":"bisnode-az-orszag-minden-tersegeben-csokkent-a-cegek-szama","status":"publish","type":"post","link":"https:\/\/gazdasagportal.hu\/index.php\/bisnode-az-orszag-minden-tersegeben-csokkent-a-cegek-szama\/","title":{"rendered":"Bisnode: az orsz\u00e1g minden t\u00e9rs\u00e9g\u00e9ben cs\u00f6kkent a c\u00e9gek sz\u00e1ma"},"content":{"rendered":"<p><strong>T\u00f6bb mint nyolcezer c\u00e9ggel kevesebb m\u0171k\u00f6d\u00f6tt Magyarorsz\u00e1gon 2019 harmadik negyed\u00e9v\u00e9nek v\u00e9g\u00e9n, mint egy \u00e9vvel kor\u00e1bban, a c\u00e9gek sz\u00e1m\u00e1nak cs\u00f6kken\u00e9se az el\u0151z\u0151 id\u0151szakokkal ellent\u00e9tben az orsz\u00e1g minden t\u00e9rs\u00e9g\u00e9t \u00e9rinti &#8211; k\u00f6z\u00f6lte negyed\u00e9ves elemz\u00e9se alapj\u00e1n a Bisnode Magyarorsz\u00e1g h\u00e9tf\u0151n az MTI-vel.<\/strong><!--more--><\/p>\n<div class=\"ads-in-post1\"><div id=\"gazdasagportal.hu_fullbanner_wideboard\"><\/div>\r\n<\/div>\n<p>    M\u00edg 2018-ban t\u00f6bb mint 498 ezer, az id\u00e9n m\u00e1r csak mintegy 490 ezer m\u0171k\u00f6d\u0151 c\u00e9g szerepel a Bisnode c\u00e9gcsoport legfrissebb, okt\u00f3ber 1-jei \u00e1llapotot r\u00f6gz\u00edt\u0151 adataiban, ez t\u00f6bb mint 1,5 sz\u00e1zal\u00e9kos cs\u00f6kken\u00e9s.<br \/>\n    T\u00f6bb c\u00e9g alakult, mint egy \u00e9ve, \u00e9s kevesebb sz\u0171nt meg, de \u00edgy sem m\u00e9rs\u00e9kl\u0151d\u00f6tt az akt\u00edv c\u00e9gek fogy\u00e1s\u00e1nak \u00fcteme Magyarorsz\u00e1gon a harmadik negyed\u00e9vben. A tan\u00e1csad\u00f3 c\u00e9g adatai szerint a c\u00e9galap\u00edt\u00e1si kedv 5 sz\u00e1zal\u00e9kkal n\u0151tt az el\u0151z\u0151 \u00e9v azonos id\u0151szak\u00e1hoz k\u00e9pest, 1051-gyel t\u00f6bbet, \u00f6sszesen 21 616 \u00faj c\u00e9get alap\u00edtottak. A c\u00e9gmegsz\u0171n\u00e9sek sz\u00e1ma 2,3 sz\u00e1zal\u00e9kkal cs\u00f6kkent, a tavalyi 28 ezerhez k\u00e9pest az id\u00e9n az els\u0151 kilenc h\u00f3napban mintegy 27,4 ezer c\u00e9g megsz\u0171n\u00e9s\u00e9t r\u00f6gz\u00edtette a Bisnode.<br \/>\n    Az \u00faj c\u00e9galap\u00edt\u00e1sok sz\u00e1m\u00e1ban az elm\u00falt \u00e9vekhez hasonl\u00f3an az \u00e9p\u00edt\u0151ipar vezet, a 4417 \u00fajonnan alap\u00edtott c\u00e9g 18,7 sz\u00e1zal\u00e9kos b\u0151v\u00fcl\u00e9st jelent a tavalyi azonos id\u0151szakhoz k\u00e9pest. A c\u00e9galap\u00edt\u00e1si kedv az ipar\u00e1gak t\u00f6bb mint harmad\u00e1n\u00e1l visszaes\u00e9st mutat.<br \/>\n<div class=\"ads-in-post2\"><script async src=\"https:\/\/pagead2.googlesyndication.com\/pagead\/js\/adsbygoogle.js\"><\/script>\r\n<ins class=\"adsbygoogle\"\r\n     style=\"display:block\"\r\n     data-ad-format=\"fluid\"\r\n     data-ad-layout-key=\"-6t+ed+2i-1n-4w\"\r\n     data-ad-client=\"ca-pub-1959107119989764\"\r\n     data-ad-slot=\"4008251320\"><\/ins>\r\n<script>\r\n     (adsbygoogle = window.adsbygoogle || []).push({});\r\n<\/script><\/div>\n    A legt\u00f6bb c\u00e9g az \u00e9p\u00edt\u0151iparban, a nagy- \u00e9s kiskereskedelemben, valamint a szakmai, tudom\u00e1nyos, m\u0171szaki tev\u00e9kenys\u00e9g ter\u00fclet\u00e9n sz\u0171nt meg. A Bisnode szerint ezt az magyar\u00e1zza, hogy ezek az \u00e1gazatok az els\u0151k k\u00f6z\u00f6tt vannak a m\u0171k\u00f6d\u0151 c\u00e9gek sz\u00e1m\u00e1t tekintve, ennek megfelel\u0151en kiemelked\u0151en sok esetben indult itt k\u00e9nyszert\u00f6rl\u00e9s, illetve v\u00e9gelsz\u00e1mol\u00e1s, valamint t\u00f6bbsz\u00f6r fordult el\u0151 cs\u0151d is, mint a t\u00f6bbi \u00e1gazatban.<br \/>\n    A c\u00e9gek sz\u00e1ma egyetlen megy\u00e9ben sem n\u0151tt a harmadik negyed\u00e9vben. A legnagyobb es\u00e9st sz\u00e1zal\u00e9kban n\u00e9zve Kom\u00e1rom-Esztergom megy\u00e9ben regisztr\u00e1lta a Bisnode, itt 3 sz\u00e1zal\u00e9kkal kevesebb c\u00e9g volt, mint a tavalyi hasonl\u00f3 id\u0151szakban. A legkisebb m\u00e9rt\u00e9kben, 0,1 sz\u00e1zal\u00e9kkal Gy\u0151r-Moson-Sopron megy\u00e9ben cs\u00f6kkent a m\u0171k\u00f6d\u0151 c\u00e9gek sz\u00e1ma. A darabsz\u00e1mot tekintve a f\u0151v\u00e1rosban cs\u00f6kkent legink\u00e1bb a c\u00e9gek sz\u00e1ma, 5145-tel kevesebb c\u00e9g m\u0171k\u00f6d\u00f6tt, mint egy \u00e9vvel kor\u00e1bban.(MTI)<\/p>\n","protected":false},"excerpt":{"rendered":"<p>T\u00f6bb mint nyolcezer c\u00e9ggel kevesebb m\u0171k\u00f6d\u00f6tt Magyarorsz\u00e1gon 2019 harmadik negyed\u00e9v\u00e9nek v\u00e9g\u00e9n, mint egy \u00e9vvel kor\u00e1bban, a c\u00e9gek sz\u00e1m\u00e1nak cs\u00f6kken\u00e9se az el\u0151z\u0151 id\u0151szakokkal ellent\u00e9tben az orsz\u00e1g minden t\u00e9rs\u00e9g\u00e9t \u00e9rinti &#8211; k\u00f6z\u00f6lte negyed\u00e9ves elemz\u00e9se alapj\u00e1n a Bisnode Magyarorsz\u00e1g h\u00e9tf\u0151n az MTI-vel.<\/p>\n","protected":false},"author":1,"featured_media":0,"comment_status":"closed","ping_status":"open","sticky":false,"template":"","format":"standard","meta":[],"categories":[19],"tags":[],"_links":{"self":[{"href":"https:\/\/gazdasagportal.hu\/index.php\/wp-json\/wp\/v2\/posts\/120610"}],"collection":[{"href":"https:\/\/gazdasagportal.hu\/index.php\/wp-json\/wp\/v2\/posts"}],"about":[{"href":"https:\/\/gazdasagportal.hu\/index.php\/wp-json\/wp\/v2\/types\/post"}],"author":[{"embeddable":true,"href":"https:\/\/gazdasagportal.hu\/index.php\/wp-json\/wp\/v2\/users\/1"}],"replies":[{"embeddable":true,"href":"https:\/\/gazdasagportal.hu\/index.php\/wp-json\/wp\/v2\/comments?post=120610"}],"version-history":[{"count":1,"href":"https:\/\/gazdasagportal.hu\/index.php\/wp-json\/wp\/v2\/posts\/120610\/revisions"}],"predecessor-version":[{"id":120611,"href":"https:\/\/gazdasagportal.hu\/index.php\/wp-json\/wp\/v2\/posts\/120610\/revisions\/120611"}],"wp:attachment":[{"href":"https:\/\/gazdasagportal.hu\/index.php\/wp-json\/wp\/v2\/media?parent=120610"}],"wp:term":[{"taxonomy":"category","embeddable":true,"href":"https:\/\/gazdasagportal.hu\/index.php\/wp-json\/wp\/v2\/categories?post=120610"},{"taxonomy":"post_tag","embeddable":true,"href":"https:\/\/gazdasagportal.hu\/index.php\/wp-json\/wp\/v2\/tags?post=120610"}],"curies":[{"name":"wp","href":"https:\/\/api.w.org\/{rel}","templated":true}]}}