{"id":120606,"date":"2019-10-21T13:20:12","date_gmt":"2019-10-21T11:20:12","guid":{"rendered":"http:\/\/gazdasagportal.hu\/?p=120606"},"modified":"2019-10-21T13:20:12","modified_gmt":"2019-10-21T11:20:12","slug":"rangos-szakmai-elismeresekkel-jutalmaztak-a-spar-t","status":"publish","type":"post","link":"https:\/\/gazdasagportal.hu\/index.php\/rangos-szakmai-elismeresekkel-jutalmaztak-a-spar-t\/","title":{"rendered":"Rangos szakmai elismer\u00e9sekkel jutalmazt\u00e1k a SPAR-t"},"content":{"rendered":"<p><strong>Az \u00e1ruh\u00e1zl\u00e1nc kereskedelmi \u00e9s marketingmunk\u00e1j\u00e1t id\u00e9n \u0151sszel t\u00f6bb fontos szakmai d\u00edjjal ismert\u00e9k el. Az egyik legjelent\u0151sebb rekl\u00e1mfilm-fesztiv\u00e1l ez\u00fcstszobra, a Magyar Term\u00e9k v\u00e9djegyhaszn\u00e1l\u00f3k d\u00f6nt\u00e9se alapj\u00e1n adom\u00e1nyozott ez\u00fcst\u00e9rem \u00e9s \u201eAz \u00c9v Keresked\u0151je\u201d verseny dobog\u00f3s helyez\u00e9sei mellett k\u00e9t \u00fczlete kateg\u00f3riagy\u0151ztes lett a SuperStore min\u0151s\u00edt\u00e9sen. A v\u00e1llalat \u00e1tvehette a legjobb standnak j\u00e1r\u00f3 elismer\u00e9st is az orsz\u00e1gos \u00e9lelmiszeripari v\u00e1s\u00e1ron, \u00e9s az \u00e9lelmiszer-hullad\u00e9kot cs\u00f6kkent\u0151 programj\u00e1t szint\u00e9n p\u00e9lda\u00e9rt\u00e9k\u0171nek tal\u00e1lt\u00e1k.<\/strong><!--more--><\/p>\n<div class=\"ads-in-post1\"><div id=\"gazdasagportal.hu_fullbanner_wideboard\"><\/div>\r\n<\/div>\n<p>\u201eA SPAR Magyarorsz\u00e1g alap\u00edt\u00e1sa \u00f3ta arra t\u00f6rekszik, hogy a legjobb v\u00e1s\u00e1rl\u00f3i \u00e9lm\u00e9nyt biztos\u00edtsa az \u00fczleteibe bet\u00e9r\u0151knek. A min\u0151s\u00e9gi kereskedelem \u00e9s szolg\u00e1ltat\u00e1sok k\u00edn\u00e1lata az alap, amelyre v\u00e1llalatunk tev\u00e9kenys\u00e9ge \u00e9p\u00fcl. V\u00e1s\u00e1rl\u00f3ink pozit\u00edv visszajelz\u00e9sei mellett az id\u00e9n \u0151sszel kapott n\u00edv\u00f3s szakmai elismer\u00e9sek is igazolj\u00e1k: j\u00f3 \u00faton j\u00e1runk a v\u00e1s\u00e1rl\u00f3k\u00f6z\u00f6ss\u00e9ggel t\u00f6rt\u00e9n\u0151 p\u00e1rbesz\u00e9dben \u00e9s a sz\u00ednvonalas kiszolg\u00e1l\u00e1sukban. A SPAR a j\u00f6v\u0151ben is folytatja fejleszt\u00e9seit \u00e9s beruh\u00e1z\u00e1sait, amelyeket a vev\u0151i el\u00e9gedetts\u00e9g mellett rem\u00e9lhet\u0151leg \u00fajabb d\u00edjakkal is elismernek\u201d \u2013 mondta Maczelka M\u00e1rk, a SPAR Magyarorsz\u00e1g kommunik\u00e1ci\u00f3s vezet\u0151je.<\/p>\n<p><strong>Cannes-i ez\u00fcst a SPAR enjoy. rekl\u00e1mfilmnek<\/strong><\/p><div id=\"gazda-1338325567\" class=\"gazda-tartalomban gazda-entity-placement\"><script async src=\"https:\/\/pagead2.googlesyndication.com\/pagead\/js\/adsbygoogle.js\"><\/script>\r\n<ins class=\"adsbygoogle\"\r\n     style=\"display:block\"\r\n     data-ad-format=\"fluid\"\r\n     data-ad-layout-key=\"-6t+ed+2i-1n-4w\"\r\n     data-ad-client=\"ca-pub-1959107119989764\"\r\n     data-ad-slot=\"4008251320\"><\/ins>\r\n<script>\r\n     (adsbygoogle = window.adsbygoogle || []).push({});\r\n<\/script><\/div>\n<p>A k\u00e9t \u00e9vvel kor\u00e1bbi nemzetk\u00f6zi siker ut\u00e1n 2019-ben is ez\u00fcstszoborral jutalmazt\u00e1k a v\u00e1llalatot: Ez\u00fcst Delfin-d\u00edjat nyert a SPAR enjoy. m\u00e1rka t\u00e9v\u00e9rekl\u00e1mja az idei Cannes-i Corporate Media &amp; TV Awards verseny \u201eMarketing Communication \u2013 B2C\u201d kateg\u00f3ri\u00e1j\u00e1ban. A rangos elismer\u00e9st minden \u00e9vben a vil\u00e1g legkiv\u00e1l\u00f3bb v\u00e1llalati filmjeinek, online m\u00e9dia \u00e9s telev\u00edzi\u00f3s dokumentumfilmjeinek \u00edt\u00e9lik oda. A formabont\u00f3 anim\u00e1ci\u00f3kat tartalmaz\u00f3 kisfilm arra h\u00edvja fel a v\u00e1s\u00e1rl\u00f3k figyelm\u00e9t, hogy sok id\u0151t sp\u00f3rolhatnak azzal, ha a SPAR enjoy. k\u00e9szterm\u00e9k-finoms\u00e1gait v\u00e1lasztj\u00e1k. A d\u00edjnyertes alkot\u00e1s a v\u00e1llalat marketingoszt\u00e1lya, a Greenroom Rekl\u00e1m\u00fcgyn\u00f6ks\u00e9g \u00e9s az I\u2019m Film k\u00f6z\u00f6s munk\u00e1j\u00e1t dics\u00e9ri.<\/p>\n<p><strong>Dobog\u00f3s helyez\u00e9sek \u201eAz \u00c9v Keresked\u0151je\u201d versenyen<\/strong><\/p>\n<p>Az \u00e1ruh\u00e1zl\u00e1ncot 2019-ben is t\u00f6bb fontos kereskedelem- \u00e9s marketingszakmai d\u00edjjal jutalmazt\u00e1k. A SPAR d\u00edjat nyert t\u00f6bbek k\u00f6z\u00f6tt a \u201eAz \u00c9v Keresked\u0151je\u201d versenyen. A Mastercard t\u00e1mogat\u00e1s\u00e1val szervezett megm\u00e9rettet\u00e9sen negyedik \u00e9ve honor\u00e1lj\u00e1k Magyarorsz\u00e1g leginnovat\u00edvabb keresked\u0151it. A szervez\u0151k c\u00e9lja, hogy elismerj\u00e9k a legjobb megold\u00e1sokat, valamint \u00f6szt\u00f6nz\u00e9s\u00fcl szolg\u00e1ljanak az \u00fczletek \u00e9s szolg\u00e1ltat\u00f3k sz\u00e1m\u00e1ra, el\u0151seg\u00edtve a hazai piac min\u00e9l gyorsabb fejl\u0151d\u00e9s\u00e9t. A SPAR Magyarorsz\u00e1g a szakmai f\u00f3rumon \u201eAz \u00c9v Keresked\u0151je\u201d kateg\u00f3ri\u00e1ban harmadik, \u201eA legjobb in-store \u00fcgyf\u00e9l\u00e9lm\u00e9ny\u201d kateg\u00f3ri\u00e1ban pedig a m\u00e1sodik helyez\u00e9st \u00e9rte el.<\/p>\n<div class=\"ads-in-post2\"><script async src=\"https:\/\/pagead2.googlesyndication.com\/pagead\/js\/adsbygoogle.js\"><\/script>\r\n<ins class=\"adsbygoogle\"\r\n     style=\"display:block\"\r\n     data-ad-format=\"fluid\"\r\n     data-ad-layout-key=\"-6t+ed+2i-1n-4w\"\r\n     data-ad-client=\"ca-pub-1959107119989764\"\r\n     data-ad-slot=\"4008251320\"><\/ins>\r\n<script>\r\n     (adsbygoogle = window.adsbygoogle || []).push({});\r\n<\/script><\/div>\n<strong>D\u00edjak a hazai \u00e1ruk kereskedelm\u00e9nek t\u00e1mogat\u00e1s\u00e1\u00e9rt<\/strong><\/p>\n<p>A SPAR a Magyar Term\u00e9kek\u00e9rt Kereskedelmi N\u00edv\u00f3d\u00edj\u00e9rt ki\u00edrt versenyen szoros k\u00fczdelemben, 170 gy\u00e1rt\u00f3c\u00e9g szavazatai alapj\u00e1n ez\u00fcst\u00e9rmes lett, a hazai \u00e1rukat el\u0151t\u00e9rbe helyez\u0151 aktivit\u00e1s\u00e1val pedig egy k\u00fcl\u00f6nd\u00edjat is ki\u00e9rdemelt. A Magyar Term\u00e9k Nonprofit Kft. \u00e9s a Trade Magazin id\u00e9n m\u00e1sodik alkalommal hirdette meg a verseny\u00e9t, amelyen azokat a kereskedelmi t\u00e1rsas\u00e1gokat d\u00edjazt\u00e1k, akik a Magyar Term\u00e9k v\u00e9djegyhaszn\u00e1l\u00f3k \u00e9s a szakmai zs\u0171ri v\u00e9lem\u00e9nye szerint a legt\u00f6bbet tett\u00e9k a hazai term\u00e9kek \u00e9rt\u00e9kes\u00edt\u00e9s\u00e9\u00e9rt \u00e9s n\u00e9pszer\u0171s\u00edt\u00e9s\u00e9\u00e9rt. Az \u00e9rt\u00e9kel\u00e9sn\u00e9l sz\u00e1m\u00edtott a Magyar Term\u00e9k v\u00e9djegyes term\u00e9kek forgalma az adott \u00fczletl\u00e1ncban, a v\u00e9djegyes \u00e1ruk megjelen\u00e9s\u00e9re k\u00edn\u00e1lt fel\u00fcletekkel, lehet\u0151s\u00e9gekkel val\u00f3 el\u00e9gedetts\u00e9g, a kereskedelmi c\u00e9gn\u00e9l a v\u00e9djegyes term\u00e9kekkel kapcsolatos prom\u00f3ci\u00f3k sikeress\u00e9ge, valamint az \u00fczletl\u00e1nc bemutatkoz\u00f3j\u00e1nak \u00e9rt\u00e9kel\u00e9se.<\/p>\n<p><strong>Legjobb ki\u00e1ll\u00edt\u00f3 a SPAR<\/strong><\/p>\n<p>A 79. Orsz\u00e1gos Mez\u0151gazdas\u00e1gi \u00e9s \u00c9lelmiszeripari Ki\u00e1ll\u00edt\u00e1s \u00e9s V\u00e1s\u00e1ron a SPAR a helysz\u00edni kitelep\u00fcl\u00e9s\u00e9vel elnyerte a legjobb ki\u00e1ll\u00edt\u00e1si koncepci\u00f3 d\u00edj\u00e1t. Az \u00fczletl\u00e1nc standj\u00e1n a SPAR enjoy. m\u00e1rka k\u00e9szterm\u00e9k-k\u00edn\u00e1lat\u00e1ba nyerhettek betekint\u00e9st az \u00e9rdekl\u0151d\u0151k, valamint megismerhett\u00e9k a SPAR \u00c9letm\u00f3d program legjobb term\u00e9keit \u00e9s az id\u00e9n 15 \u00e9ves Regnum H\u00fas\u00fczem n\u00e9h\u00e1ny finoms\u00e1g\u00e1t is.<\/p>\n<p><strong>K\u00f6z\u00f6sen az \u00e9lelmiszer-pazarl\u00e1s ellen<\/strong><\/p>\n<p>A v\u00e1llalat \u00e9lelmiszerhullad\u00e9k-cs\u00f6kkent\u0151 programj\u00e1val az OM\u00c9K \u00c9lelmiszer-pazarl\u00e1s Megel\u0151z\u00e9s\u00e9\u00e9rt D\u00edj \u00e9lelmiszer-kereskedelem kateg\u00f3ria m\u00e1sodik helyezettj\u00e9nek j\u00e1r\u00f3 d\u00edszoklevelet \u00e9rdemelte ki. Az elismer\u00e9ssel azokat a hat\u00e9kony \u00e9s p\u00e9ldamutat\u00f3 v\u00e1llalati gyakorlatokat d\u00edjazt\u00e1k, amelyek \u00fagy k\u00e9pesek eredm\u00e9nyesen cs\u00f6kkenteni a m\u0171k\u00f6d\u00e9s sor\u00e1n keletkez\u0151 \u00e9lelmiszer-hullad\u00e9k mennyis\u00e9g\u00e9t, hogy k\u00f6zben szinten tudt\u00e1k tartani termel\u00e9si hat\u00e9konys\u00e1gukat, gazd\u00e1lkod\u00e1si mutat\u00f3ikat.<\/p>\n<p><strong>Kit\u00fcntetett \u00e1ruh\u00e1zak<\/strong><\/p>\n<p>A Trade Magazin SuperStore min\u0151s\u00edt\u00e9s\u00e9n olyan \u00e1ruh\u00e1zak indultak es\u00e9llyel, ahol az \u00e9rt\u00e9kes\u00edt\u00e9si koncepci\u00f3nak legink\u00e1bb megfelel\u0151 a diz\u00e1jn, a c\u00e9lcsoport ig\u00e9nyeivel harmoniz\u00e1l a k\u00fcls\u0151 \u00e9s bels\u0151 bolti megjelen\u00e9s, az \u00e1rubemutat\u00e1s, a szem\u00e9lyzet, a kiszolg\u00e1l\u00e1s, \u00e9s mindez visszak\u00f6sz\u00f6n a kommunik\u00e1ci\u00f3ban is. A verseny \u00fajabb sikereket hozott a c\u00e9g sz\u00e1m\u00e1ra: a miskolci INTERSPAR \u00e9s a budapesti, Batthy\u00e1ny t\u00e9ri szupermarket h\u00e1rom d\u00edjat is ki\u00e9rdemelt. A tavaly teljes k\u00f6r\u0171en \u00e1talak\u00edtott miskolci \u00e1ruh\u00e1z a hipermarket kateg\u00f3ri\u00e1ban els\u0151 helyez\u00e9st \u00e9rt el, m\u00edg a szupermarketek k\u00f6z\u00f6tt a szint\u00e9n nemr\u00e9g moderniz\u00e1lt, Batthy\u00e1ny t\u00e9ri V\u00e1s\u00e1rcsarnokban l\u00e9v\u0151 SPAR \u00fczlet v\u00e9gzett az \u00e9len. Ut\u00f3bbi budapesti \u00e1ruh\u00e1z \u2013 a legmagasabb pontsz\u00e1mot el\u00e9r\u0151 p\u00e1ly\u00e1z\u00f3k\u00e9nt \u2013 a kit\u00fcntet\u0151 Store of the Year Hungary 2019 c\u00edmet is ki\u00e9rdemelte a versenyen.<\/p>\n","protected":false},"excerpt":{"rendered":"<p>Az \u00e1ruh\u00e1zl\u00e1nc kereskedelmi \u00e9s marketingmunk\u00e1j\u00e1t id\u00e9n \u0151sszel t\u00f6bb fontos szakmai d\u00edjjal ismert\u00e9k el. Az egyik legjelent\u0151sebb rekl\u00e1mfilm-fesztiv\u00e1l ez\u00fcstszobra, a Magyar Term\u00e9k v\u00e9djegyhaszn\u00e1l\u00f3k d\u00f6nt\u00e9se alapj\u00e1n adom\u00e1nyozott ez\u00fcst\u00e9rem \u00e9s \u201eAz \u00c9v Keresked\u0151je\u201d verseny dobog\u00f3s helyez\u00e9sei mellett k\u00e9t \u00fczlete kateg\u00f3riagy\u0151ztes lett a SuperStore min\u0151s\u00edt\u00e9sen. A v\u00e1llalat \u00e1tvehette a legjobb standnak j\u00e1r\u00f3 elismer\u00e9st is az orsz\u00e1gos \u00e9lelmiszeripari v\u00e1s\u00e1ron, \u00e9s &#8230;<\/p>\n","protected":false},"author":1,"featured_media":0,"comment_status":"closed","ping_status":"open","sticky":false,"template":"","format":"standard","meta":[],"categories":[19],"tags":[],"_links":{"self":[{"href":"https:\/\/gazdasagportal.hu\/index.php\/wp-json\/wp\/v2\/posts\/120606"}],"collection":[{"href":"https:\/\/gazdasagportal.hu\/index.php\/wp-json\/wp\/v2\/posts"}],"about":[{"href":"https:\/\/gazdasagportal.hu\/index.php\/wp-json\/wp\/v2\/types\/post"}],"author":[{"embeddable":true,"href":"https:\/\/gazdasagportal.hu\/index.php\/wp-json\/wp\/v2\/users\/1"}],"replies":[{"embeddable":true,"href":"https:\/\/gazdasagportal.hu\/index.php\/wp-json\/wp\/v2\/comments?post=120606"}],"version-history":[{"count":1,"href":"https:\/\/gazdasagportal.hu\/index.php\/wp-json\/wp\/v2\/posts\/120606\/revisions"}],"predecessor-version":[{"id":120607,"href":"https:\/\/gazdasagportal.hu\/index.php\/wp-json\/wp\/v2\/posts\/120606\/revisions\/120607"}],"wp:attachment":[{"href":"https:\/\/gazdasagportal.hu\/index.php\/wp-json\/wp\/v2\/media?parent=120606"}],"wp:term":[{"taxonomy":"category","embeddable":true,"href":"https:\/\/gazdasagportal.hu\/index.php\/wp-json\/wp\/v2\/categories?post=120606"},{"taxonomy":"post_tag","embeddable":true,"href":"https:\/\/gazdasagportal.hu\/index.php\/wp-json\/wp\/v2\/tags?post=120606"}],"curies":[{"name":"wp","href":"https:\/\/api.w.org\/{rel}","templated":true}]}}